{"id":3863,"date":"2025-09-01T20:19:05","date_gmt":"2025-09-02T00:19:05","guid":{"rendered":"https:\/\/obispadoarica.cl\/home\/?p=3863"},"modified":"2025-09-01T20:19:06","modified_gmt":"2025-09-02T00:19:06","slug":"conferencia-episcopal-ante-fallecimiento-de-obispo-goic-busco-situar-en-el-centro-a-los-mas-pobres-y-postergados-de-nuestra-patria","status":"publish","type":"post","link":"https:\/\/obispadoarica.cl\/home\/conferencia-episcopal-ante-fallecimiento-de-obispo-goic-busco-situar-en-el-centro-a-los-mas-pobres-y-postergados-de-nuestra-patria\/","title":{"rendered":"Conferencia Episcopal ante fallecimiento de Obispo Goic: busc\u00f3 situar en el centro a los m\u00e1s pobres y postergados de nuestra patria"},"content":{"rendered":"\n\n\n<p><em>Con esperanza en la resurrecci\u00f3n de Cristo, los obispos del Comit\u00e9 Permanente de la Conferencia Episcopal de Chile (CECh), dieron a conocer un mensaje tras el fallecimiento de Mons. Alejandro Goic Karmelic (1940 \u2013 2025), Obispo em\u00e9rito de Rancagua.<\/em><\/p>\n\n\n\n<p>\u201cNos unimos al dolor por el fallecimiento de Mons. Alejandro Goic Karmelic\u201d y \u201cdamos gracias a Dios por su vida y ministerio\u201d, se\u00f1alan los pastores.<\/p>\n\n\n\n<p>El mensaje recuerda su largo servicio pastoral, relevando que fue Presidente de la CECh durante dos per\u00edodos consecutivos entre 2004 y 2010. Tambi\u00e9n se destaca su aporte a la pastoral juvenil desde el CELAM, al S\u00ednodo de los Obispos y a la IV Conferencia del Episcopado Latinoamericano de Santo Domingo, adem\u00e1s de su impulso de la Primera Asamblea Eclesial Nacional (2007), \u201cmanifestando su preocupaci\u00f3n por la participaci\u00f3n y la misi\u00f3n evangelizadora del Pueblo de Dios\u201d. Asimismo, destacan \u201csu conocida sensibilidad social, expresada en gestos y palabras que buscaban situar en el centro a los m\u00e1s pobres y postergados de nuestra patria.<\/p>\n\n\n\n<p>Recuerdan tambi\u00e9n, que Mons. Goic fue presidente del Consejo Nacional de Prevenci\u00f3n de Abusos y Acompa\u00f1amiento de V\u00edctimas, promoviendo las orientaciones Cuidado y Esperanza y alentando \u201cun trabajo de escucha y acogida hacia quienes han sufrido estas dolorosas y graves situaciones. Tras su partida, como Obispos asumimos su legado de compromiso y humildad, de aprendizaje, reparaci\u00f3n y sobre todo de prevenci\u00f3n para que estos sufrimientos no se repitan\u201d.<\/p>\n\n\n\n<p>Finalmente, los obispos encomiendan su alma a la misericordia del Se\u00f1or Resucitado: \u201cRezamos por su eterno descanso, su familia y las comunidades que acompa\u00f1\u00f3. Que Cristo Buen Pastor, a quien entreg\u00f3 su vida, lo reciba en su paz y plenitud\u201d.<\/p>\n\n\n\n<p>Firman el mensaje, el Arzobispo de La Serena Ren\u00e9 Rebolledo Salinas, Presidente del Episcopado; el Arzobispo de Antofagasta Ignacio Ducasse Medina, Vicepresidente; el Arzobispo de Santiago, Card. Fernando Chomali Garib; el Obispo de San Bernardo Juan Ignacio Gonz\u00e1lez Err\u00e1zuriz; y el Obispo de Santa Mar\u00eda de Los \u00c1ngeles, Cristi\u00e1n Castro Toovey, Secretario General.<\/p>\n\n\n\n<p><strong>Noticia relacionada:\u00a0<\/strong><a href=\"https:\/\/www.iglesia.cl\/49079-monsenor-alejandro-goic-karmelic-una-vida-entregada-a-la-iglesia.html\" target=\"_blank\" rel=\"noreferrer noopener\">Monse\u00f1or Alejandro Goic Karmelic: Una vida entregada a la Iglesia<\/a><br><strong>Fuente: Comunicaciones CECh, Iglesia.cl<\/strong><br><em>Santiago, 01-09-2025<\/em><\/p>\n\n\n\n<p><\/p>\n\n\n\n<div data-wp-interactive=\"core\/file\" class=\"wp-block-file\"><object data-wp-bind--hidden=\"!state.hasPdfPreview\" hidden class=\"wp-block-file__embed\" data=\"https:\/\/obispadoarica.cl\/home\/wp-content\/uploads\/2025\/09\/Mensaje-CP-por-Mons-Goic.pdf\" type=\"application\/pdf\" style=\"width:100%;height:600px\" aria-label=\"Incrustado de Mensaje CP por  Mons Goic.\"><\/object><a id=\"wp-block-file--media-cf8f5cc7-99d4-4319-82ec-44c6c4eef0ff\" href=\"https:\/\/obispadoarica.cl\/home\/wp-content\/uploads\/2025\/09\/Mensaje-CP-por-Mons-Goic.pdf\">Mensaje CP por  Mons Goic<\/a><a href=\"https:\/\/obispadoarica.cl\/home\/wp-content\/uploads\/2025\/09\/Mensaje-CP-por-Mons-Goic.pdf\" class=\"wp-block-file__button wp-element-button\" download aria-describedby=\"wp-block-file--media-cf8f5cc7-99d4-4319-82ec-44c6c4eef0ff\">Descarga<\/a><\/div>\n","protected":false},"excerpt":{"rendered":"<p>Con esperanza en la resurrecci\u00f3n de Cristo, los obispos del Comit\u00e9 Permanente de la Conferencia Episcopal de Chile (CECh), dieron a conocer un mensaje tras el fallecimiento de Mons. Alejandro Goic Karmelic (1940 \u2013 2025), Obispo em\u00e9rito de Rancagua. \u201cNos unimos al dolor por el fallecimiento de Mons. Alejandro Goic Karmelic\u201d y \u201cdamos gracias a [&#8230;]\n","protected":false},"author":2,"featured_media":3864,"comment_status":"closed","ping_status":"open","sticky":false,"template":"","format":"standard","meta":{"footnotes":""},"categories":[7],"tags":[],"class_list":["post-3863","post","type-post","status-publish","format-standard","has-post-thumbnail","hentry","category-noticias"],"yoast_head":"<!-- This site is optimized with the Yoast SEO plugin v24.6 - https:\/\/yoast.com\/wordpress\/plugins\/seo\/ -->\n<title>Conferencia Episcopal ante fallecimiento de Obispo Goic: busc\u00f3 situar en el centro a los m\u00e1s pobres y postergados de nuestra patria - Obispado San Marcos de Arica<\/title>\n<meta name=\"robots\" content=\"index, follow, max-snippet:-1, max-image-preview:large, max-video-preview:-1\" \/>\n<link rel=\"canonical\" href=\"https:\/\/obispadoarica.cl\/home\/conferencia-episcopal-ante-fallecimiento-de-obispo-goic-busco-situar-en-el-centro-a-los-mas-pobres-y-postergados-de-nuestra-patria\/\" \/>\n<meta property=\"og:locale\" content=\"es_ES\" \/>\n<meta property=\"og:type\" content=\"article\" \/>\n<meta property=\"og:title\" content=\"Conferencia Episcopal ante fallecimiento de Obispo Goic: busc\u00f3 situar en el centro a los m\u00e1s pobres y postergados de nuestra patria - Obispado San Marcos de Arica\" \/>\n<meta property=\"og:description\" content=\"Con esperanza en la resurrecci\u00f3n de Cristo, los obispos del Comit\u00e9 Permanente de la Conferencia Episcopal de Chile (CECh), dieron a conocer un mensaje tras el fallecimiento de Mons. Alejandro Goic Karmelic (1940 \u2013 2025), Obispo em\u00e9rito de Rancagua. \u201cNos unimos al dolor por el fallecimiento de Mons. Alejandro Goic Karmelic\u201d y \u201cdamos gracias a [...]\" \/>\n<meta property=\"og:url\" content=\"https:\/\/obispadoarica.cl\/home\/conferencia-episcopal-ante-fallecimiento-de-obispo-goic-busco-situar-en-el-centro-a-los-mas-pobres-y-postergados-de-nuestra-patria\/\" \/>\n<meta property=\"og:site_name\" content=\"Obispado San Marcos de Arica\" \/>\n<meta property=\"article:published_time\" content=\"2025-09-02T00:19:05+00:00\" \/>\n<meta property=\"article:modified_time\" content=\"2025-09-02T00:19:06+00:00\" \/>\n<meta property=\"og:image\" content=\"https:\/\/obispadoarica.cl\/home\/wp-content\/uploads\/2025\/09\/Gale68b60361e96b7_01092025_534pm-1.jpg\" \/>\n\t<meta property=\"og:image:width\" content=\"1000\" \/>\n\t<meta property=\"og:image:height\" content=\"563\" \/>\n\t<meta property=\"og:image:type\" content=\"image\/jpeg\" \/>\n<meta name=\"author\" content=\"Obispado de Arica\" \/>\n<meta name=\"twitter:card\" content=\"summary_large_image\" \/>\n<meta name=\"twitter:label1\" content=\"Escrito por\" \/>\n\t<meta name=\"twitter:data1\" content=\"Obispado de Arica\" \/>\n\t<meta name=\"twitter:label2\" content=\"Tiempo de lectura\" \/>\n\t<meta name=\"twitter:data2\" content=\"2 minutos\" \/>\n<script type=\"application\/ld+json\" class=\"yoast-schema-graph\">{\"@context\":\"https:\/\/schema.org\",\"@graph\":[{\"@type\":\"WebPage\",\"@id\":\"https:\/\/obispadoarica.cl\/home\/conferencia-episcopal-ante-fallecimiento-de-obispo-goic-busco-situar-en-el-centro-a-los-mas-pobres-y-postergados-de-nuestra-patria\/\",\"url\":\"https:\/\/obispadoarica.cl\/home\/conferencia-episcopal-ante-fallecimiento-de-obispo-goic-busco-situar-en-el-centro-a-los-mas-pobres-y-postergados-de-nuestra-patria\/\",\"name\":\"Conferencia Episcopal ante fallecimiento de Obispo Goic: busc\u00f3 situar en el centro a los m\u00e1s pobres y postergados de nuestra patria - Obispado San Marcos de Arica\",\"isPartOf\":{\"@id\":\"https:\/\/obispadoarica.cl\/home\/#website\"},\"primaryImageOfPage\":{\"@id\":\"https:\/\/obispadoarica.cl\/home\/conferencia-episcopal-ante-fallecimiento-de-obispo-goic-busco-situar-en-el-centro-a-los-mas-pobres-y-postergados-de-nuestra-patria\/#primaryimage\"},\"image\":{\"@id\":\"https:\/\/obispadoarica.cl\/home\/conferencia-episcopal-ante-fallecimiento-de-obispo-goic-busco-situar-en-el-centro-a-los-mas-pobres-y-postergados-de-nuestra-patria\/#primaryimage\"},\"thumbnailUrl\":\"https:\/\/obispadoarica.cl\/home\/wp-content\/uploads\/2025\/09\/Gale68b60361e96b7_01092025_534pm-1.jpg\",\"datePublished\":\"2025-09-02T00:19:05+00:00\",\"dateModified\":\"2025-09-02T00:19:06+00:00\",\"author\":{\"@id\":\"https:\/\/obispadoarica.cl\/home\/#\/schema\/person\/1a8f4c2a3418412187dff039ecf9d97e\"},\"breadcrumb\":{\"@id\":\"https:\/\/obispadoarica.cl\/home\/conferencia-episcopal-ante-fallecimiento-de-obispo-goic-busco-situar-en-el-centro-a-los-mas-pobres-y-postergados-de-nuestra-patria\/#breadcrumb\"},\"inLanguage\":\"es\",\"potentialAction\":[{\"@type\":\"ReadAction\",\"target\":[\"https:\/\/obispadoarica.cl\/home\/conferencia-episcopal-ante-fallecimiento-de-obispo-goic-busco-situar-en-el-centro-a-los-mas-pobres-y-postergados-de-nuestra-patria\/\"]}]},{\"@type\":\"ImageObject\",\"inLanguage\":\"es\",\"@id\":\"https:\/\/obispadoarica.cl\/home\/conferencia-episcopal-ante-fallecimiento-de-obispo-goic-busco-situar-en-el-centro-a-los-mas-pobres-y-postergados-de-nuestra-patria\/#primaryimage\",\"url\":\"https:\/\/obispadoarica.cl\/home\/wp-content\/uploads\/2025\/09\/Gale68b60361e96b7_01092025_534pm-1.jpg\",\"contentUrl\":\"https:\/\/obispadoarica.cl\/home\/wp-content\/uploads\/2025\/09\/Gale68b60361e96b7_01092025_534pm-1.jpg\",\"width\":1000,\"height\":563},{\"@type\":\"BreadcrumbList\",\"@id\":\"https:\/\/obispadoarica.cl\/home\/conferencia-episcopal-ante-fallecimiento-de-obispo-goic-busco-situar-en-el-centro-a-los-mas-pobres-y-postergados-de-nuestra-patria\/#breadcrumb\",\"itemListElement\":[{\"@type\":\"ListItem\",\"position\":1,\"name\":\"Portada\",\"item\":\"https:\/\/obispadoarica.cl\/home\/\"},{\"@type\":\"ListItem\",\"position\":2,\"name\":\"Conferencia Episcopal ante fallecimiento de Obispo Goic: busc\u00f3 situar en el centro a los m\u00e1s pobres y postergados de nuestra patria\"}]},{\"@type\":\"WebSite\",\"@id\":\"https:\/\/obispadoarica.cl\/home\/#website\",\"url\":\"https:\/\/obispadoarica.cl\/home\/\",\"name\":\"Obispado San Marcos de Arica\",\"description\":\"Di\u00f3cesis San Marcos de Arica\",\"potentialAction\":[{\"@type\":\"SearchAction\",\"target\":{\"@type\":\"EntryPoint\",\"urlTemplate\":\"https:\/\/obispadoarica.cl\/home\/?s={search_term_string}\"},\"query-input\":{\"@type\":\"PropertyValueSpecification\",\"valueRequired\":true,\"valueName\":\"search_term_string\"}}],\"inLanguage\":\"es\"},{\"@type\":\"Person\",\"@id\":\"https:\/\/obispadoarica.cl\/home\/#\/schema\/person\/1a8f4c2a3418412187dff039ecf9d97e\",\"name\":\"Obispado de Arica\",\"image\":{\"@type\":\"ImageObject\",\"inLanguage\":\"es\",\"@id\":\"https:\/\/obispadoarica.cl\/home\/#\/schema\/person\/image\/\",\"url\":\"https:\/\/secure.gravatar.com\/avatar\/c75d5ceafb11502016ed664658884b0b1b183fa6f96260878f47ac58f950c8d9?s=96&d=mm&r=g\",\"contentUrl\":\"https:\/\/secure.gravatar.com\/avatar\/c75d5ceafb11502016ed664658884b0b1b183fa6f96260878f47ac58f950c8d9?s=96&d=mm&r=g\",\"caption\":\"Obispado de Arica\"},\"url\":\"https:\/\/obispadoarica.cl\/home\/author\/c1300590\/\"}]}<\/script>\n<!-- \/ Yoast SEO plugin. -->","yoast_head_json":{"title":"Conferencia Episcopal ante fallecimiento de Obispo Goic: busc\u00f3 situar en el centro a los m\u00e1s pobres y postergados de nuestra patria - Obispado San Marcos de Arica","robots":{"index":"index","follow":"follow","max-snippet":"max-snippet:-1","max-image-preview":"max-image-preview:large","max-video-preview":"max-video-preview:-1"},"canonical":"https:\/\/obispadoarica.cl\/home\/conferencia-episcopal-ante-fallecimiento-de-obispo-goic-busco-situar-en-el-centro-a-los-mas-pobres-y-postergados-de-nuestra-patria\/","og_locale":"es_ES","og_type":"article","og_title":"Conferencia Episcopal ante fallecimiento de Obispo Goic: busc\u00f3 situar en el centro a los m\u00e1s pobres y postergados de nuestra patria - Obispado San Marcos de Arica","og_description":"Con esperanza en la resurrecci\u00f3n de Cristo, los obispos del Comit\u00e9 Permanente de la Conferencia Episcopal de Chile (CECh), dieron a conocer un mensaje tras el fallecimiento de Mons. Alejandro Goic Karmelic (1940 \u2013 2025), Obispo em\u00e9rito de Rancagua. \u201cNos unimos al dolor por el fallecimiento de Mons. Alejandro Goic Karmelic\u201d y \u201cdamos gracias a [...]","og_url":"https:\/\/obispadoarica.cl\/home\/conferencia-episcopal-ante-fallecimiento-de-obispo-goic-busco-situar-en-el-centro-a-los-mas-pobres-y-postergados-de-nuestra-patria\/","og_site_name":"Obispado San Marcos de Arica","article_published_time":"2025-09-02T00:19:05+00:00","article_modified_time":"2025-09-02T00:19:06+00:00","og_image":[{"width":1000,"height":563,"url":"https:\/\/obispadoarica.cl\/home\/wp-content\/uploads\/2025\/09\/Gale68b60361e96b7_01092025_534pm-1.jpg","type":"image\/jpeg"}],"author":"Obispado de Arica","twitter_card":"summary_large_image","twitter_misc":{"Escrito por":"Obispado de Arica","Tiempo de lectura":"2 minutos"},"schema":{"@context":"https:\/\/schema.org","@graph":[{"@type":"WebPage","@id":"https:\/\/obispadoarica.cl\/home\/conferencia-episcopal-ante-fallecimiento-de-obispo-goic-busco-situar-en-el-centro-a-los-mas-pobres-y-postergados-de-nuestra-patria\/","url":"https:\/\/obispadoarica.cl\/home\/conferencia-episcopal-ante-fallecimiento-de-obispo-goic-busco-situar-en-el-centro-a-los-mas-pobres-y-postergados-de-nuestra-patria\/","name":"Conferencia Episcopal ante fallecimiento de Obispo Goic: busc\u00f3 situar en el centro a los m\u00e1s pobres y postergados de nuestra patria - Obispado San Marcos de Arica","isPartOf":{"@id":"https:\/\/obispadoarica.cl\/home\/#website"},"primaryImageOfPage":{"@id":"https:\/\/obispadoarica.cl\/home\/conferencia-episcopal-ante-fallecimiento-de-obispo-goic-busco-situar-en-el-centro-a-los-mas-pobres-y-postergados-de-nuestra-patria\/#primaryimage"},"image":{"@id":"https:\/\/obispadoarica.cl\/home\/conferencia-episcopal-ante-fallecimiento-de-obispo-goic-busco-situar-en-el-centro-a-los-mas-pobres-y-postergados-de-nuestra-patria\/#primaryimage"},"thumbnailUrl":"https:\/\/obispadoarica.cl\/home\/wp-content\/uploads\/2025\/09\/Gale68b60361e96b7_01092025_534pm-1.jpg","datePublished":"2025-09-02T00:19:05+00:00","dateModified":"2025-09-02T00:19:06+00:00","author":{"@id":"https:\/\/obispadoarica.cl\/home\/#\/schema\/person\/1a8f4c2a3418412187dff039ecf9d97e"},"breadcrumb":{"@id":"https:\/\/obispadoarica.cl\/home\/conferencia-episcopal-ante-fallecimiento-de-obispo-goic-busco-situar-en-el-centro-a-los-mas-pobres-y-postergados-de-nuestra-patria\/#breadcrumb"},"inLanguage":"es","potentialAction":[{"@type":"ReadAction","target":["https:\/\/obispadoarica.cl\/home\/conferencia-episcopal-ante-fallecimiento-de-obispo-goic-busco-situar-en-el-centro-a-los-mas-pobres-y-postergados-de-nuestra-patria\/"]}]},{"@type":"ImageObject","inLanguage":"es","@id":"https:\/\/obispadoarica.cl\/home\/conferencia-episcopal-ante-fallecimiento-de-obispo-goic-busco-situar-en-el-centro-a-los-mas-pobres-y-postergados-de-nuestra-patria\/#primaryimage","url":"https:\/\/obispadoarica.cl\/home\/wp-content\/uploads\/2025\/09\/Gale68b60361e96b7_01092025_534pm-1.jpg","contentUrl":"https:\/\/obispadoarica.cl\/home\/wp-content\/uploads\/2025\/09\/Gale68b60361e96b7_01092025_534pm-1.jpg","width":1000,"height":563},{"@type":"BreadcrumbList","@id":"https:\/\/obispadoarica.cl\/home\/conferencia-episcopal-ante-fallecimiento-de-obispo-goic-busco-situar-en-el-centro-a-los-mas-pobres-y-postergados-de-nuestra-patria\/#breadcrumb","itemListElement":[{"@type":"ListItem","position":1,"name":"Portada","item":"https:\/\/obispadoarica.cl\/home\/"},{"@type":"ListItem","position":2,"name":"Conferencia Episcopal ante fallecimiento de Obispo Goic: busc\u00f3 situar en el centro a los m\u00e1s pobres y postergados de nuestra patria"}]},{"@type":"WebSite","@id":"https:\/\/obispadoarica.cl\/home\/#website","url":"https:\/\/obispadoarica.cl\/home\/","name":"Obispado San Marcos de Arica","description":"Di\u00f3cesis San Marcos de Arica","potentialAction":[{"@type":"SearchAction","target":{"@type":"EntryPoint","urlTemplate":"https:\/\/obispadoarica.cl\/home\/?s={search_term_string}"},"query-input":{"@type":"PropertyValueSpecification","valueRequired":true,"valueName":"search_term_string"}}],"inLanguage":"es"},{"@type":"Person","@id":"https:\/\/obispadoarica.cl\/home\/#\/schema\/person\/1a8f4c2a3418412187dff039ecf9d97e","name":"Obispado de Arica","image":{"@type":"ImageObject","inLanguage":"es","@id":"https:\/\/obispadoarica.cl\/home\/#\/schema\/person\/image\/","url":"https:\/\/secure.gravatar.com\/avatar\/c75d5ceafb11502016ed664658884b0b1b183fa6f96260878f47ac58f950c8d9?s=96&d=mm&r=g","contentUrl":"https:\/\/secure.gravatar.com\/avatar\/c75d5ceafb11502016ed664658884b0b1b183fa6f96260878f47ac58f950c8d9?s=96&d=mm&r=g","caption":"Obispado de Arica"},"url":"https:\/\/obispadoarica.cl\/home\/author\/c1300590\/"}]}},"_links":{"self":[{"href":"https:\/\/obispadoarica.cl\/home\/wp-json\/wp\/v2\/posts\/3863","targetHints":{"allow":["GET"]}}],"collection":[{"href":"https:\/\/obispadoarica.cl\/home\/wp-json\/wp\/v2\/posts"}],"about":[{"href":"https:\/\/obispadoarica.cl\/home\/wp-json\/wp\/v2\/types\/post"}],"author":[{"embeddable":true,"href":"https:\/\/obispadoarica.cl\/home\/wp-json\/wp\/v2\/users\/2"}],"replies":[{"embeddable":true,"href":"https:\/\/obispadoarica.cl\/home\/wp-json\/wp\/v2\/comments?post=3863"}],"version-history":[{"count":1,"href":"https:\/\/obispadoarica.cl\/home\/wp-json\/wp\/v2\/posts\/3863\/revisions"}],"predecessor-version":[{"id":3866,"href":"https:\/\/obispadoarica.cl\/home\/wp-json\/wp\/v2\/posts\/3863\/revisions\/3866"}],"wp:featuredmedia":[{"embeddable":true,"href":"https:\/\/obispadoarica.cl\/home\/wp-json\/wp\/v2\/media\/3864"}],"wp:attachment":[{"href":"https:\/\/obispadoarica.cl\/home\/wp-json\/wp\/v2\/media?parent=3863"}],"wp:term":[{"taxonomy":"category","embeddable":true,"href":"https:\/\/obispadoarica.cl\/home\/wp-json\/wp\/v2\/categories?post=3863"},{"taxonomy":"post_tag","embeddable":true,"href":"https:\/\/obispadoarica.cl\/home\/wp-json\/wp\/v2\/tags?post=3863"}],"curies":[{"name":"wp","href":"https:\/\/api.w.org\/{rel}","templated":true}]}}