{"id":3921,"date":"2025-09-12T19:09:31","date_gmt":"2025-09-12T23:09:31","guid":{"rendered":"https:\/\/obispadoarica.cl\/home\/?p=3921"},"modified":"2025-09-12T19:09:33","modified_gmt":"2025-09-12T23:09:33","slug":"obispos-esperan-que-el-senado-no-apruebe-una-ley-de-eutanasia-por-el-bien-comun-y-la-dignidad-humana","status":"publish","type":"post","link":"https:\/\/obispadoarica.cl\/home\/obispos-esperan-que-el-senado-no-apruebe-una-ley-de-eutanasia-por-el-bien-comun-y-la-dignidad-humana\/","title":{"rendered":"Obispos esperan que el Senado no apruebe una ley de eutanasia por el bien com\u00fan y la dignidad humana"},"content":{"rendered":"\n\n\n<p><em>El Comit\u00e9 Permanente de la Conferencia Episcopal de Chile expres\u00f3 su profunda preocupaci\u00f3n ante la aprobaci\u00f3n en la Comisi\u00f3n de Salud del Senado de la idea de legislar sobre un proyecto de ley de eutanasia, propuesta por el Presidente de la Rep\u00fablica.<\/em><\/p>\n\n\n\n<p>A trav\u00e9s de la&nbsp;<a href=\"https:\/\/www.iglesia.cl\/documentos_sac\/10092025_1143am_68c18e82edc7d.pdf\" target=\"_blank\" rel=\"noreferrer noopener\">declaraci\u00f3n<\/a>, los obispos recordaron que esta decisi\u00f3n \u201ccontraviene de manera clara la ense\u00f1anza de la raz\u00f3n natural y reafirmada por la fe cristiana\u201d. Citando a san Juan Pablo II, en la enc\u00edclica Evangelium Vitae, reiteraron que \u201cla eutanasia sigue siendo un acto inadmisible, incluso en casos extremos, ya que constituye \u00abuna grave violaci\u00f3n de la Ley de Dios, en cuanto eliminaci\u00f3n deliberada y moralmente inaceptable de una persona humana\u00bb\u201d (n. 65).<\/p>\n\n\n\n<p><strong>Falsa compasi\u00f3n<\/strong><br>La declaraci\u00f3n tambi\u00e9n subraya que la Doctrina Social de la Iglesia ense\u00f1a que la compasi\u00f3n no justifica disponer de la vida humana. \u201cLa eutanasia es un acto intr\u00ednsecamente malo, en toda ocasi\u00f3n y circunstancia\u201d, citan de la carta Samaritanus bonus (2020). Adem\u00e1s, recuerdan que el Catecismo de la Iglesia Cat\u00f3lica afirma: \u201cCualesquiera que sean los motivos y los medios, la eutanasia directa consiste en poner fin a la vida de personas disminuidas, enfermas o moribundas. Es moralmente inaceptable\u201d (n. 2277). Recuerdan que el Papa Francisco tambi\u00e9n advirti\u00f3 que: \u201cLa eutanasia se presenta a menudo falsamente como una forma de compasi\u00f3n. En cambio, la \u2018compasi\u00f3n\u2019 -que significa \u2018sufrir con\u2019- no implica una acci\u00f3n intencionada para acabar con una vida, sino m\u00e1s bien la voluntad de compartir la carga de las personas que se enfrentan a la \u00faltima parte de nuestro peregrinaje terrenal\u201d (Mensaje para el Simposio sobre cuidados paliativos, 2024).<\/p>\n\n\n\n<p><strong>Un quiebre con la praxis m\u00e9dica<\/strong><br>Los obispos advierten que esta iniciativa \u201crepresenta un quiebre radical con la praxis m\u00e9dica que, durante siglos, ha sido guiada por el respeto a la dignidad de la vida humana\u201d. La medicina, dicen, \u201ctiene por su propia naturaleza una vocaci\u00f3n de restauraci\u00f3n y cuidado cuyo fin \u00faltimo es preservar y valorar la vida humana\u201d.<br>Asimismo, se\u00f1alaron que la experiencia internacional muestra que la apertura legal a la eutanasia \u201ccamina siempre hacia una expansi\u00f3n progresiva de las causas admitidas, conduciendo, eventualmente, a la llamada medicina del deseo, donde el valor de la vida se mide por la utilidad o una personal decisi\u00f3n\u201d.<\/p>\n\n\n\n<p><strong>Cuidados paliativos como respuesta<\/strong><br>En contraposici\u00f3n, los pastores reafirmaron la necesidad de fortalecer los cuidados paliativos: \u201cSon una forma integral de atenci\u00f3n m\u00e9dica y espiritual que se dirige a aliviar el sufrimiento y a mejorar la calidad de vida de las personas que padecen enfermedades graves o terminales\u201d.<br>Agregaron que \u201cestimamos del todo necesario que las leyes destinen a esta finalidad los recursos que sean del caso, d\u00e1ndoles prioridad por sobre otros fines leg\u00edtimos\u201d.<\/p>\n\n\n\n<p><strong>Una ley injusta carece de validez<\/strong><br>En la declaraci\u00f3n, el Comit\u00e9 Permanente sostuvo que una legislaci\u00f3n que legitime la eutanasia no tendr\u00eda sustento moral ni jur\u00eddico. \u201cReafirmamos que una ley humana s\u00f3lo es v\u00e1lida y leg\u00edtima cuando est\u00e1 en conformidad con la raz\u00f3n natural. Cuando se opone a ella, deja de ser ley y se convierte en un acto de violencia\u201d, se\u00f1alaron.<\/p>\n\n\n\n<p><strong>Confianza en la sabidur\u00eda del Senado<\/strong><br>El documento manifiesta confianza en la labor de la C\u00e1mara Alta: \u201cConfiamos en la sabidur\u00eda del Senado y en su responsabilidad de proteger la vida, por lo que esperamos que no se apruebe una legislaci\u00f3n que permita la eutanasia\u201d.<\/p>\n\n\n\n<p>Los obispos subrayaron el papel del Senado como mediador y garante del bien com\u00fan: \u201cEs conocida su misi\u00f3n mediadora, que combina la representaci\u00f3n de la pluralidad nacional, el control del Poder Ejecutivo y logra una s\u00edntesis de intereses en la defensa del bien com\u00fan y la dignidad humana\u201d.<\/p>\n\n\n\n<p><strong>\u201cNos ponemos en manos del Se\u00f1or de la Vida\u201d<\/strong><br>Finalmente, los obispos recordaron las palabras de Jes\u00fas que reafirman el mandamiento \u201cno matar\u00e1s\u201d (Mt 19,18-20). \u201cQue Dios no permita que leyes injustas intenten regir a nuestra amada Patria\u201d, concluye el texto.<\/p>\n\n\n\n<p>La declaraci\u00f3n es firmada por monse\u00f1or Ren\u00e9 Rebolledo, Arzobispo de La Serena y presidente de la Conferencia Episcopal, junto a los Arzobispos Ignacio Ducasse (vicepresidente), Fernando Chomali, y los Obispos Juan Ignacio Gonz\u00e1lez y Cristi\u00e1n Castro (secretario general).<\/p>\n\n\n\n<p><strong>Fuente: Comunicaciones CECh<\/strong><br><em>CECh, 10-09-2025<\/em><\/p>\n\n\n\n<div data-wp-interactive=\"core\/file\" class=\"wp-block-file\"><object data-wp-bind--hidden=\"!state.hasPdfPreview\" hidden class=\"wp-block-file__embed\" data=\"https:\/\/obispadoarica.cl\/home\/wp-content\/uploads\/2025\/09\/10092025_1143am_68c18e82edc7d.pdf\" type=\"application\/pdf\" style=\"width:100%;height:600px\" aria-label=\"Incrustado de 10092025_1143am_68c18e82edc7d.\"><\/object><a id=\"wp-block-file--media-08617b59-ee8d-498d-bec7-d730bcdeaeab\" href=\"https:\/\/obispadoarica.cl\/home\/wp-content\/uploads\/2025\/09\/10092025_1143am_68c18e82edc7d.pdf\">10092025_1143am_68c18e82edc7d<\/a><a href=\"https:\/\/obispadoarica.cl\/home\/wp-content\/uploads\/2025\/09\/10092025_1143am_68c18e82edc7d.pdf\" class=\"wp-block-file__button wp-element-button\" download aria-describedby=\"wp-block-file--media-08617b59-ee8d-498d-bec7-d730bcdeaeab\">Descarga<\/a><\/div>\n","protected":false},"excerpt":{"rendered":"<p>El Comit\u00e9 Permanente de la Conferencia Episcopal de Chile expres\u00f3 su profunda preocupaci\u00f3n ante la aprobaci\u00f3n en la Comisi\u00f3n de Salud del Senado de la idea de legislar sobre un proyecto de ley de eutanasia, propuesta por el Presidente de la Rep\u00fablica. A trav\u00e9s de la&nbsp;declaraci\u00f3n, los obispos recordaron que esta decisi\u00f3n \u201ccontraviene de manera [&#8230;]\n","protected":false},"author":2,"featured_media":3924,"comment_status":"closed","ping_status":"open","sticky":false,"template":"","format":"standard","meta":{"footnotes":""},"categories":[7],"tags":[],"class_list":["post-3921","post","type-post","status-publish","format-standard","has-post-thumbnail","hentry","category-noticias"],"yoast_head":"<!-- This site is optimized with the Yoast SEO plugin v24.6 - https:\/\/yoast.com\/wordpress\/plugins\/seo\/ -->\n<title>Obispos esperan que el Senado no apruebe una ley de eutanasia por el bien com\u00fan y la dignidad humana - Obispado San Marcos de Arica<\/title>\n<meta name=\"robots\" content=\"index, follow, max-snippet:-1, max-image-preview:large, max-video-preview:-1\" \/>\n<link rel=\"canonical\" href=\"https:\/\/obispadoarica.cl\/home\/obispos-esperan-que-el-senado-no-apruebe-una-ley-de-eutanasia-por-el-bien-comun-y-la-dignidad-humana\/\" \/>\n<meta property=\"og:locale\" content=\"es_ES\" \/>\n<meta property=\"og:type\" content=\"article\" \/>\n<meta property=\"og:title\" content=\"Obispos esperan que el Senado no apruebe una ley de eutanasia por el bien com\u00fan y la dignidad humana - Obispado San Marcos de Arica\" \/>\n<meta property=\"og:description\" content=\"El Comit\u00e9 Permanente de la Conferencia Episcopal de Chile expres\u00f3 su profunda preocupaci\u00f3n ante la aprobaci\u00f3n en la Comisi\u00f3n de Salud del Senado de la idea de legislar sobre un proyecto de ley de eutanasia, propuesta por el Presidente de la Rep\u00fablica. A trav\u00e9s de la&nbsp;declaraci\u00f3n, los obispos recordaron que esta decisi\u00f3n \u201ccontraviene de manera [...]\" \/>\n<meta property=\"og:url\" content=\"https:\/\/obispadoarica.cl\/home\/obispos-esperan-que-el-senado-no-apruebe-una-ley-de-eutanasia-por-el-bien-comun-y-la-dignidad-humana\/\" \/>\n<meta property=\"og:site_name\" content=\"Obispado San Marcos de Arica\" \/>\n<meta property=\"article:published_time\" content=\"2025-09-12T23:09:31+00:00\" \/>\n<meta property=\"article:modified_time\" content=\"2025-09-12T23:09:33+00:00\" \/>\n<meta property=\"og:image\" content=\"https:\/\/obispadoarica.cl\/home\/wp-content\/uploads\/2025\/09\/Gale68c18e5a7e7e2_10092025_1142am-1.jpg\" \/>\n\t<meta property=\"og:image:width\" content=\"1000\" \/>\n\t<meta property=\"og:image:height\" content=\"563\" \/>\n\t<meta property=\"og:image:type\" content=\"image\/jpeg\" \/>\n<meta name=\"author\" content=\"Obispado de Arica\" \/>\n<meta name=\"twitter:card\" content=\"summary_large_image\" \/>\n<meta name=\"twitter:label1\" content=\"Escrito por\" \/>\n\t<meta name=\"twitter:data1\" content=\"Obispado de Arica\" \/>\n\t<meta name=\"twitter:label2\" content=\"Tiempo de lectura\" \/>\n\t<meta name=\"twitter:data2\" content=\"4 minutos\" \/>\n<script type=\"application\/ld+json\" class=\"yoast-schema-graph\">{\"@context\":\"https:\/\/schema.org\",\"@graph\":[{\"@type\":\"WebPage\",\"@id\":\"https:\/\/obispadoarica.cl\/home\/obispos-esperan-que-el-senado-no-apruebe-una-ley-de-eutanasia-por-el-bien-comun-y-la-dignidad-humana\/\",\"url\":\"https:\/\/obispadoarica.cl\/home\/obispos-esperan-que-el-senado-no-apruebe-una-ley-de-eutanasia-por-el-bien-comun-y-la-dignidad-humana\/\",\"name\":\"Obispos esperan que el Senado no apruebe una ley de eutanasia por el bien com\u00fan y la dignidad humana - Obispado San Marcos de Arica\",\"isPartOf\":{\"@id\":\"https:\/\/obispadoarica.cl\/home\/#website\"},\"primaryImageOfPage\":{\"@id\":\"https:\/\/obispadoarica.cl\/home\/obispos-esperan-que-el-senado-no-apruebe-una-ley-de-eutanasia-por-el-bien-comun-y-la-dignidad-humana\/#primaryimage\"},\"image\":{\"@id\":\"https:\/\/obispadoarica.cl\/home\/obispos-esperan-que-el-senado-no-apruebe-una-ley-de-eutanasia-por-el-bien-comun-y-la-dignidad-humana\/#primaryimage\"},\"thumbnailUrl\":\"https:\/\/obispadoarica.cl\/home\/wp-content\/uploads\/2025\/09\/Gale68c18e5a7e7e2_10092025_1142am-1.jpg\",\"datePublished\":\"2025-09-12T23:09:31+00:00\",\"dateModified\":\"2025-09-12T23:09:33+00:00\",\"author\":{\"@id\":\"https:\/\/obispadoarica.cl\/home\/#\/schema\/person\/1a8f4c2a3418412187dff039ecf9d97e\"},\"breadcrumb\":{\"@id\":\"https:\/\/obispadoarica.cl\/home\/obispos-esperan-que-el-senado-no-apruebe-una-ley-de-eutanasia-por-el-bien-comun-y-la-dignidad-humana\/#breadcrumb\"},\"inLanguage\":\"es\",\"potentialAction\":[{\"@type\":\"ReadAction\",\"target\":[\"https:\/\/obispadoarica.cl\/home\/obispos-esperan-que-el-senado-no-apruebe-una-ley-de-eutanasia-por-el-bien-comun-y-la-dignidad-humana\/\"]}]},{\"@type\":\"ImageObject\",\"inLanguage\":\"es\",\"@id\":\"https:\/\/obispadoarica.cl\/home\/obispos-esperan-que-el-senado-no-apruebe-una-ley-de-eutanasia-por-el-bien-comun-y-la-dignidad-humana\/#primaryimage\",\"url\":\"https:\/\/obispadoarica.cl\/home\/wp-content\/uploads\/2025\/09\/Gale68c18e5a7e7e2_10092025_1142am-1.jpg\",\"contentUrl\":\"https:\/\/obispadoarica.cl\/home\/wp-content\/uploads\/2025\/09\/Gale68c18e5a7e7e2_10092025_1142am-1.jpg\",\"width\":1000,\"height\":563},{\"@type\":\"BreadcrumbList\",\"@id\":\"https:\/\/obispadoarica.cl\/home\/obispos-esperan-que-el-senado-no-apruebe-una-ley-de-eutanasia-por-el-bien-comun-y-la-dignidad-humana\/#breadcrumb\",\"itemListElement\":[{\"@type\":\"ListItem\",\"position\":1,\"name\":\"Portada\",\"item\":\"https:\/\/obispadoarica.cl\/home\/\"},{\"@type\":\"ListItem\",\"position\":2,\"name\":\"Obispos esperan que el Senado no apruebe una ley de eutanasia por el bien com\u00fan y la dignidad humana\"}]},{\"@type\":\"WebSite\",\"@id\":\"https:\/\/obispadoarica.cl\/home\/#website\",\"url\":\"https:\/\/obispadoarica.cl\/home\/\",\"name\":\"Obispado San Marcos de Arica\",\"description\":\"Di\u00f3cesis San Marcos de Arica\",\"potentialAction\":[{\"@type\":\"SearchAction\",\"target\":{\"@type\":\"EntryPoint\",\"urlTemplate\":\"https:\/\/obispadoarica.cl\/home\/?s={search_term_string}\"},\"query-input\":{\"@type\":\"PropertyValueSpecification\",\"valueRequired\":true,\"valueName\":\"search_term_string\"}}],\"inLanguage\":\"es\"},{\"@type\":\"Person\",\"@id\":\"https:\/\/obispadoarica.cl\/home\/#\/schema\/person\/1a8f4c2a3418412187dff039ecf9d97e\",\"name\":\"Obispado de Arica\",\"image\":{\"@type\":\"ImageObject\",\"inLanguage\":\"es\",\"@id\":\"https:\/\/obispadoarica.cl\/home\/#\/schema\/person\/image\/\",\"url\":\"https:\/\/secure.gravatar.com\/avatar\/c75d5ceafb11502016ed664658884b0b1b183fa6f96260878f47ac58f950c8d9?s=96&d=mm&r=g\",\"contentUrl\":\"https:\/\/secure.gravatar.com\/avatar\/c75d5ceafb11502016ed664658884b0b1b183fa6f96260878f47ac58f950c8d9?s=96&d=mm&r=g\",\"caption\":\"Obispado de Arica\"},\"url\":\"https:\/\/obispadoarica.cl\/home\/author\/c1300590\/\"}]}<\/script>\n<!-- \/ Yoast SEO plugin. -->","yoast_head_json":{"title":"Obispos esperan que el Senado no apruebe una ley de eutanasia por el bien com\u00fan y la dignidad humana - Obispado San Marcos de Arica","robots":{"index":"index","follow":"follow","max-snippet":"max-snippet:-1","max-image-preview":"max-image-preview:large","max-video-preview":"max-video-preview:-1"},"canonical":"https:\/\/obispadoarica.cl\/home\/obispos-esperan-que-el-senado-no-apruebe-una-ley-de-eutanasia-por-el-bien-comun-y-la-dignidad-humana\/","og_locale":"es_ES","og_type":"article","og_title":"Obispos esperan que el Senado no apruebe una ley de eutanasia por el bien com\u00fan y la dignidad humana - Obispado San Marcos de Arica","og_description":"El Comit\u00e9 Permanente de la Conferencia Episcopal de Chile expres\u00f3 su profunda preocupaci\u00f3n ante la aprobaci\u00f3n en la Comisi\u00f3n de Salud del Senado de la idea de legislar sobre un proyecto de ley de eutanasia, propuesta por el Presidente de la Rep\u00fablica. A trav\u00e9s de la&nbsp;declaraci\u00f3n, los obispos recordaron que esta decisi\u00f3n \u201ccontraviene de manera [...]","og_url":"https:\/\/obispadoarica.cl\/home\/obispos-esperan-que-el-senado-no-apruebe-una-ley-de-eutanasia-por-el-bien-comun-y-la-dignidad-humana\/","og_site_name":"Obispado San Marcos de Arica","article_published_time":"2025-09-12T23:09:31+00:00","article_modified_time":"2025-09-12T23:09:33+00:00","og_image":[{"width":1000,"height":563,"url":"https:\/\/obispadoarica.cl\/home\/wp-content\/uploads\/2025\/09\/Gale68c18e5a7e7e2_10092025_1142am-1.jpg","type":"image\/jpeg"}],"author":"Obispado de Arica","twitter_card":"summary_large_image","twitter_misc":{"Escrito por":"Obispado de Arica","Tiempo de lectura":"4 minutos"},"schema":{"@context":"https:\/\/schema.org","@graph":[{"@type":"WebPage","@id":"https:\/\/obispadoarica.cl\/home\/obispos-esperan-que-el-senado-no-apruebe-una-ley-de-eutanasia-por-el-bien-comun-y-la-dignidad-humana\/","url":"https:\/\/obispadoarica.cl\/home\/obispos-esperan-que-el-senado-no-apruebe-una-ley-de-eutanasia-por-el-bien-comun-y-la-dignidad-humana\/","name":"Obispos esperan que el Senado no apruebe una ley de eutanasia por el bien com\u00fan y la dignidad humana - Obispado San Marcos de Arica","isPartOf":{"@id":"https:\/\/obispadoarica.cl\/home\/#website"},"primaryImageOfPage":{"@id":"https:\/\/obispadoarica.cl\/home\/obispos-esperan-que-el-senado-no-apruebe-una-ley-de-eutanasia-por-el-bien-comun-y-la-dignidad-humana\/#primaryimage"},"image":{"@id":"https:\/\/obispadoarica.cl\/home\/obispos-esperan-que-el-senado-no-apruebe-una-ley-de-eutanasia-por-el-bien-comun-y-la-dignidad-humana\/#primaryimage"},"thumbnailUrl":"https:\/\/obispadoarica.cl\/home\/wp-content\/uploads\/2025\/09\/Gale68c18e5a7e7e2_10092025_1142am-1.jpg","datePublished":"2025-09-12T23:09:31+00:00","dateModified":"2025-09-12T23:09:33+00:00","author":{"@id":"https:\/\/obispadoarica.cl\/home\/#\/schema\/person\/1a8f4c2a3418412187dff039ecf9d97e"},"breadcrumb":{"@id":"https:\/\/obispadoarica.cl\/home\/obispos-esperan-que-el-senado-no-apruebe-una-ley-de-eutanasia-por-el-bien-comun-y-la-dignidad-humana\/#breadcrumb"},"inLanguage":"es","potentialAction":[{"@type":"ReadAction","target":["https:\/\/obispadoarica.cl\/home\/obispos-esperan-que-el-senado-no-apruebe-una-ley-de-eutanasia-por-el-bien-comun-y-la-dignidad-humana\/"]}]},{"@type":"ImageObject","inLanguage":"es","@id":"https:\/\/obispadoarica.cl\/home\/obispos-esperan-que-el-senado-no-apruebe-una-ley-de-eutanasia-por-el-bien-comun-y-la-dignidad-humana\/#primaryimage","url":"https:\/\/obispadoarica.cl\/home\/wp-content\/uploads\/2025\/09\/Gale68c18e5a7e7e2_10092025_1142am-1.jpg","contentUrl":"https:\/\/obispadoarica.cl\/home\/wp-content\/uploads\/2025\/09\/Gale68c18e5a7e7e2_10092025_1142am-1.jpg","width":1000,"height":563},{"@type":"BreadcrumbList","@id":"https:\/\/obispadoarica.cl\/home\/obispos-esperan-que-el-senado-no-apruebe-una-ley-de-eutanasia-por-el-bien-comun-y-la-dignidad-humana\/#breadcrumb","itemListElement":[{"@type":"ListItem","position":1,"name":"Portada","item":"https:\/\/obispadoarica.cl\/home\/"},{"@type":"ListItem","position":2,"name":"Obispos esperan que el Senado no apruebe una ley de eutanasia por el bien com\u00fan y la dignidad humana"}]},{"@type":"WebSite","@id":"https:\/\/obispadoarica.cl\/home\/#website","url":"https:\/\/obispadoarica.cl\/home\/","name":"Obispado San Marcos de Arica","description":"Di\u00f3cesis San Marcos de Arica","potentialAction":[{"@type":"SearchAction","target":{"@type":"EntryPoint","urlTemplate":"https:\/\/obispadoarica.cl\/home\/?s={search_term_string}"},"query-input":{"@type":"PropertyValueSpecification","valueRequired":true,"valueName":"search_term_string"}}],"inLanguage":"es"},{"@type":"Person","@id":"https:\/\/obispadoarica.cl\/home\/#\/schema\/person\/1a8f4c2a3418412187dff039ecf9d97e","name":"Obispado de Arica","image":{"@type":"ImageObject","inLanguage":"es","@id":"https:\/\/obispadoarica.cl\/home\/#\/schema\/person\/image\/","url":"https:\/\/secure.gravatar.com\/avatar\/c75d5ceafb11502016ed664658884b0b1b183fa6f96260878f47ac58f950c8d9?s=96&d=mm&r=g","contentUrl":"https:\/\/secure.gravatar.com\/avatar\/c75d5ceafb11502016ed664658884b0b1b183fa6f96260878f47ac58f950c8d9?s=96&d=mm&r=g","caption":"Obispado de Arica"},"url":"https:\/\/obispadoarica.cl\/home\/author\/c1300590\/"}]}},"_links":{"self":[{"href":"https:\/\/obispadoarica.cl\/home\/wp-json\/wp\/v2\/posts\/3921","targetHints":{"allow":["GET"]}}],"collection":[{"href":"https:\/\/obispadoarica.cl\/home\/wp-json\/wp\/v2\/posts"}],"about":[{"href":"https:\/\/obispadoarica.cl\/home\/wp-json\/wp\/v2\/types\/post"}],"author":[{"embeddable":true,"href":"https:\/\/obispadoarica.cl\/home\/wp-json\/wp\/v2\/users\/2"}],"replies":[{"embeddable":true,"href":"https:\/\/obispadoarica.cl\/home\/wp-json\/wp\/v2\/comments?post=3921"}],"version-history":[{"count":1,"href":"https:\/\/obispadoarica.cl\/home\/wp-json\/wp\/v2\/posts\/3921\/revisions"}],"predecessor-version":[{"id":3925,"href":"https:\/\/obispadoarica.cl\/home\/wp-json\/wp\/v2\/posts\/3921\/revisions\/3925"}],"wp:featuredmedia":[{"embeddable":true,"href":"https:\/\/obispadoarica.cl\/home\/wp-json\/wp\/v2\/media\/3924"}],"wp:attachment":[{"href":"https:\/\/obispadoarica.cl\/home\/wp-json\/wp\/v2\/media?parent=3921"}],"wp:term":[{"taxonomy":"category","embeddable":true,"href":"https:\/\/obispadoarica.cl\/home\/wp-json\/wp\/v2\/categories?post=3921"},{"taxonomy":"post_tag","embeddable":true,"href":"https:\/\/obispadoarica.cl\/home\/wp-json\/wp\/v2\/tags?post=3921"}],"curies":[{"name":"wp","href":"https:\/\/api.w.org\/{rel}","templated":true}]}}