{"id":3996,"date":"2025-10-28T22:40:42","date_gmt":"2025-10-29T02:40:42","guid":{"rendered":"https:\/\/obispadoarica.cl\/home\/?p=3996"},"modified":"2025-10-28T22:40:43","modified_gmt":"2025-10-29T02:40:43","slug":"papa-leon-xiv-se-reunio-con-obispos-del-comite-permanente-del-episcopado-chileno","status":"publish","type":"post","link":"https:\/\/obispadoarica.cl\/home\/papa-leon-xiv-se-reunio-con-obispos-del-comite-permanente-del-episcopado-chileno\/","title":{"rendered":"Papa Le\u00f3n XIV se reuni\u00f3 con Obispos del Comit\u00e9 Permanente del Episcopado chileno"},"content":{"rendered":"\n\n\n<p><em>En un clima de fraternidad y comuni\u00f3n eclesial, el Papa Le\u00f3n XIV recibi\u00f3 en audiencia privada, la ma\u00f1ana de este lunes 27 de octubre, a los obispos integrantes del Comit\u00e9 Permanente de la Conferencia Episcopal de Chile (CECh), ocasi\u00f3n en la que se invit\u00f3 formalmente al Santo Padre a realizar una visita al pa\u00eds.<\/em><\/p>\n\n\n\n<p>El encuentro se realiz\u00f3 en el Palacio Apost\u00f3lico y tuvo por objetivo compartir con el Santo Padre el caminar de la Iglesia en Chile, los principales desaf\u00edos pastorales y la realidad que vive el pa\u00eds en el actual contexto social y pol\u00edtico.<\/p>\n\n\n\n<p>Asistieron al encuentro el Arzobispo de La Serena, Ren\u00e9 Rebolledo Salinas, Presidente de la CECh; el Arzobispo de Antofagasta, Ignacio Ducasse Medina, Vicepresidente; el Arzobispo de Santiago, Cardenal Fernando Chomali Garib; el Obispo de San Bernardo, Juan Ignacio Gonz\u00e1lez Err\u00e1zuriz; y el Obispo de Santa Mar\u00eda de Los \u00c1ngeles, Cristi\u00e1n Castro Toovey, Secretario General.<\/p>\n\n\n\n<p><strong>Di\u00e1logo fraterno sobre la vida de la Iglesia y el pa\u00eds<\/strong><br>Durante la audiencia, los obispos expresaron al Papa la adhesi\u00f3n filial a su Magisterio, entreg\u00e1ndole el saludo de la Conferencia Episcopal, de las di\u00f3cesis y de las comunidades eclesiales.<\/p>\n\n\n\n<p>En su saludo inicial, el Arzobispo Rebolledo, en nombre del Episcopado chileno, invit\u00f3 formalmente al Papa Le\u00f3n XIV a realizar una visita apost\u00f3lica al pa\u00eds y le manifest\u00f3 el afecto, la oraci\u00f3n y la esperanza del pueblo de Dios. El Santo Padre agradeci\u00f3 la invitaci\u00f3n a visitar el pa\u00eds manifestando que ser\u00eda para \u00e9l, motivo de gran alegr\u00eda volver a Chile.<\/p>\n\n\n\n<p>Entre los temas abordados estuvieron el caminar de la Iglesia en comuni\u00f3n y sinodalidad, la situaci\u00f3n actual del pa\u00eds en v\u00edsperas de las elecciones de noviembre y la prioridad de la evangelizaci\u00f3n.<\/p>\n\n\n\n<p>El Papa Le\u00f3n XIV manifest\u00f3 a los obispos su cercan\u00eda y aprecio por el pueblo chileno, alent\u00e1ndolos a perseverar en la tarea de acompa\u00f1ar con esperanza a las comunidades, especialmente a quienes sufren pobreza o exclusi\u00f3n social, como tambi\u00e9n a los numerosos migrantes que han arribado al pa\u00eds.<\/p>\n\n\n\n<p>Arzobispo Rebolledo: \u201cEl Papa nos alent\u00f3 a seguir siendo una Iglesia que escucha, dialoga, acompa\u00f1a y promueve la participaci\u00f3n\u201d<\/p>\n\n\n\n<p>Al t\u00e9rmino del encuentro, Mons. Rebolledo, expres\u00f3 la profunda alegr\u00eda del Comit\u00e9 Permanente por haber compartido este momento con el Santo Padre:<br><em>\u201cHemos vivido un encuentro muy fraterno con el Papa Le\u00f3n XIV, en el que pudimos dialogar ampliamente sobre la vida de la Iglesia en Chile, los desaf\u00edos que enfrentamos y el anhelo com\u00fan de servir con mayor fidelidad al Evangelio. El Santo Padre nos anim\u00f3 a mantener viva la esperanza y a fortalecer la comuni\u00f3n eclesial, con particular atenci\u00f3n a las personas m\u00e1s vulnerables. Sentimos en sus palabras una gran cercan\u00eda pastoral y una sincera preocupaci\u00f3n por nuestra realidad nacional\u201d.<\/em><\/p>\n\n\n\n<p>El Presidente de la CECh agreg\u00f3 que el Papa se mostr\u00f3 especialmente interesado por el ambiente que vive el pa\u00eds en el marco de las pr\u00f3ximas elecciones y por el compromiso de la Iglesia con la promoci\u00f3n del bien com\u00fan, la justicia y la paz.<\/p>\n\n\n\n<p>Durante su permanencia en Roma, el Comit\u00e9 Permanente sostendr\u00e1 adem\u00e1s reuniones con diversos organismos de la Santa Sede.<\/p>\n\n\n\n<p>Nota relacionada:<br>&#8211;&nbsp;<a href=\"https:\/\/www.vaticannews.va\/es\/iglesia\/news\/2025-10\/obispos-chile-reunion-papa-leon-migracion-evangelizacion.html\" target=\"_blank\" rel=\"noreferrer noopener\">Cercan\u00eda, evangelizaci\u00f3n y esperanza: los obispos de Chile con el Papa Le\u00f3n XIV<\/a><\/p>\n\n\n\n<p><strong>Fuente: Comunicaciones CECh<br>Fotograf\u00edas: \u00a9&#xfe0f; Vatican Media<\/strong><br><em>Ciudad del Vaticano, 27-10-2025<\/em><\/p>\n\n\n\n<figure class=\"wp-block-gallery has-nested-images columns-default is-cropped wp-block-gallery-1 is-layout-flex wp-block-gallery-is-layout-flex\">\n<figure class=\"wp-block-image size-large\"><a href=\"https:\/\/obispadoarica.cl\/home\/wp-content\/uploads\/2025\/10\/Gale68ff77df6e433_27102025_1047am-1.jpg\"><img fetchpriority=\"high\" decoding=\"async\" width=\"1000\" height=\"667\" data-id=\"4000\" src=\"https:\/\/obispadoarica.cl\/home\/wp-content\/uploads\/2025\/10\/Gale68ff77df6e433_27102025_1047am-1.jpg\" alt=\"\" class=\"wp-image-4000\" srcset=\"https:\/\/obispadoarica.cl\/home\/wp-content\/uploads\/2025\/10\/Gale68ff77df6e433_27102025_1047am-1.jpg 1000w, https:\/\/obispadoarica.cl\/home\/wp-content\/uploads\/2025\/10\/Gale68ff77df6e433_27102025_1047am-1-300x200.jpg 300w, https:\/\/obispadoarica.cl\/home\/wp-content\/uploads\/2025\/10\/Gale68ff77df6e433_27102025_1047am-1-768x512.jpg 768w\" sizes=\"(max-width: 1000px) 100vw, 1000px\" \/><\/a><\/figure>\n\n\n\n<figure class=\"wp-block-image size-large\"><a href=\"https:\/\/obispadoarica.cl\/home\/wp-content\/uploads\/2025\/10\/Gale68ff77df6e433_27102025_1047am.jpg\"><img decoding=\"async\" width=\"1000\" height=\"667\" data-id=\"4002\" src=\"https:\/\/obispadoarica.cl\/home\/wp-content\/uploads\/2025\/10\/Gale68ff77df6e433_27102025_1047am.jpg\" alt=\"\" class=\"wp-image-4002\" srcset=\"https:\/\/obispadoarica.cl\/home\/wp-content\/uploads\/2025\/10\/Gale68ff77df6e433_27102025_1047am.jpg 1000w, https:\/\/obispadoarica.cl\/home\/wp-content\/uploads\/2025\/10\/Gale68ff77df6e433_27102025_1047am-300x200.jpg 300w, https:\/\/obispadoarica.cl\/home\/wp-content\/uploads\/2025\/10\/Gale68ff77df6e433_27102025_1047am-768x512.jpg 768w\" sizes=\"(max-width: 1000px) 100vw, 1000px\" \/><\/a><\/figure>\n\n\n\n<figure class=\"wp-block-image size-large\"><a href=\"https:\/\/obispadoarica.cl\/home\/wp-content\/uploads\/2025\/10\/Gale68ff77e06b154_27102025_1047am.jpg\"><img decoding=\"async\" width=\"1000\" height=\"667\" data-id=\"3997\" src=\"https:\/\/obispadoarica.cl\/home\/wp-content\/uploads\/2025\/10\/Gale68ff77e06b154_27102025_1047am.jpg\" alt=\"\" class=\"wp-image-3997\" srcset=\"https:\/\/obispadoarica.cl\/home\/wp-content\/uploads\/2025\/10\/Gale68ff77e06b154_27102025_1047am.jpg 1000w, https:\/\/obispadoarica.cl\/home\/wp-content\/uploads\/2025\/10\/Gale68ff77e06b154_27102025_1047am-300x200.jpg 300w, https:\/\/obispadoarica.cl\/home\/wp-content\/uploads\/2025\/10\/Gale68ff77e06b154_27102025_1047am-768x512.jpg 768w\" sizes=\"(max-width: 1000px) 100vw, 1000px\" \/><\/a><\/figure>\n\n\n\n<figure class=\"wp-block-image size-large\"><a href=\"https:\/\/obispadoarica.cl\/home\/wp-content\/uploads\/2025\/10\/Gale68ff77e17c021_27102025_1047am.jpg\"><img loading=\"lazy\" decoding=\"async\" width=\"1000\" height=\"667\" data-id=\"4001\" src=\"https:\/\/obispadoarica.cl\/home\/wp-content\/uploads\/2025\/10\/Gale68ff77e17c021_27102025_1047am.jpg\" alt=\"\" class=\"wp-image-4001\" srcset=\"https:\/\/obispadoarica.cl\/home\/wp-content\/uploads\/2025\/10\/Gale68ff77e17c021_27102025_1047am.jpg 1000w, https:\/\/obispadoarica.cl\/home\/wp-content\/uploads\/2025\/10\/Gale68ff77e17c021_27102025_1047am-300x200.jpg 300w, https:\/\/obispadoarica.cl\/home\/wp-content\/uploads\/2025\/10\/Gale68ff77e17c021_27102025_1047am-768x512.jpg 768w\" sizes=\"(max-width: 1000px) 100vw, 1000px\" \/><\/a><\/figure>\n\n\n\n<figure class=\"wp-block-image size-large\"><a href=\"https:\/\/obispadoarica.cl\/home\/wp-content\/uploads\/2025\/10\/Gale68ff77e282ff7_27102025_1047am.jpg\"><img loading=\"lazy\" decoding=\"async\" width=\"1000\" height=\"667\" data-id=\"3999\" src=\"https:\/\/obispadoarica.cl\/home\/wp-content\/uploads\/2025\/10\/Gale68ff77e282ff7_27102025_1047am.jpg\" alt=\"\" class=\"wp-image-3999\" srcset=\"https:\/\/obispadoarica.cl\/home\/wp-content\/uploads\/2025\/10\/Gale68ff77e282ff7_27102025_1047am.jpg 1000w, https:\/\/obispadoarica.cl\/home\/wp-content\/uploads\/2025\/10\/Gale68ff77e282ff7_27102025_1047am-300x200.jpg 300w, https:\/\/obispadoarica.cl\/home\/wp-content\/uploads\/2025\/10\/Gale68ff77e282ff7_27102025_1047am-768x512.jpg 768w\" sizes=\"(max-width: 1000px) 100vw, 1000px\" \/><\/a><\/figure>\n\n\n\n<figure class=\"wp-block-image size-large\"><a href=\"https:\/\/obispadoarica.cl\/home\/wp-content\/uploads\/2025\/10\/Gale68ff77e385a98_27102025_1047am.jpg\"><img loading=\"lazy\" decoding=\"async\" width=\"1000\" height=\"667\" data-id=\"3998\" src=\"https:\/\/obispadoarica.cl\/home\/wp-content\/uploads\/2025\/10\/Gale68ff77e385a98_27102025_1047am.jpg\" alt=\"\" class=\"wp-image-3998\" srcset=\"https:\/\/obispadoarica.cl\/home\/wp-content\/uploads\/2025\/10\/Gale68ff77e385a98_27102025_1047am.jpg 1000w, https:\/\/obispadoarica.cl\/home\/wp-content\/uploads\/2025\/10\/Gale68ff77e385a98_27102025_1047am-300x200.jpg 300w, https:\/\/obispadoarica.cl\/home\/wp-content\/uploads\/2025\/10\/Gale68ff77e385a98_27102025_1047am-768x512.jpg 768w\" sizes=\"(max-width: 1000px) 100vw, 1000px\" \/><\/a><\/figure>\n\n\n\n<figure class=\"wp-block-image size-large\"><a href=\"https:\/\/obispadoarica.cl\/home\/wp-content\/uploads\/2025\/10\/Gale68ff77e484d6e_27102025_1047am.jpg\"><img loading=\"lazy\" decoding=\"async\" width=\"1000\" height=\"667\" data-id=\"4003\" src=\"https:\/\/obispadoarica.cl\/home\/wp-content\/uploads\/2025\/10\/Gale68ff77e484d6e_27102025_1047am.jpg\" alt=\"\" class=\"wp-image-4003\" srcset=\"https:\/\/obispadoarica.cl\/home\/wp-content\/uploads\/2025\/10\/Gale68ff77e484d6e_27102025_1047am.jpg 1000w, https:\/\/obispadoarica.cl\/home\/wp-content\/uploads\/2025\/10\/Gale68ff77e484d6e_27102025_1047am-300x200.jpg 300w, https:\/\/obispadoarica.cl\/home\/wp-content\/uploads\/2025\/10\/Gale68ff77e484d6e_27102025_1047am-768x512.jpg 768w\" sizes=\"(max-width: 1000px) 100vw, 1000px\" \/><\/a><\/figure>\n<\/figure>\n\n\n\n<p><strong><em>Audio:<\/em>\u00a0Entrevista Radio Vaticana<\/strong><\/p>\n\n\n\n<figure class=\"wp-block-audio\"><audio controls src=\"https:\/\/obispadoarica.cl\/home\/wp-content\/uploads\/2025\/10\/138857868_F138857868.mp3\"><\/audio><\/figure>\n\n\n\n<p><strong><em>Video:<\/em>\u00a0Papa Le\u00f3n recibe en audiencia a Obispos de la Conferencia Episcopal de Chile \u00a9&#xfe0f; Vatican Media<\/strong><\/p>\n\n\n\n<figure class=\"wp-block-embed is-type-video is-provider-youtube wp-block-embed-youtube wp-embed-aspect-16-9 wp-has-aspect-ratio\"><div class=\"wp-block-embed__wrapper\">\n<iframe title=\"Papa Le\u00f3n recibe en audiencia a Obispos de la Conferencia Episcopal de Chile \u00a9\ufe0f Vatican Media\" width=\"1020\" height=\"574\" src=\"https:\/\/www.youtube.com\/embed\/h3xb7k57QfY?feature=oembed\" frameborder=\"0\" allow=\"accelerometer; autoplay; clipboard-write; encrypted-media; gyroscope; picture-in-picture; web-share\" referrerpolicy=\"strict-origin-when-cross-origin\" allowfullscreen><\/iframe>\n<\/div><\/figure>\n\n\n\n<p><strong><em>Video:<\/em>\u00a0Arzobispo Ren\u00e9 Rebolledo tras audiencia con el Papa Le\u00f3n XIV<\/strong><\/p>\n\n\n\n<figure class=\"wp-block-embed is-type-video is-provider-youtube wp-block-embed-youtube wp-embed-aspect-16-9 wp-has-aspect-ratio\"><div class=\"wp-block-embed__wrapper\">\n<iframe title=\"Arzobispo Ren\u00e9 Rebolledo tras audiencia con Papa Leo\u0301n XIV\" width=\"1020\" height=\"574\" src=\"https:\/\/www.youtube.com\/embed\/iwrHrkN4rMg?feature=oembed\" frameborder=\"0\" allow=\"accelerometer; autoplay; clipboard-write; encrypted-media; gyroscope; picture-in-picture; web-share\" referrerpolicy=\"strict-origin-when-cross-origin\" allowfullscreen><\/iframe>\n<\/div><\/figure>\n\n\n\n<p><strong><em>Video:<\/em>\u00a0Cardenal Chomali sobre audiencia con el Papa Le\u00f3n XIV<\/strong><\/p>\n\n\n\n<figure class=\"wp-block-embed is-type-video is-provider-youtube wp-block-embed-youtube wp-embed-aspect-16-9 wp-has-aspect-ratio\"><div class=\"wp-block-embed__wrapper\">\n<iframe title=\"Cardenal Fernando Chomali sobre audiencia con el Papa Le\u00f3n XIV\" width=\"1020\" height=\"574\" src=\"https:\/\/www.youtube.com\/embed\/hPfa1Jauggw?feature=oembed\" frameborder=\"0\" allow=\"accelerometer; autoplay; clipboard-write; encrypted-media; gyroscope; picture-in-picture; web-share\" referrerpolicy=\"strict-origin-when-cross-origin\" allowfullscreen><\/iframe>\n<\/div><\/figure>\n","protected":false},"excerpt":{"rendered":"<p>En un clima de fraternidad y comuni\u00f3n eclesial, el Papa Le\u00f3n XIV recibi\u00f3 en audiencia privada, la ma\u00f1ana de este lunes 27 de octubre, a los obispos integrantes del Comit\u00e9 Permanente de la Conferencia Episcopal de Chile (CECh), ocasi\u00f3n en la que se invit\u00f3 formalmente al Santo Padre a realizar una visita al pa\u00eds. El [&#8230;]\n","protected":false},"author":2,"featured_media":4005,"comment_status":"closed","ping_status":"open","sticky":false,"template":"","format":"standard","meta":{"footnotes":""},"categories":[7],"tags":[],"class_list":["post-3996","post","type-post","status-publish","format-standard","has-post-thumbnail","hentry","category-noticias"],"yoast_head":"<!-- This site is optimized with the Yoast SEO plugin v24.6 - https:\/\/yoast.com\/wordpress\/plugins\/seo\/ -->\n<title>Papa Le\u00f3n XIV se reuni\u00f3 con Obispos del Comit\u00e9 Permanente del Episcopado chileno - Obispado San Marcos de Arica<\/title>\n<meta name=\"robots\" content=\"index, follow, max-snippet:-1, max-image-preview:large, max-video-preview:-1\" \/>\n<link rel=\"canonical\" href=\"https:\/\/obispadoarica.cl\/home\/papa-leon-xiv-se-reunio-con-obispos-del-comite-permanente-del-episcopado-chileno\/\" \/>\n<meta property=\"og:locale\" content=\"es_ES\" \/>\n<meta property=\"og:type\" content=\"article\" \/>\n<meta property=\"og:title\" content=\"Papa Le\u00f3n XIV se reuni\u00f3 con Obispos del Comit\u00e9 Permanente del Episcopado chileno - Obispado San Marcos de Arica\" \/>\n<meta property=\"og:description\" content=\"En un clima de fraternidad y comuni\u00f3n eclesial, el Papa Le\u00f3n XIV recibi\u00f3 en audiencia privada, la ma\u00f1ana de este lunes 27 de octubre, a los obispos integrantes del Comit\u00e9 Permanente de la Conferencia Episcopal de Chile (CECh), ocasi\u00f3n en la que se invit\u00f3 formalmente al Santo Padre a realizar una visita al pa\u00eds. El [...]\" \/>\n<meta property=\"og:url\" content=\"https:\/\/obispadoarica.cl\/home\/papa-leon-xiv-se-reunio-con-obispos-del-comite-permanente-del-episcopado-chileno\/\" \/>\n<meta property=\"og:site_name\" content=\"Obispado San Marcos de Arica\" \/>\n<meta property=\"article:published_time\" content=\"2025-10-29T02:40:42+00:00\" \/>\n<meta property=\"article:modified_time\" content=\"2025-10-29T02:40:43+00:00\" \/>\n<meta property=\"og:image\" content=\"https:\/\/obispadoarica.cl\/home\/wp-content\/uploads\/2025\/10\/Gale68ff77de70078_27102025_1047am.jpg\" \/>\n\t<meta property=\"og:image:width\" content=\"1000\" \/>\n\t<meta property=\"og:image:height\" content=\"667\" \/>\n\t<meta property=\"og:image:type\" content=\"image\/jpeg\" \/>\n<meta name=\"author\" content=\"Obispado de Arica\" \/>\n<meta name=\"twitter:card\" content=\"summary_large_image\" \/>\n<meta name=\"twitter:label1\" content=\"Escrito por\" \/>\n\t<meta name=\"twitter:data1\" content=\"Obispado de Arica\" \/>\n\t<meta name=\"twitter:label2\" content=\"Tiempo de lectura\" \/>\n\t<meta name=\"twitter:data2\" content=\"5 minutos\" \/>\n<script type=\"application\/ld+json\" class=\"yoast-schema-graph\">{\"@context\":\"https:\/\/schema.org\",\"@graph\":[{\"@type\":\"WebPage\",\"@id\":\"https:\/\/obispadoarica.cl\/home\/papa-leon-xiv-se-reunio-con-obispos-del-comite-permanente-del-episcopado-chileno\/\",\"url\":\"https:\/\/obispadoarica.cl\/home\/papa-leon-xiv-se-reunio-con-obispos-del-comite-permanente-del-episcopado-chileno\/\",\"name\":\"Papa Le\u00f3n XIV se reuni\u00f3 con Obispos del Comit\u00e9 Permanente del Episcopado chileno - Obispado San Marcos de Arica\",\"isPartOf\":{\"@id\":\"https:\/\/obispadoarica.cl\/home\/#website\"},\"primaryImageOfPage\":{\"@id\":\"https:\/\/obispadoarica.cl\/home\/papa-leon-xiv-se-reunio-con-obispos-del-comite-permanente-del-episcopado-chileno\/#primaryimage\"},\"image\":{\"@id\":\"https:\/\/obispadoarica.cl\/home\/papa-leon-xiv-se-reunio-con-obispos-del-comite-permanente-del-episcopado-chileno\/#primaryimage\"},\"thumbnailUrl\":\"https:\/\/obispadoarica.cl\/home\/wp-content\/uploads\/2025\/10\/Gale68ff77de70078_27102025_1047am.jpg\",\"datePublished\":\"2025-10-29T02:40:42+00:00\",\"dateModified\":\"2025-10-29T02:40:43+00:00\",\"author\":{\"@id\":\"https:\/\/obispadoarica.cl\/home\/#\/schema\/person\/1a8f4c2a3418412187dff039ecf9d97e\"},\"breadcrumb\":{\"@id\":\"https:\/\/obispadoarica.cl\/home\/papa-leon-xiv-se-reunio-con-obispos-del-comite-permanente-del-episcopado-chileno\/#breadcrumb\"},\"inLanguage\":\"es\",\"potentialAction\":[{\"@type\":\"ReadAction\",\"target\":[\"https:\/\/obispadoarica.cl\/home\/papa-leon-xiv-se-reunio-con-obispos-del-comite-permanente-del-episcopado-chileno\/\"]}]},{\"@type\":\"ImageObject\",\"inLanguage\":\"es\",\"@id\":\"https:\/\/obispadoarica.cl\/home\/papa-leon-xiv-se-reunio-con-obispos-del-comite-permanente-del-episcopado-chileno\/#primaryimage\",\"url\":\"https:\/\/obispadoarica.cl\/home\/wp-content\/uploads\/2025\/10\/Gale68ff77de70078_27102025_1047am.jpg\",\"contentUrl\":\"https:\/\/obispadoarica.cl\/home\/wp-content\/uploads\/2025\/10\/Gale68ff77de70078_27102025_1047am.jpg\",\"width\":1000,\"height\":667},{\"@type\":\"BreadcrumbList\",\"@id\":\"https:\/\/obispadoarica.cl\/home\/papa-leon-xiv-se-reunio-con-obispos-del-comite-permanente-del-episcopado-chileno\/#breadcrumb\",\"itemListElement\":[{\"@type\":\"ListItem\",\"position\":1,\"name\":\"Portada\",\"item\":\"https:\/\/obispadoarica.cl\/home\/\"},{\"@type\":\"ListItem\",\"position\":2,\"name\":\"Papa Le\u00f3n XIV se reuni\u00f3 con Obispos del Comit\u00e9 Permanente del Episcopado chileno\"}]},{\"@type\":\"WebSite\",\"@id\":\"https:\/\/obispadoarica.cl\/home\/#website\",\"url\":\"https:\/\/obispadoarica.cl\/home\/\",\"name\":\"Obispado San Marcos de Arica\",\"description\":\"Di\u00f3cesis San Marcos de Arica\",\"potentialAction\":[{\"@type\":\"SearchAction\",\"target\":{\"@type\":\"EntryPoint\",\"urlTemplate\":\"https:\/\/obispadoarica.cl\/home\/?s={search_term_string}\"},\"query-input\":{\"@type\":\"PropertyValueSpecification\",\"valueRequired\":true,\"valueName\":\"search_term_string\"}}],\"inLanguage\":\"es\"},{\"@type\":\"Person\",\"@id\":\"https:\/\/obispadoarica.cl\/home\/#\/schema\/person\/1a8f4c2a3418412187dff039ecf9d97e\",\"name\":\"Obispado de Arica\",\"image\":{\"@type\":\"ImageObject\",\"inLanguage\":\"es\",\"@id\":\"https:\/\/obispadoarica.cl\/home\/#\/schema\/person\/image\/\",\"url\":\"https:\/\/secure.gravatar.com\/avatar\/c75d5ceafb11502016ed664658884b0b1b183fa6f96260878f47ac58f950c8d9?s=96&d=mm&r=g\",\"contentUrl\":\"https:\/\/secure.gravatar.com\/avatar\/c75d5ceafb11502016ed664658884b0b1b183fa6f96260878f47ac58f950c8d9?s=96&d=mm&r=g\",\"caption\":\"Obispado de Arica\"},\"url\":\"https:\/\/obispadoarica.cl\/home\/author\/c1300590\/\"}]}<\/script>\n<!-- \/ Yoast SEO plugin. -->","yoast_head_json":{"title":"Papa Le\u00f3n XIV se reuni\u00f3 con Obispos del Comit\u00e9 Permanente del Episcopado chileno - Obispado San Marcos de Arica","robots":{"index":"index","follow":"follow","max-snippet":"max-snippet:-1","max-image-preview":"max-image-preview:large","max-video-preview":"max-video-preview:-1"},"canonical":"https:\/\/obispadoarica.cl\/home\/papa-leon-xiv-se-reunio-con-obispos-del-comite-permanente-del-episcopado-chileno\/","og_locale":"es_ES","og_type":"article","og_title":"Papa Le\u00f3n XIV se reuni\u00f3 con Obispos del Comit\u00e9 Permanente del Episcopado chileno - Obispado San Marcos de Arica","og_description":"En un clima de fraternidad y comuni\u00f3n eclesial, el Papa Le\u00f3n XIV recibi\u00f3 en audiencia privada, la ma\u00f1ana de este lunes 27 de octubre, a los obispos integrantes del Comit\u00e9 Permanente de la Conferencia Episcopal de Chile (CECh), ocasi\u00f3n en la que se invit\u00f3 formalmente al Santo Padre a realizar una visita al pa\u00eds. El [...]","og_url":"https:\/\/obispadoarica.cl\/home\/papa-leon-xiv-se-reunio-con-obispos-del-comite-permanente-del-episcopado-chileno\/","og_site_name":"Obispado San Marcos de Arica","article_published_time":"2025-10-29T02:40:42+00:00","article_modified_time":"2025-10-29T02:40:43+00:00","og_image":[{"width":1000,"height":667,"url":"https:\/\/obispadoarica.cl\/home\/wp-content\/uploads\/2025\/10\/Gale68ff77de70078_27102025_1047am.jpg","type":"image\/jpeg"}],"author":"Obispado de Arica","twitter_card":"summary_large_image","twitter_misc":{"Escrito por":"Obispado de Arica","Tiempo de lectura":"5 minutos"},"schema":{"@context":"https:\/\/schema.org","@graph":[{"@type":"WebPage","@id":"https:\/\/obispadoarica.cl\/home\/papa-leon-xiv-se-reunio-con-obispos-del-comite-permanente-del-episcopado-chileno\/","url":"https:\/\/obispadoarica.cl\/home\/papa-leon-xiv-se-reunio-con-obispos-del-comite-permanente-del-episcopado-chileno\/","name":"Papa Le\u00f3n XIV se reuni\u00f3 con Obispos del Comit\u00e9 Permanente del Episcopado chileno - Obispado San Marcos de Arica","isPartOf":{"@id":"https:\/\/obispadoarica.cl\/home\/#website"},"primaryImageOfPage":{"@id":"https:\/\/obispadoarica.cl\/home\/papa-leon-xiv-se-reunio-con-obispos-del-comite-permanente-del-episcopado-chileno\/#primaryimage"},"image":{"@id":"https:\/\/obispadoarica.cl\/home\/papa-leon-xiv-se-reunio-con-obispos-del-comite-permanente-del-episcopado-chileno\/#primaryimage"},"thumbnailUrl":"https:\/\/obispadoarica.cl\/home\/wp-content\/uploads\/2025\/10\/Gale68ff77de70078_27102025_1047am.jpg","datePublished":"2025-10-29T02:40:42+00:00","dateModified":"2025-10-29T02:40:43+00:00","author":{"@id":"https:\/\/obispadoarica.cl\/home\/#\/schema\/person\/1a8f4c2a3418412187dff039ecf9d97e"},"breadcrumb":{"@id":"https:\/\/obispadoarica.cl\/home\/papa-leon-xiv-se-reunio-con-obispos-del-comite-permanente-del-episcopado-chileno\/#breadcrumb"},"inLanguage":"es","potentialAction":[{"@type":"ReadAction","target":["https:\/\/obispadoarica.cl\/home\/papa-leon-xiv-se-reunio-con-obispos-del-comite-permanente-del-episcopado-chileno\/"]}]},{"@type":"ImageObject","inLanguage":"es","@id":"https:\/\/obispadoarica.cl\/home\/papa-leon-xiv-se-reunio-con-obispos-del-comite-permanente-del-episcopado-chileno\/#primaryimage","url":"https:\/\/obispadoarica.cl\/home\/wp-content\/uploads\/2025\/10\/Gale68ff77de70078_27102025_1047am.jpg","contentUrl":"https:\/\/obispadoarica.cl\/home\/wp-content\/uploads\/2025\/10\/Gale68ff77de70078_27102025_1047am.jpg","width":1000,"height":667},{"@type":"BreadcrumbList","@id":"https:\/\/obispadoarica.cl\/home\/papa-leon-xiv-se-reunio-con-obispos-del-comite-permanente-del-episcopado-chileno\/#breadcrumb","itemListElement":[{"@type":"ListItem","position":1,"name":"Portada","item":"https:\/\/obispadoarica.cl\/home\/"},{"@type":"ListItem","position":2,"name":"Papa Le\u00f3n XIV se reuni\u00f3 con Obispos del Comit\u00e9 Permanente del Episcopado chileno"}]},{"@type":"WebSite","@id":"https:\/\/obispadoarica.cl\/home\/#website","url":"https:\/\/obispadoarica.cl\/home\/","name":"Obispado San Marcos de Arica","description":"Di\u00f3cesis San Marcos de Arica","potentialAction":[{"@type":"SearchAction","target":{"@type":"EntryPoint","urlTemplate":"https:\/\/obispadoarica.cl\/home\/?s={search_term_string}"},"query-input":{"@type":"PropertyValueSpecification","valueRequired":true,"valueName":"search_term_string"}}],"inLanguage":"es"},{"@type":"Person","@id":"https:\/\/obispadoarica.cl\/home\/#\/schema\/person\/1a8f4c2a3418412187dff039ecf9d97e","name":"Obispado de Arica","image":{"@type":"ImageObject","inLanguage":"es","@id":"https:\/\/obispadoarica.cl\/home\/#\/schema\/person\/image\/","url":"https:\/\/secure.gravatar.com\/avatar\/c75d5ceafb11502016ed664658884b0b1b183fa6f96260878f47ac58f950c8d9?s=96&d=mm&r=g","contentUrl":"https:\/\/secure.gravatar.com\/avatar\/c75d5ceafb11502016ed664658884b0b1b183fa6f96260878f47ac58f950c8d9?s=96&d=mm&r=g","caption":"Obispado de Arica"},"url":"https:\/\/obispadoarica.cl\/home\/author\/c1300590\/"}]}},"_links":{"self":[{"href":"https:\/\/obispadoarica.cl\/home\/wp-json\/wp\/v2\/posts\/3996","targetHints":{"allow":["GET"]}}],"collection":[{"href":"https:\/\/obispadoarica.cl\/home\/wp-json\/wp\/v2\/posts"}],"about":[{"href":"https:\/\/obispadoarica.cl\/home\/wp-json\/wp\/v2\/types\/post"}],"author":[{"embeddable":true,"href":"https:\/\/obispadoarica.cl\/home\/wp-json\/wp\/v2\/users\/2"}],"replies":[{"embeddable":true,"href":"https:\/\/obispadoarica.cl\/home\/wp-json\/wp\/v2\/comments?post=3996"}],"version-history":[{"count":1,"href":"https:\/\/obispadoarica.cl\/home\/wp-json\/wp\/v2\/posts\/3996\/revisions"}],"predecessor-version":[{"id":4006,"href":"https:\/\/obispadoarica.cl\/home\/wp-json\/wp\/v2\/posts\/3996\/revisions\/4006"}],"wp:featuredmedia":[{"embeddable":true,"href":"https:\/\/obispadoarica.cl\/home\/wp-json\/wp\/v2\/media\/4005"}],"wp:attachment":[{"href":"https:\/\/obispadoarica.cl\/home\/wp-json\/wp\/v2\/media?parent=3996"}],"wp:term":[{"taxonomy":"category","embeddable":true,"href":"https:\/\/obispadoarica.cl\/home\/wp-json\/wp\/v2\/categories?post=3996"},{"taxonomy":"post_tag","embeddable":true,"href":"https:\/\/obispadoarica.cl\/home\/wp-json\/wp\/v2\/tags?post=3996"}],"curies":[{"name":"wp","href":"https:\/\/api.w.org\/{rel}","templated":true}]}}