{"id":4011,"date":"2025-11-04T20:40:28","date_gmt":"2025-11-05T00:40:28","guid":{"rendered":"https:\/\/obispadoarica.cl\/home\/?p=4011"},"modified":"2025-11-04T20:40:30","modified_gmt":"2025-11-05T00:40:30","slug":"un-homenaje-de-devocion-entrega-de-la-condecoracion-a-la-virgen-de-las-penas-por-carabineros-de-chile","status":"publish","type":"post","link":"https:\/\/obispadoarica.cl\/home\/un-homenaje-de-devocion-entrega-de-la-condecoracion-a-la-virgen-de-las-penas-por-carabineros-de-chile\/","title":{"rendered":"Un homenaje de devoci\u00f3n: entrega de la condecoraci\u00f3n a la Virgen de las Pe\u00f1as por Carabineros de Chile"},"content":{"rendered":"\n\n\n<p><em>Tras la imposici\u00f3n de la medalla \u00abAlguacil Mayor Juan G\u00f3mez de Almagro\u00bb, en el grado de Alguacil a Nuestra Se\u00f1ora del Rosario de Las Pe\u00f1as, otorgada en reconocimiento a la profunda devoci\u00f3n y cari\u00f1o de Carabineros de Chile hacia la Virgen, se concret\u00f3 la entrega formal del Decreto de dicho nombramiento a la Diocesis de San Marcos de Arica, s\u00edmbolo de un lazo perdurable entre Carabineros y nuestra patrona.<\/em><\/p>\n\n\n\n<p>Sin duda, la fiesta de Nuestra Se\u00f1ora del Rosario de Las Pe\u00f1as de este a\u00f1o estuvo marcada por un acontecimiento especialmente emotivo, en el cual se destac\u00f3 la devoci\u00f3n y el reconocimiento hacia la Virgen por parte de Carabineros de Chile. Durante la tradicional Eucarist\u00eda del Cuerpo de Alf\u00e9rez, la imagen de la Virgen fue condecorada con la medalla \u00abAlguacil Mayor Juan G\u00f3mez de Almagro\u00bb, en el grado de Alguacil.<\/p>\n\n\n\n<p>Esta iniciativa fue impulsada por el ex Jefe de Zona de Carabineros de Arica y Parinacota, General Pedro \u00c1lvarez, quien gestion\u00f3 la distinci\u00f3n como homenaje a la profunda veneraci\u00f3n que Carabineros de Chile profesan hacia la Virgen. La condecoraci\u00f3n se entreg\u00f3 en una emotiva ceremonia de imposici\u00f3n, celebrada en el Santuario de la Quebrada de Livilcar, durante la Eucarist\u00eda del Cuerpo de Alf\u00e9rez, presidida por Monse\u00f1or Mois\u00e9s Atisha, con la presencia del Coronel Julio Alvear Lillo, en representaci\u00f3n del General Director de Carabineros, Marcelo Araya Zapata.<\/p>\n\n\n\n<p>Ante esta importante distinci\u00f3n y una vez finalizada esta festividad, Monse\u00f1or Mois\u00e9s Atisha sostuvo una reuni\u00f3n con el Coronel Julio Alvear Lillo. Quien le hizo entrega oficial de la Banda de razo Oficial General y Piocha que la Instituci\u00f3n otorg\u00f3 a la Madre de Dios, que en la Zona Norte de Carabineros de Chile de Arica y Parinacota es honrada bajo la advocaci\u00f3n de \u201cVirgen de Nuestra Se\u00f1ora de las Pe\u00f1as\u201d, seg\u00fan lo establecido en la Resoluci\u00f3n Exenta N\u00b0706 emitida en Santiago con fecha 30 de septiembre y publicada en el Bolet\u00edn Oficial de Carabineros de Chile N\u00b0 5202, ratificando a trav\u00e9s de este acto simb\u00f3lico la importancia que esto significa para la Instituci\u00f3n.<\/p>\n\n\n\n<p>Sin lugar a dudas, esta significativa instancia formaliz\u00f3 la noble iniciativa de Carabineros de Chile, consolidando la condecoraci\u00f3n de la Virgen de las Pe\u00f1as como un s\u00edmbolo perdurable de la devoci\u00f3n, el respeto y el cari\u00f1o de la Instituci\u00f3n hacia su patrona. Este homenaje fortalecer\u00e1 el reconocimiento de la Virgen de las Pe\u00f1as a lo largo del tiempo.<\/p>\n\n\n\n<p><strong>Fuente: Comunicaciones Arica<\/strong><br><em>Arica, 04-11-2025<\/em><\/p>\n\n\n\n<figure class=\"wp-block-gallery has-nested-images columns-default is-cropped wp-block-gallery-1 is-layout-flex wp-block-gallery-is-layout-flex\">\n<figure class=\"wp-block-image size-large\"><a href=\"https:\/\/obispadoarica.cl\/home\/wp-content\/uploads\/2025\/11\/img_gale_690a3af33d836_04112025.jpg\"><img fetchpriority=\"high\" decoding=\"async\" width=\"392\" height=\"526\" data-id=\"4015\" src=\"https:\/\/obispadoarica.cl\/home\/wp-content\/uploads\/2025\/11\/img_gale_690a3af33d836_04112025.jpg\" alt=\"\" class=\"wp-image-4015\" srcset=\"https:\/\/obispadoarica.cl\/home\/wp-content\/uploads\/2025\/11\/img_gale_690a3af33d836_04112025.jpg 392w, https:\/\/obispadoarica.cl\/home\/wp-content\/uploads\/2025\/11\/img_gale_690a3af33d836_04112025-224x300.jpg 224w\" sizes=\"(max-width: 392px) 100vw, 392px\" \/><\/a><\/figure>\n\n\n\n<figure class=\"wp-block-image size-large\"><a href=\"https:\/\/obispadoarica.cl\/home\/wp-content\/uploads\/2025\/11\/img_gale_690a3af34cb71_04112025.jpg\"><img decoding=\"async\" width=\"1000\" height=\"666\" data-id=\"4014\" src=\"https:\/\/obispadoarica.cl\/home\/wp-content\/uploads\/2025\/11\/img_gale_690a3af34cb71_04112025.jpg\" alt=\"\" class=\"wp-image-4014\" srcset=\"https:\/\/obispadoarica.cl\/home\/wp-content\/uploads\/2025\/11\/img_gale_690a3af34cb71_04112025.jpg 1000w, https:\/\/obispadoarica.cl\/home\/wp-content\/uploads\/2025\/11\/img_gale_690a3af34cb71_04112025-300x200.jpg 300w, https:\/\/obispadoarica.cl\/home\/wp-content\/uploads\/2025\/11\/img_gale_690a3af34cb71_04112025-768x511.jpg 768w\" sizes=\"(max-width: 1000px) 100vw, 1000px\" \/><\/a><\/figure>\n\n\n\n<figure class=\"wp-block-image size-large\"><a href=\"https:\/\/obispadoarica.cl\/home\/wp-content\/uploads\/2025\/11\/img_gale_690a3af356bd2_04112025.jpg\"><img decoding=\"async\" width=\"1000\" height=\"666\" data-id=\"4016\" src=\"https:\/\/obispadoarica.cl\/home\/wp-content\/uploads\/2025\/11\/img_gale_690a3af356bd2_04112025.jpg\" alt=\"\" class=\"wp-image-4016\" srcset=\"https:\/\/obispadoarica.cl\/home\/wp-content\/uploads\/2025\/11\/img_gale_690a3af356bd2_04112025.jpg 1000w, https:\/\/obispadoarica.cl\/home\/wp-content\/uploads\/2025\/11\/img_gale_690a3af356bd2_04112025-300x200.jpg 300w, https:\/\/obispadoarica.cl\/home\/wp-content\/uploads\/2025\/11\/img_gale_690a3af356bd2_04112025-768x511.jpg 768w\" sizes=\"(max-width: 1000px) 100vw, 1000px\" \/><\/a><\/figure>\n\n\n\n<figure class=\"wp-block-image size-large\"><a href=\"https:\/\/obispadoarica.cl\/home\/wp-content\/uploads\/2025\/11\/img_gale_690a3af361ce4_04112025.jpg\"><img loading=\"lazy\" decoding=\"async\" width=\"1000\" height=\"666\" data-id=\"4013\" src=\"https:\/\/obispadoarica.cl\/home\/wp-content\/uploads\/2025\/11\/img_gale_690a3af361ce4_04112025.jpg\" alt=\"\" class=\"wp-image-4013\" srcset=\"https:\/\/obispadoarica.cl\/home\/wp-content\/uploads\/2025\/11\/img_gale_690a3af361ce4_04112025.jpg 1000w, https:\/\/obispadoarica.cl\/home\/wp-content\/uploads\/2025\/11\/img_gale_690a3af361ce4_04112025-300x200.jpg 300w, https:\/\/obispadoarica.cl\/home\/wp-content\/uploads\/2025\/11\/img_gale_690a3af361ce4_04112025-768x511.jpg 768w\" sizes=\"(max-width: 1000px) 100vw, 1000px\" \/><\/a><\/figure>\n\n\n\n<figure class=\"wp-block-image size-large\"><a href=\"https:\/\/obispadoarica.cl\/home\/wp-content\/uploads\/2025\/11\/img_gale_690a3af3404b8_04112025.jpg\"><img loading=\"lazy\" decoding=\"async\" width=\"1000\" height=\"666\" data-id=\"4012\" src=\"https:\/\/obispadoarica.cl\/home\/wp-content\/uploads\/2025\/11\/img_gale_690a3af3404b8_04112025.jpg\" alt=\"\" class=\"wp-image-4012\" srcset=\"https:\/\/obispadoarica.cl\/home\/wp-content\/uploads\/2025\/11\/img_gale_690a3af3404b8_04112025.jpg 1000w, https:\/\/obispadoarica.cl\/home\/wp-content\/uploads\/2025\/11\/img_gale_690a3af3404b8_04112025-300x200.jpg 300w, https:\/\/obispadoarica.cl\/home\/wp-content\/uploads\/2025\/11\/img_gale_690a3af3404b8_04112025-768x511.jpg 768w\" sizes=\"(max-width: 1000px) 100vw, 1000px\" \/><\/a><\/figure>\n<\/figure>\n","protected":false},"excerpt":{"rendered":"<p>Tras la imposici\u00f3n de la medalla \u00abAlguacil Mayor Juan G\u00f3mez de Almagro\u00bb, en el grado de Alguacil a Nuestra Se\u00f1ora del Rosario de Las Pe\u00f1as, otorgada en reconocimiento a la profunda devoci\u00f3n y cari\u00f1o de Carabineros de Chile hacia la Virgen, se concret\u00f3 la entrega formal del Decreto de dicho nombramiento a la Diocesis de [&#8230;]\n","protected":false},"author":2,"featured_media":4013,"comment_status":"closed","ping_status":"open","sticky":false,"template":"","format":"standard","meta":{"footnotes":""},"categories":[7],"tags":[],"class_list":["post-4011","post","type-post","status-publish","format-standard","has-post-thumbnail","hentry","category-noticias"],"yoast_head":"<!-- This site is optimized with the Yoast SEO plugin v24.6 - https:\/\/yoast.com\/wordpress\/plugins\/seo\/ -->\n<title>Un homenaje de devoci\u00f3n: entrega de la condecoraci\u00f3n a la Virgen de las Pe\u00f1as por Carabineros de Chile - Obispado San Marcos de Arica<\/title>\n<meta name=\"robots\" content=\"index, follow, max-snippet:-1, max-image-preview:large, max-video-preview:-1\" \/>\n<link rel=\"canonical\" href=\"https:\/\/obispadoarica.cl\/home\/un-homenaje-de-devocion-entrega-de-la-condecoracion-a-la-virgen-de-las-penas-por-carabineros-de-chile\/\" \/>\n<meta property=\"og:locale\" content=\"es_ES\" \/>\n<meta property=\"og:type\" content=\"article\" \/>\n<meta property=\"og:title\" content=\"Un homenaje de devoci\u00f3n: entrega de la condecoraci\u00f3n a la Virgen de las Pe\u00f1as por Carabineros de Chile - Obispado San Marcos de Arica\" \/>\n<meta property=\"og:description\" content=\"Tras la imposici\u00f3n de la medalla \u00abAlguacil Mayor Juan G\u00f3mez de Almagro\u00bb, en el grado de Alguacil a Nuestra Se\u00f1ora del Rosario de Las Pe\u00f1as, otorgada en reconocimiento a la profunda devoci\u00f3n y cari\u00f1o de Carabineros de Chile hacia la Virgen, se concret\u00f3 la entrega formal del Decreto de dicho nombramiento a la Diocesis de [...]\" \/>\n<meta property=\"og:url\" content=\"https:\/\/obispadoarica.cl\/home\/un-homenaje-de-devocion-entrega-de-la-condecoracion-a-la-virgen-de-las-penas-por-carabineros-de-chile\/\" \/>\n<meta property=\"og:site_name\" content=\"Obispado San Marcos de Arica\" \/>\n<meta property=\"article:published_time\" content=\"2025-11-05T00:40:28+00:00\" \/>\n<meta property=\"article:modified_time\" content=\"2025-11-05T00:40:30+00:00\" \/>\n<meta property=\"og:image\" content=\"https:\/\/obispadoarica.cl\/home\/wp-content\/uploads\/2025\/11\/img_gale_690a3af361ce4_04112025.jpg\" \/>\n\t<meta property=\"og:image:width\" content=\"1000\" \/>\n\t<meta property=\"og:image:height\" content=\"666\" \/>\n\t<meta property=\"og:image:type\" content=\"image\/jpeg\" \/>\n<meta name=\"author\" content=\"Obispado de Arica\" \/>\n<meta name=\"twitter:card\" content=\"summary_large_image\" \/>\n<meta name=\"twitter:label1\" content=\"Escrito por\" \/>\n\t<meta name=\"twitter:data1\" content=\"Obispado de Arica\" \/>\n\t<meta name=\"twitter:label2\" content=\"Tiempo de lectura\" \/>\n\t<meta name=\"twitter:data2\" content=\"4 minutos\" \/>\n<script type=\"application\/ld+json\" class=\"yoast-schema-graph\">{\"@context\":\"https:\/\/schema.org\",\"@graph\":[{\"@type\":\"WebPage\",\"@id\":\"https:\/\/obispadoarica.cl\/home\/un-homenaje-de-devocion-entrega-de-la-condecoracion-a-la-virgen-de-las-penas-por-carabineros-de-chile\/\",\"url\":\"https:\/\/obispadoarica.cl\/home\/un-homenaje-de-devocion-entrega-de-la-condecoracion-a-la-virgen-de-las-penas-por-carabineros-de-chile\/\",\"name\":\"Un homenaje de devoci\u00f3n: entrega de la condecoraci\u00f3n a la Virgen de las Pe\u00f1as por Carabineros de Chile - Obispado San Marcos de Arica\",\"isPartOf\":{\"@id\":\"https:\/\/obispadoarica.cl\/home\/#website\"},\"primaryImageOfPage\":{\"@id\":\"https:\/\/obispadoarica.cl\/home\/un-homenaje-de-devocion-entrega-de-la-condecoracion-a-la-virgen-de-las-penas-por-carabineros-de-chile\/#primaryimage\"},\"image\":{\"@id\":\"https:\/\/obispadoarica.cl\/home\/un-homenaje-de-devocion-entrega-de-la-condecoracion-a-la-virgen-de-las-penas-por-carabineros-de-chile\/#primaryimage\"},\"thumbnailUrl\":\"https:\/\/obispadoarica.cl\/home\/wp-content\/uploads\/2025\/11\/img_gale_690a3af361ce4_04112025.jpg\",\"datePublished\":\"2025-11-05T00:40:28+00:00\",\"dateModified\":\"2025-11-05T00:40:30+00:00\",\"author\":{\"@id\":\"https:\/\/obispadoarica.cl\/home\/#\/schema\/person\/1a8f4c2a3418412187dff039ecf9d97e\"},\"breadcrumb\":{\"@id\":\"https:\/\/obispadoarica.cl\/home\/un-homenaje-de-devocion-entrega-de-la-condecoracion-a-la-virgen-de-las-penas-por-carabineros-de-chile\/#breadcrumb\"},\"inLanguage\":\"es\",\"potentialAction\":[{\"@type\":\"ReadAction\",\"target\":[\"https:\/\/obispadoarica.cl\/home\/un-homenaje-de-devocion-entrega-de-la-condecoracion-a-la-virgen-de-las-penas-por-carabineros-de-chile\/\"]}]},{\"@type\":\"ImageObject\",\"inLanguage\":\"es\",\"@id\":\"https:\/\/obispadoarica.cl\/home\/un-homenaje-de-devocion-entrega-de-la-condecoracion-a-la-virgen-de-las-penas-por-carabineros-de-chile\/#primaryimage\",\"url\":\"https:\/\/obispadoarica.cl\/home\/wp-content\/uploads\/2025\/11\/img_gale_690a3af361ce4_04112025.jpg\",\"contentUrl\":\"https:\/\/obispadoarica.cl\/home\/wp-content\/uploads\/2025\/11\/img_gale_690a3af361ce4_04112025.jpg\",\"width\":1000,\"height\":666},{\"@type\":\"BreadcrumbList\",\"@id\":\"https:\/\/obispadoarica.cl\/home\/un-homenaje-de-devocion-entrega-de-la-condecoracion-a-la-virgen-de-las-penas-por-carabineros-de-chile\/#breadcrumb\",\"itemListElement\":[{\"@type\":\"ListItem\",\"position\":1,\"name\":\"Portada\",\"item\":\"https:\/\/obispadoarica.cl\/home\/\"},{\"@type\":\"ListItem\",\"position\":2,\"name\":\"Un homenaje de devoci\u00f3n: entrega de la condecoraci\u00f3n a la Virgen de las Pe\u00f1as por Carabineros de Chile\"}]},{\"@type\":\"WebSite\",\"@id\":\"https:\/\/obispadoarica.cl\/home\/#website\",\"url\":\"https:\/\/obispadoarica.cl\/home\/\",\"name\":\"Obispado San Marcos de Arica\",\"description\":\"Di\u00f3cesis San Marcos de Arica\",\"potentialAction\":[{\"@type\":\"SearchAction\",\"target\":{\"@type\":\"EntryPoint\",\"urlTemplate\":\"https:\/\/obispadoarica.cl\/home\/?s={search_term_string}\"},\"query-input\":{\"@type\":\"PropertyValueSpecification\",\"valueRequired\":true,\"valueName\":\"search_term_string\"}}],\"inLanguage\":\"es\"},{\"@type\":\"Person\",\"@id\":\"https:\/\/obispadoarica.cl\/home\/#\/schema\/person\/1a8f4c2a3418412187dff039ecf9d97e\",\"name\":\"Obispado de Arica\",\"image\":{\"@type\":\"ImageObject\",\"inLanguage\":\"es\",\"@id\":\"https:\/\/obispadoarica.cl\/home\/#\/schema\/person\/image\/\",\"url\":\"https:\/\/secure.gravatar.com\/avatar\/c75d5ceafb11502016ed664658884b0b1b183fa6f96260878f47ac58f950c8d9?s=96&d=mm&r=g\",\"contentUrl\":\"https:\/\/secure.gravatar.com\/avatar\/c75d5ceafb11502016ed664658884b0b1b183fa6f96260878f47ac58f950c8d9?s=96&d=mm&r=g\",\"caption\":\"Obispado de Arica\"},\"url\":\"https:\/\/obispadoarica.cl\/home\/author\/c1300590\/\"}]}<\/script>\n<!-- \/ Yoast SEO plugin. -->","yoast_head_json":{"title":"Un homenaje de devoci\u00f3n: entrega de la condecoraci\u00f3n a la Virgen de las Pe\u00f1as por Carabineros de Chile - Obispado San Marcos de Arica","robots":{"index":"index","follow":"follow","max-snippet":"max-snippet:-1","max-image-preview":"max-image-preview:large","max-video-preview":"max-video-preview:-1"},"canonical":"https:\/\/obispadoarica.cl\/home\/un-homenaje-de-devocion-entrega-de-la-condecoracion-a-la-virgen-de-las-penas-por-carabineros-de-chile\/","og_locale":"es_ES","og_type":"article","og_title":"Un homenaje de devoci\u00f3n: entrega de la condecoraci\u00f3n a la Virgen de las Pe\u00f1as por Carabineros de Chile - Obispado San Marcos de Arica","og_description":"Tras la imposici\u00f3n de la medalla \u00abAlguacil Mayor Juan G\u00f3mez de Almagro\u00bb, en el grado de Alguacil a Nuestra Se\u00f1ora del Rosario de Las Pe\u00f1as, otorgada en reconocimiento a la profunda devoci\u00f3n y cari\u00f1o de Carabineros de Chile hacia la Virgen, se concret\u00f3 la entrega formal del Decreto de dicho nombramiento a la Diocesis de [...]","og_url":"https:\/\/obispadoarica.cl\/home\/un-homenaje-de-devocion-entrega-de-la-condecoracion-a-la-virgen-de-las-penas-por-carabineros-de-chile\/","og_site_name":"Obispado San Marcos de Arica","article_published_time":"2025-11-05T00:40:28+00:00","article_modified_time":"2025-11-05T00:40:30+00:00","og_image":[{"width":1000,"height":666,"url":"https:\/\/obispadoarica.cl\/home\/wp-content\/uploads\/2025\/11\/img_gale_690a3af361ce4_04112025.jpg","type":"image\/jpeg"}],"author":"Obispado de Arica","twitter_card":"summary_large_image","twitter_misc":{"Escrito por":"Obispado de Arica","Tiempo de lectura":"4 minutos"},"schema":{"@context":"https:\/\/schema.org","@graph":[{"@type":"WebPage","@id":"https:\/\/obispadoarica.cl\/home\/un-homenaje-de-devocion-entrega-de-la-condecoracion-a-la-virgen-de-las-penas-por-carabineros-de-chile\/","url":"https:\/\/obispadoarica.cl\/home\/un-homenaje-de-devocion-entrega-de-la-condecoracion-a-la-virgen-de-las-penas-por-carabineros-de-chile\/","name":"Un homenaje de devoci\u00f3n: entrega de la condecoraci\u00f3n a la Virgen de las Pe\u00f1as por Carabineros de Chile - Obispado San Marcos de Arica","isPartOf":{"@id":"https:\/\/obispadoarica.cl\/home\/#website"},"primaryImageOfPage":{"@id":"https:\/\/obispadoarica.cl\/home\/un-homenaje-de-devocion-entrega-de-la-condecoracion-a-la-virgen-de-las-penas-por-carabineros-de-chile\/#primaryimage"},"image":{"@id":"https:\/\/obispadoarica.cl\/home\/un-homenaje-de-devocion-entrega-de-la-condecoracion-a-la-virgen-de-las-penas-por-carabineros-de-chile\/#primaryimage"},"thumbnailUrl":"https:\/\/obispadoarica.cl\/home\/wp-content\/uploads\/2025\/11\/img_gale_690a3af361ce4_04112025.jpg","datePublished":"2025-11-05T00:40:28+00:00","dateModified":"2025-11-05T00:40:30+00:00","author":{"@id":"https:\/\/obispadoarica.cl\/home\/#\/schema\/person\/1a8f4c2a3418412187dff039ecf9d97e"},"breadcrumb":{"@id":"https:\/\/obispadoarica.cl\/home\/un-homenaje-de-devocion-entrega-de-la-condecoracion-a-la-virgen-de-las-penas-por-carabineros-de-chile\/#breadcrumb"},"inLanguage":"es","potentialAction":[{"@type":"ReadAction","target":["https:\/\/obispadoarica.cl\/home\/un-homenaje-de-devocion-entrega-de-la-condecoracion-a-la-virgen-de-las-penas-por-carabineros-de-chile\/"]}]},{"@type":"ImageObject","inLanguage":"es","@id":"https:\/\/obispadoarica.cl\/home\/un-homenaje-de-devocion-entrega-de-la-condecoracion-a-la-virgen-de-las-penas-por-carabineros-de-chile\/#primaryimage","url":"https:\/\/obispadoarica.cl\/home\/wp-content\/uploads\/2025\/11\/img_gale_690a3af361ce4_04112025.jpg","contentUrl":"https:\/\/obispadoarica.cl\/home\/wp-content\/uploads\/2025\/11\/img_gale_690a3af361ce4_04112025.jpg","width":1000,"height":666},{"@type":"BreadcrumbList","@id":"https:\/\/obispadoarica.cl\/home\/un-homenaje-de-devocion-entrega-de-la-condecoracion-a-la-virgen-de-las-penas-por-carabineros-de-chile\/#breadcrumb","itemListElement":[{"@type":"ListItem","position":1,"name":"Portada","item":"https:\/\/obispadoarica.cl\/home\/"},{"@type":"ListItem","position":2,"name":"Un homenaje de devoci\u00f3n: entrega de la condecoraci\u00f3n a la Virgen de las Pe\u00f1as por Carabineros de Chile"}]},{"@type":"WebSite","@id":"https:\/\/obispadoarica.cl\/home\/#website","url":"https:\/\/obispadoarica.cl\/home\/","name":"Obispado San Marcos de Arica","description":"Di\u00f3cesis San Marcos de Arica","potentialAction":[{"@type":"SearchAction","target":{"@type":"EntryPoint","urlTemplate":"https:\/\/obispadoarica.cl\/home\/?s={search_term_string}"},"query-input":{"@type":"PropertyValueSpecification","valueRequired":true,"valueName":"search_term_string"}}],"inLanguage":"es"},{"@type":"Person","@id":"https:\/\/obispadoarica.cl\/home\/#\/schema\/person\/1a8f4c2a3418412187dff039ecf9d97e","name":"Obispado de Arica","image":{"@type":"ImageObject","inLanguage":"es","@id":"https:\/\/obispadoarica.cl\/home\/#\/schema\/person\/image\/","url":"https:\/\/secure.gravatar.com\/avatar\/c75d5ceafb11502016ed664658884b0b1b183fa6f96260878f47ac58f950c8d9?s=96&d=mm&r=g","contentUrl":"https:\/\/secure.gravatar.com\/avatar\/c75d5ceafb11502016ed664658884b0b1b183fa6f96260878f47ac58f950c8d9?s=96&d=mm&r=g","caption":"Obispado de Arica"},"url":"https:\/\/obispadoarica.cl\/home\/author\/c1300590\/"}]}},"_links":{"self":[{"href":"https:\/\/obispadoarica.cl\/home\/wp-json\/wp\/v2\/posts\/4011","targetHints":{"allow":["GET"]}}],"collection":[{"href":"https:\/\/obispadoarica.cl\/home\/wp-json\/wp\/v2\/posts"}],"about":[{"href":"https:\/\/obispadoarica.cl\/home\/wp-json\/wp\/v2\/types\/post"}],"author":[{"embeddable":true,"href":"https:\/\/obispadoarica.cl\/home\/wp-json\/wp\/v2\/users\/2"}],"replies":[{"embeddable":true,"href":"https:\/\/obispadoarica.cl\/home\/wp-json\/wp\/v2\/comments?post=4011"}],"version-history":[{"count":1,"href":"https:\/\/obispadoarica.cl\/home\/wp-json\/wp\/v2\/posts\/4011\/revisions"}],"predecessor-version":[{"id":4017,"href":"https:\/\/obispadoarica.cl\/home\/wp-json\/wp\/v2\/posts\/4011\/revisions\/4017"}],"wp:featuredmedia":[{"embeddable":true,"href":"https:\/\/obispadoarica.cl\/home\/wp-json\/wp\/v2\/media\/4013"}],"wp:attachment":[{"href":"https:\/\/obispadoarica.cl\/home\/wp-json\/wp\/v2\/media?parent=4011"}],"wp:term":[{"taxonomy":"category","embeddable":true,"href":"https:\/\/obispadoarica.cl\/home\/wp-json\/wp\/v2\/categories?post=4011"},{"taxonomy":"post_tag","embeddable":true,"href":"https:\/\/obispadoarica.cl\/home\/wp-json\/wp\/v2\/tags?post=4011"}],"curies":[{"name":"wp","href":"https:\/\/api.w.org\/{rel}","templated":true}]}}