{"id":4034,"date":"2025-11-06T00:12:20","date_gmt":"2025-11-06T04:12:20","guid":{"rendered":"https:\/\/obispadoarica.cl\/home\/?p=4034"},"modified":"2025-11-06T00:12:22","modified_gmt":"2025-11-06T04:12:22","slug":"inician-restauracion-de-la-virgen-del-carmen-en-una-celebracion-marcada-por-la-fe-y-la-historia","status":"publish","type":"post","link":"https:\/\/obispadoarica.cl\/home\/inician-restauracion-de-la-virgen-del-carmen-en-una-celebracion-marcada-por-la-fe-y-la-historia\/","title":{"rendered":"Inician restauraci\u00f3n de la Virgen del Carmen en una celebraci\u00f3n marcada por la Fe y la historia"},"content":{"rendered":"\n\n\n<p><strong>La Di\u00f3cesis de Iquique dio inicio al proceso de restauraci\u00f3n de la hist\u00f3rica imagen de la Virgen del Carmen en el Santuario de La Tirana<\/strong><\/p>\n\n\n\n<p><em>La eucarist\u00eda, presidida por el obispo Isauro Covili, dio comienzo al proceso de restauraci\u00f3n de la venerada imagen, en un gesto que invita a la comunidad a vivir un tiempo de gracia, renovaci\u00f3n y restauraci\u00f3n personal y espiritual.<\/em><\/p>\n\n\n\n<p>La tarde del martes 4 de noviembre, en el Santuario de Nuestra Se\u00f1ora del Carmen de La Tirana, se celebr\u00f3 una eucarist\u00eda que marc\u00f3 el inicio oficial de los trabajos de restauraci\u00f3n de la venerada imagen de la Virgen del Carmen.<\/p>\n\n\n\n<p>La misa fue presidida por el hermano Isauro Covili Linfati, obispo de la Di\u00f3cesis de Iquique, concelebrada por el presb\u00edtero Eduardo Parraguez, rector del santuario, y acompa\u00f1ada por el di\u00e1cono permanente Sergio Fern\u00e1ndez. Participaron representantes de la Comunidad Custodia, el Museo de la Vivencia Religiosa del Norte Grande, la Federaci\u00f3n de Bailes Religiosos, el Cuerpo de Centinelas y Camareras, Compa\u00f1\u00eda Minera Collahuasi, el Baile Chino y los cuatro restauradores peruanos encargados de la intervenci\u00f3n.<\/p>\n\n\n\n<p>Durante su homil\u00eda, el obispo Covili invit\u00f3 a la comunidad a comprender la restauraci\u00f3n de la imagen como un proceso que trasciende lo material: \u201cPara restaurar una imagen no solo se requiere t\u00e9cnica o profesionalismo, sino tambi\u00e9n oraci\u00f3n, contemplaci\u00f3n de Jes\u00fas y vida comunitaria. Este debe ser un tiempo de gracia, de renovaci\u00f3n y de restauraci\u00f3n personal. La sociedad chilena necesita restaurarse, nuestras comunidades necesitan restaurarse.\u201d<\/p>\n\n\n\n<p>Asimismo, record\u00f3 que la Eucarist\u00eda es \u201cuna mesa amplia donde todos caben, especialmente los pobres y sencillos\u201d, destacando el llamado del Papa Le\u00f3n XIV, a trav\u00e9s de la carta \u201cDilexi Te\u201d, a mantener un amor preferencial por los m\u00e1s vulnerables.<\/p>\n\n\n\n<p>Uno de los momentos m\u00e1s significativos fue la presentaci\u00f3n de la Virgen en su talla original de madera de cedro rojo, sin vestimentas, hecho in\u00e9dito desde los procesos de chilenizaci\u00f3n. La Comisi\u00f3n de Restauraci\u00f3n explic\u00f3 que este gesto busc\u00f3 \u201ctransparentar ante el pueblo peregrino el inicio de este proyecto patrimonial\u201d y honrar la autenticidad de la imagen.<\/p>\n\n\n\n<p>Tras la bendici\u00f3n final, el padre Eduardo Parraguez expres\u00f3 su gratitud y esperanza: \u201cHoy iniciamos una nueva etapa en el Santuario. Esta imagen no nos acompa\u00f1ar\u00e1 durante el Mes de Mar\u00eda, pero lo har\u00e1 espiritualmente. El m\u00e1s hermoso adorno de una madre es la piedad de sus hijos.\u201d<\/p>\n\n\n\n<p>Posteriormente, el obispo invit\u00f3 al restaurador Max Chumbiauca y su equipo a presentarse ante la comunidad. Chumbiauca agradeci\u00f3 la confianza y asegur\u00f3 que \u201cesta obra ser\u00e1 realizada con esfuerzo, devoci\u00f3n y respeto, confiando en que la Virgen guiar\u00e1 nuestras manos\u201d.<\/p>\n\n\n\n<p>Por su parte, Karla Aguilera, directora del Museo y presidenta de la Comisi\u00f3n de Restauraci\u00f3n, expres\u00f3 su alegr\u00eda por este momento hist\u00f3rico: \u201cEstamos felices y orgullosos de iniciar este camino. Fue un proceso largo, pero hoy comenzamos con el coraz\u00f3n dispuesto. Que esta restauraci\u00f3n nos encuentre con la mirada puesta en Jes\u00fas y con los corazones restaurados para la fiesta del 2026.\u201d<\/p>\n\n\n\n<p>En sus palabras finales, el obispo Covili subray\u00f3 el sentido eclesial de esta obra: \u201cLa restauraci\u00f3n no es una tarea privada; es la Iglesia, el pueblo de Dios, quien restaura la imagen. La madre repara a la Iglesia y la Iglesia repara a la madre.\u201d<\/p>\n\n\n\n<p>La ceremonia culmin\u00f3 con la bendici\u00f3n de los restauradores y de la Comisi\u00f3n, seguida del traslado de la imagen hacia un espacio acondicionado dentro del santuario, donde se desarrollar\u00e1n los trabajos. El momento estuvo cargado de emoci\u00f3n y recogimiento por parte de los fieles presentes.<\/p>\n\n\n\n<p>El proyecto, que cuenta con el apoyo de la Compa\u00f1\u00eda Minera Do\u00f1a In\u00e9s de Collahuasi a trav\u00e9s de la Ley de Donaciones Culturales, contempla una duraci\u00f3n estimada de dos a tres meses, extendi\u00e9ndose hasta enero o febrero de 2026.<\/p>\n\n\n\n<p>Los trabajos incluir\u00e1n limpieza superficial y profunda, reparaci\u00f3n de grietas y fisuras, uni\u00f3n de fragmentos, proceso de dorado, reintegraci\u00f3n crom\u00e1tica y aplicaci\u00f3n de capas de protecci\u00f3n, todo debidamente documentado como un legado patrimonial, hist\u00f3rico y cultural para la regi\u00f3n y el pa\u00eds.<\/p>\n\n\n\n<p><strong>Fuente: Comunicaciones Di\u00f3cesis de Iquique<\/strong><br><em>La Tirana, 04-11-2025<\/em><\/p>\n\n\n\n<p><strong><em>Galer\u00edas:<\/em><\/strong><\/p>\n\n\n\n<figure class=\"wp-block-gallery has-nested-images columns-default is-cropped wp-block-gallery-1 is-layout-flex wp-block-gallery-is-layout-flex\">\n<figure class=\"wp-block-image size-large\"><a href=\"https:\/\/obispadoarica.cl\/home\/wp-content\/uploads\/2025\/11\/img_gale_690ac78f1a7fe_04112025.jpg\"><img fetchpriority=\"high\" decoding=\"async\" width=\"1000\" height=\"666\" data-id=\"4035\" src=\"https:\/\/obispadoarica.cl\/home\/wp-content\/uploads\/2025\/11\/img_gale_690ac78f1a7fe_04112025.jpg\" alt=\"\" class=\"wp-image-4035\" srcset=\"https:\/\/obispadoarica.cl\/home\/wp-content\/uploads\/2025\/11\/img_gale_690ac78f1a7fe_04112025.jpg 1000w, https:\/\/obispadoarica.cl\/home\/wp-content\/uploads\/2025\/11\/img_gale_690ac78f1a7fe_04112025-300x200.jpg 300w, https:\/\/obispadoarica.cl\/home\/wp-content\/uploads\/2025\/11\/img_gale_690ac78f1a7fe_04112025-768x511.jpg 768w\" sizes=\"(max-width: 1000px) 100vw, 1000px\" \/><\/a><\/figure>\n\n\n\n<figure class=\"wp-block-image size-large\"><a href=\"https:\/\/obispadoarica.cl\/home\/wp-content\/uploads\/2025\/11\/img_gale_690ac78f3b264_04112025.jpg\"><img decoding=\"async\" width=\"1000\" height=\"666\" data-id=\"4037\" src=\"https:\/\/obispadoarica.cl\/home\/wp-content\/uploads\/2025\/11\/img_gale_690ac78f3b264_04112025.jpg\" alt=\"\" class=\"wp-image-4037\" srcset=\"https:\/\/obispadoarica.cl\/home\/wp-content\/uploads\/2025\/11\/img_gale_690ac78f3b264_04112025.jpg 1000w, https:\/\/obispadoarica.cl\/home\/wp-content\/uploads\/2025\/11\/img_gale_690ac78f3b264_04112025-300x200.jpg 300w, https:\/\/obispadoarica.cl\/home\/wp-content\/uploads\/2025\/11\/img_gale_690ac78f3b264_04112025-768x511.jpg 768w\" sizes=\"(max-width: 1000px) 100vw, 1000px\" \/><\/a><\/figure>\n\n\n\n<figure class=\"wp-block-image size-large\"><a href=\"https:\/\/obispadoarica.cl\/home\/wp-content\/uploads\/2025\/11\/img_gale_690ac78f46ad4_04112025.jpg\"><img decoding=\"async\" width=\"1000\" height=\"666\" data-id=\"4040\" src=\"https:\/\/obispadoarica.cl\/home\/wp-content\/uploads\/2025\/11\/img_gale_690ac78f46ad4_04112025.jpg\" alt=\"\" class=\"wp-image-4040\" srcset=\"https:\/\/obispadoarica.cl\/home\/wp-content\/uploads\/2025\/11\/img_gale_690ac78f46ad4_04112025.jpg 1000w, https:\/\/obispadoarica.cl\/home\/wp-content\/uploads\/2025\/11\/img_gale_690ac78f46ad4_04112025-300x200.jpg 300w, https:\/\/obispadoarica.cl\/home\/wp-content\/uploads\/2025\/11\/img_gale_690ac78f46ad4_04112025-768x511.jpg 768w\" sizes=\"(max-width: 1000px) 100vw, 1000px\" \/><\/a><\/figure>\n\n\n\n<figure class=\"wp-block-image size-large\"><a href=\"https:\/\/obispadoarica.cl\/home\/wp-content\/uploads\/2025\/11\/img_gale_690ac78f061b8_04112025.jpg\"><img loading=\"lazy\" decoding=\"async\" width=\"1000\" height=\"666\" data-id=\"4039\" src=\"https:\/\/obispadoarica.cl\/home\/wp-content\/uploads\/2025\/11\/img_gale_690ac78f061b8_04112025.jpg\" alt=\"\" class=\"wp-image-4039\" srcset=\"https:\/\/obispadoarica.cl\/home\/wp-content\/uploads\/2025\/11\/img_gale_690ac78f061b8_04112025.jpg 1000w, https:\/\/obispadoarica.cl\/home\/wp-content\/uploads\/2025\/11\/img_gale_690ac78f061b8_04112025-300x200.jpg 300w, https:\/\/obispadoarica.cl\/home\/wp-content\/uploads\/2025\/11\/img_gale_690ac78f061b8_04112025-768x511.jpg 768w\" sizes=\"(max-width: 1000px) 100vw, 1000px\" \/><\/a><\/figure>\n\n\n\n<figure class=\"wp-block-image size-large\"><a href=\"https:\/\/obispadoarica.cl\/home\/wp-content\/uploads\/2025\/11\/img_gale_690ac78f3063e_04112025.jpg\"><img loading=\"lazy\" decoding=\"async\" width=\"1000\" height=\"666\" data-id=\"4036\" src=\"https:\/\/obispadoarica.cl\/home\/wp-content\/uploads\/2025\/11\/img_gale_690ac78f3063e_04112025.jpg\" alt=\"\" class=\"wp-image-4036\" srcset=\"https:\/\/obispadoarica.cl\/home\/wp-content\/uploads\/2025\/11\/img_gale_690ac78f3063e_04112025.jpg 1000w, https:\/\/obispadoarica.cl\/home\/wp-content\/uploads\/2025\/11\/img_gale_690ac78f3063e_04112025-300x200.jpg 300w, https:\/\/obispadoarica.cl\/home\/wp-content\/uploads\/2025\/11\/img_gale_690ac78f3063e_04112025-768x511.jpg 768w\" sizes=\"(max-width: 1000px) 100vw, 1000px\" \/><\/a><\/figure>\n\n\n\n<figure class=\"wp-block-image size-large\"><a href=\"https:\/\/obispadoarica.cl\/home\/wp-content\/uploads\/2025\/11\/img_gale_690ac78f25406_04112025.jpg\"><img loading=\"lazy\" decoding=\"async\" width=\"1000\" height=\"666\" data-id=\"4038\" src=\"https:\/\/obispadoarica.cl\/home\/wp-content\/uploads\/2025\/11\/img_gale_690ac78f25406_04112025.jpg\" alt=\"\" class=\"wp-image-4038\" srcset=\"https:\/\/obispadoarica.cl\/home\/wp-content\/uploads\/2025\/11\/img_gale_690ac78f25406_04112025.jpg 1000w, https:\/\/obispadoarica.cl\/home\/wp-content\/uploads\/2025\/11\/img_gale_690ac78f25406_04112025-300x200.jpg 300w, https:\/\/obispadoarica.cl\/home\/wp-content\/uploads\/2025\/11\/img_gale_690ac78f25406_04112025-768x511.jpg 768w\" sizes=\"(max-width: 1000px) 100vw, 1000px\" \/><\/a><\/figure>\n<\/figure>\n\n\n\n<p><strong><em>Video:<\/em><\/strong><\/p>\n\n\n\n<figure class=\"wp-block-embed is-type-video is-provider-youtube wp-block-embed-youtube wp-embed-aspect-16-9 wp-has-aspect-ratio\"><div class=\"wp-block-embed__wrapper\">\n<iframe title=\"INICIAN RESTAURACI\u00d3N DE LA VIRGEN DEL CARMEN EN UNA CELEBRACI\u00d3N MARCADA POR LA FE Y LA HISTORIA\" width=\"1020\" height=\"574\" src=\"https:\/\/www.youtube.com\/embed\/4jj9DhgrVpM?feature=oembed\" frameborder=\"0\" allow=\"accelerometer; autoplay; clipboard-write; encrypted-media; gyroscope; picture-in-picture; web-share\" referrerpolicy=\"strict-origin-when-cross-origin\" allowfullscreen><\/iframe>\n<\/div><\/figure>\n\n\n\n<p><\/p>\n","protected":false},"excerpt":{"rendered":"<p>La Di\u00f3cesis de Iquique dio inicio al proceso de restauraci\u00f3n de la hist\u00f3rica imagen de la Virgen del Carmen en el Santuario de La Tirana La eucarist\u00eda, presidida por el obispo Isauro Covili, dio comienzo al proceso de restauraci\u00f3n de la venerada imagen, en un gesto que invita a la comunidad a vivir un tiempo [&#8230;]\n","protected":false},"author":2,"featured_media":4039,"comment_status":"closed","ping_status":"open","sticky":false,"template":"","format":"standard","meta":{"footnotes":""},"categories":[7],"tags":[],"class_list":["post-4034","post","type-post","status-publish","format-standard","has-post-thumbnail","hentry","category-noticias"],"yoast_head":"<!-- This site is optimized with the Yoast SEO plugin v24.6 - https:\/\/yoast.com\/wordpress\/plugins\/seo\/ -->\n<title>Inician restauraci\u00f3n de la Virgen del Carmen en una celebraci\u00f3n marcada por la Fe y la historia - Obispado San Marcos de Arica<\/title>\n<meta name=\"robots\" content=\"index, follow, max-snippet:-1, max-image-preview:large, max-video-preview:-1\" \/>\n<link rel=\"canonical\" href=\"https:\/\/obispadoarica.cl\/home\/inician-restauracion-de-la-virgen-del-carmen-en-una-celebracion-marcada-por-la-fe-y-la-historia\/\" \/>\n<meta property=\"og:locale\" content=\"es_ES\" \/>\n<meta property=\"og:type\" content=\"article\" \/>\n<meta property=\"og:title\" content=\"Inician restauraci\u00f3n de la Virgen del Carmen en una celebraci\u00f3n marcada por la Fe y la historia - Obispado San Marcos de Arica\" \/>\n<meta property=\"og:description\" content=\"La Di\u00f3cesis de Iquique dio inicio al proceso de restauraci\u00f3n de la hist\u00f3rica imagen de la Virgen del Carmen en el Santuario de La Tirana La eucarist\u00eda, presidida por el obispo Isauro Covili, dio comienzo al proceso de restauraci\u00f3n de la venerada imagen, en un gesto que invita a la comunidad a vivir un tiempo [...]\" \/>\n<meta property=\"og:url\" content=\"https:\/\/obispadoarica.cl\/home\/inician-restauracion-de-la-virgen-del-carmen-en-una-celebracion-marcada-por-la-fe-y-la-historia\/\" \/>\n<meta property=\"og:site_name\" content=\"Obispado San Marcos de Arica\" \/>\n<meta property=\"article:published_time\" content=\"2025-11-06T04:12:20+00:00\" \/>\n<meta property=\"article:modified_time\" content=\"2025-11-06T04:12:22+00:00\" \/>\n<meta property=\"og:image\" content=\"https:\/\/obispadoarica.cl\/home\/wp-content\/uploads\/2025\/11\/img_gale_690ac78f061b8_04112025.jpg\" \/>\n\t<meta property=\"og:image:width\" content=\"1000\" \/>\n\t<meta property=\"og:image:height\" content=\"666\" \/>\n\t<meta property=\"og:image:type\" content=\"image\/jpeg\" \/>\n<meta name=\"author\" content=\"Obispado de Arica\" \/>\n<meta name=\"twitter:card\" content=\"summary_large_image\" \/>\n<meta name=\"twitter:label1\" content=\"Escrito por\" \/>\n\t<meta name=\"twitter:data1\" content=\"Obispado de Arica\" \/>\n\t<meta name=\"twitter:label2\" content=\"Tiempo de lectura\" \/>\n\t<meta name=\"twitter:data2\" content=\"5 minutos\" \/>\n<script type=\"application\/ld+json\" class=\"yoast-schema-graph\">{\"@context\":\"https:\/\/schema.org\",\"@graph\":[{\"@type\":\"WebPage\",\"@id\":\"https:\/\/obispadoarica.cl\/home\/inician-restauracion-de-la-virgen-del-carmen-en-una-celebracion-marcada-por-la-fe-y-la-historia\/\",\"url\":\"https:\/\/obispadoarica.cl\/home\/inician-restauracion-de-la-virgen-del-carmen-en-una-celebracion-marcada-por-la-fe-y-la-historia\/\",\"name\":\"Inician restauraci\u00f3n de la Virgen del Carmen en una celebraci\u00f3n marcada por la Fe y la historia - Obispado San Marcos de Arica\",\"isPartOf\":{\"@id\":\"https:\/\/obispadoarica.cl\/home\/#website\"},\"primaryImageOfPage\":{\"@id\":\"https:\/\/obispadoarica.cl\/home\/inician-restauracion-de-la-virgen-del-carmen-en-una-celebracion-marcada-por-la-fe-y-la-historia\/#primaryimage\"},\"image\":{\"@id\":\"https:\/\/obispadoarica.cl\/home\/inician-restauracion-de-la-virgen-del-carmen-en-una-celebracion-marcada-por-la-fe-y-la-historia\/#primaryimage\"},\"thumbnailUrl\":\"https:\/\/obispadoarica.cl\/home\/wp-content\/uploads\/2025\/11\/img_gale_690ac78f061b8_04112025.jpg\",\"datePublished\":\"2025-11-06T04:12:20+00:00\",\"dateModified\":\"2025-11-06T04:12:22+00:00\",\"author\":{\"@id\":\"https:\/\/obispadoarica.cl\/home\/#\/schema\/person\/1a8f4c2a3418412187dff039ecf9d97e\"},\"breadcrumb\":{\"@id\":\"https:\/\/obispadoarica.cl\/home\/inician-restauracion-de-la-virgen-del-carmen-en-una-celebracion-marcada-por-la-fe-y-la-historia\/#breadcrumb\"},\"inLanguage\":\"es\",\"potentialAction\":[{\"@type\":\"ReadAction\",\"target\":[\"https:\/\/obispadoarica.cl\/home\/inician-restauracion-de-la-virgen-del-carmen-en-una-celebracion-marcada-por-la-fe-y-la-historia\/\"]}]},{\"@type\":\"ImageObject\",\"inLanguage\":\"es\",\"@id\":\"https:\/\/obispadoarica.cl\/home\/inician-restauracion-de-la-virgen-del-carmen-en-una-celebracion-marcada-por-la-fe-y-la-historia\/#primaryimage\",\"url\":\"https:\/\/obispadoarica.cl\/home\/wp-content\/uploads\/2025\/11\/img_gale_690ac78f061b8_04112025.jpg\",\"contentUrl\":\"https:\/\/obispadoarica.cl\/home\/wp-content\/uploads\/2025\/11\/img_gale_690ac78f061b8_04112025.jpg\",\"width\":1000,\"height\":666},{\"@type\":\"BreadcrumbList\",\"@id\":\"https:\/\/obispadoarica.cl\/home\/inician-restauracion-de-la-virgen-del-carmen-en-una-celebracion-marcada-por-la-fe-y-la-historia\/#breadcrumb\",\"itemListElement\":[{\"@type\":\"ListItem\",\"position\":1,\"name\":\"Portada\",\"item\":\"https:\/\/obispadoarica.cl\/home\/\"},{\"@type\":\"ListItem\",\"position\":2,\"name\":\"Inician restauraci\u00f3n de la Virgen del Carmen en una celebraci\u00f3n marcada por la Fe y la historia\"}]},{\"@type\":\"WebSite\",\"@id\":\"https:\/\/obispadoarica.cl\/home\/#website\",\"url\":\"https:\/\/obispadoarica.cl\/home\/\",\"name\":\"Obispado San Marcos de Arica\",\"description\":\"Di\u00f3cesis San Marcos de Arica\",\"potentialAction\":[{\"@type\":\"SearchAction\",\"target\":{\"@type\":\"EntryPoint\",\"urlTemplate\":\"https:\/\/obispadoarica.cl\/home\/?s={search_term_string}\"},\"query-input\":{\"@type\":\"PropertyValueSpecification\",\"valueRequired\":true,\"valueName\":\"search_term_string\"}}],\"inLanguage\":\"es\"},{\"@type\":\"Person\",\"@id\":\"https:\/\/obispadoarica.cl\/home\/#\/schema\/person\/1a8f4c2a3418412187dff039ecf9d97e\",\"name\":\"Obispado de Arica\",\"image\":{\"@type\":\"ImageObject\",\"inLanguage\":\"es\",\"@id\":\"https:\/\/obispadoarica.cl\/home\/#\/schema\/person\/image\/\",\"url\":\"https:\/\/secure.gravatar.com\/avatar\/c75d5ceafb11502016ed664658884b0b1b183fa6f96260878f47ac58f950c8d9?s=96&d=mm&r=g\",\"contentUrl\":\"https:\/\/secure.gravatar.com\/avatar\/c75d5ceafb11502016ed664658884b0b1b183fa6f96260878f47ac58f950c8d9?s=96&d=mm&r=g\",\"caption\":\"Obispado de Arica\"},\"url\":\"https:\/\/obispadoarica.cl\/home\/author\/c1300590\/\"}]}<\/script>\n<!-- \/ Yoast SEO plugin. -->","yoast_head_json":{"title":"Inician restauraci\u00f3n de la Virgen del Carmen en una celebraci\u00f3n marcada por la Fe y la historia - Obispado San Marcos de Arica","robots":{"index":"index","follow":"follow","max-snippet":"max-snippet:-1","max-image-preview":"max-image-preview:large","max-video-preview":"max-video-preview:-1"},"canonical":"https:\/\/obispadoarica.cl\/home\/inician-restauracion-de-la-virgen-del-carmen-en-una-celebracion-marcada-por-la-fe-y-la-historia\/","og_locale":"es_ES","og_type":"article","og_title":"Inician restauraci\u00f3n de la Virgen del Carmen en una celebraci\u00f3n marcada por la Fe y la historia - Obispado San Marcos de Arica","og_description":"La Di\u00f3cesis de Iquique dio inicio al proceso de restauraci\u00f3n de la hist\u00f3rica imagen de la Virgen del Carmen en el Santuario de La Tirana La eucarist\u00eda, presidida por el obispo Isauro Covili, dio comienzo al proceso de restauraci\u00f3n de la venerada imagen, en un gesto que invita a la comunidad a vivir un tiempo [...]","og_url":"https:\/\/obispadoarica.cl\/home\/inician-restauracion-de-la-virgen-del-carmen-en-una-celebracion-marcada-por-la-fe-y-la-historia\/","og_site_name":"Obispado San Marcos de Arica","article_published_time":"2025-11-06T04:12:20+00:00","article_modified_time":"2025-11-06T04:12:22+00:00","og_image":[{"width":1000,"height":666,"url":"https:\/\/obispadoarica.cl\/home\/wp-content\/uploads\/2025\/11\/img_gale_690ac78f061b8_04112025.jpg","type":"image\/jpeg"}],"author":"Obispado de Arica","twitter_card":"summary_large_image","twitter_misc":{"Escrito por":"Obispado de Arica","Tiempo de lectura":"5 minutos"},"schema":{"@context":"https:\/\/schema.org","@graph":[{"@type":"WebPage","@id":"https:\/\/obispadoarica.cl\/home\/inician-restauracion-de-la-virgen-del-carmen-en-una-celebracion-marcada-por-la-fe-y-la-historia\/","url":"https:\/\/obispadoarica.cl\/home\/inician-restauracion-de-la-virgen-del-carmen-en-una-celebracion-marcada-por-la-fe-y-la-historia\/","name":"Inician restauraci\u00f3n de la Virgen del Carmen en una celebraci\u00f3n marcada por la Fe y la historia - Obispado San Marcos de Arica","isPartOf":{"@id":"https:\/\/obispadoarica.cl\/home\/#website"},"primaryImageOfPage":{"@id":"https:\/\/obispadoarica.cl\/home\/inician-restauracion-de-la-virgen-del-carmen-en-una-celebracion-marcada-por-la-fe-y-la-historia\/#primaryimage"},"image":{"@id":"https:\/\/obispadoarica.cl\/home\/inician-restauracion-de-la-virgen-del-carmen-en-una-celebracion-marcada-por-la-fe-y-la-historia\/#primaryimage"},"thumbnailUrl":"https:\/\/obispadoarica.cl\/home\/wp-content\/uploads\/2025\/11\/img_gale_690ac78f061b8_04112025.jpg","datePublished":"2025-11-06T04:12:20+00:00","dateModified":"2025-11-06T04:12:22+00:00","author":{"@id":"https:\/\/obispadoarica.cl\/home\/#\/schema\/person\/1a8f4c2a3418412187dff039ecf9d97e"},"breadcrumb":{"@id":"https:\/\/obispadoarica.cl\/home\/inician-restauracion-de-la-virgen-del-carmen-en-una-celebracion-marcada-por-la-fe-y-la-historia\/#breadcrumb"},"inLanguage":"es","potentialAction":[{"@type":"ReadAction","target":["https:\/\/obispadoarica.cl\/home\/inician-restauracion-de-la-virgen-del-carmen-en-una-celebracion-marcada-por-la-fe-y-la-historia\/"]}]},{"@type":"ImageObject","inLanguage":"es","@id":"https:\/\/obispadoarica.cl\/home\/inician-restauracion-de-la-virgen-del-carmen-en-una-celebracion-marcada-por-la-fe-y-la-historia\/#primaryimage","url":"https:\/\/obispadoarica.cl\/home\/wp-content\/uploads\/2025\/11\/img_gale_690ac78f061b8_04112025.jpg","contentUrl":"https:\/\/obispadoarica.cl\/home\/wp-content\/uploads\/2025\/11\/img_gale_690ac78f061b8_04112025.jpg","width":1000,"height":666},{"@type":"BreadcrumbList","@id":"https:\/\/obispadoarica.cl\/home\/inician-restauracion-de-la-virgen-del-carmen-en-una-celebracion-marcada-por-la-fe-y-la-historia\/#breadcrumb","itemListElement":[{"@type":"ListItem","position":1,"name":"Portada","item":"https:\/\/obispadoarica.cl\/home\/"},{"@type":"ListItem","position":2,"name":"Inician restauraci\u00f3n de la Virgen del Carmen en una celebraci\u00f3n marcada por la Fe y la historia"}]},{"@type":"WebSite","@id":"https:\/\/obispadoarica.cl\/home\/#website","url":"https:\/\/obispadoarica.cl\/home\/","name":"Obispado San Marcos de Arica","description":"Di\u00f3cesis San Marcos de Arica","potentialAction":[{"@type":"SearchAction","target":{"@type":"EntryPoint","urlTemplate":"https:\/\/obispadoarica.cl\/home\/?s={search_term_string}"},"query-input":{"@type":"PropertyValueSpecification","valueRequired":true,"valueName":"search_term_string"}}],"inLanguage":"es"},{"@type":"Person","@id":"https:\/\/obispadoarica.cl\/home\/#\/schema\/person\/1a8f4c2a3418412187dff039ecf9d97e","name":"Obispado de Arica","image":{"@type":"ImageObject","inLanguage":"es","@id":"https:\/\/obispadoarica.cl\/home\/#\/schema\/person\/image\/","url":"https:\/\/secure.gravatar.com\/avatar\/c75d5ceafb11502016ed664658884b0b1b183fa6f96260878f47ac58f950c8d9?s=96&d=mm&r=g","contentUrl":"https:\/\/secure.gravatar.com\/avatar\/c75d5ceafb11502016ed664658884b0b1b183fa6f96260878f47ac58f950c8d9?s=96&d=mm&r=g","caption":"Obispado de Arica"},"url":"https:\/\/obispadoarica.cl\/home\/author\/c1300590\/"}]}},"_links":{"self":[{"href":"https:\/\/obispadoarica.cl\/home\/wp-json\/wp\/v2\/posts\/4034","targetHints":{"allow":["GET"]}}],"collection":[{"href":"https:\/\/obispadoarica.cl\/home\/wp-json\/wp\/v2\/posts"}],"about":[{"href":"https:\/\/obispadoarica.cl\/home\/wp-json\/wp\/v2\/types\/post"}],"author":[{"embeddable":true,"href":"https:\/\/obispadoarica.cl\/home\/wp-json\/wp\/v2\/users\/2"}],"replies":[{"embeddable":true,"href":"https:\/\/obispadoarica.cl\/home\/wp-json\/wp\/v2\/comments?post=4034"}],"version-history":[{"count":1,"href":"https:\/\/obispadoarica.cl\/home\/wp-json\/wp\/v2\/posts\/4034\/revisions"}],"predecessor-version":[{"id":4041,"href":"https:\/\/obispadoarica.cl\/home\/wp-json\/wp\/v2\/posts\/4034\/revisions\/4041"}],"wp:featuredmedia":[{"embeddable":true,"href":"https:\/\/obispadoarica.cl\/home\/wp-json\/wp\/v2\/media\/4039"}],"wp:attachment":[{"href":"https:\/\/obispadoarica.cl\/home\/wp-json\/wp\/v2\/media?parent=4034"}],"wp:term":[{"taxonomy":"category","embeddable":true,"href":"https:\/\/obispadoarica.cl\/home\/wp-json\/wp\/v2\/categories?post=4034"},{"taxonomy":"post_tag","embeddable":true,"href":"https:\/\/obispadoarica.cl\/home\/wp-json\/wp\/v2\/tags?post=4034"}],"curies":[{"name":"wp","href":"https:\/\/api.w.org\/{rel}","templated":true}]}}