{"id":4054,"date":"2025-11-27T22:14:49","date_gmt":"2025-11-28T02:14:49","guid":{"rendered":"https:\/\/obispadoarica.cl\/home\/?p=4054"},"modified":"2025-11-27T22:14:51","modified_gmt":"2025-11-28T02:14:51","slug":"jovenes-de-arica-celebran-su-primera-jornada-diocesana-con-alegria-fe-y-unidad-bajo-el-lema-para-esto-hemos-sido-llamados-a-ser-uno-1-pe-221-jn-1721","status":"publish","type":"post","link":"https:\/\/obispadoarica.cl\/home\/jovenes-de-arica-celebran-su-primera-jornada-diocesana-con-alegria-fe-y-unidad-bajo-el-lema-para-esto-hemos-sido-llamados-a-ser-uno-1-pe-221-jn-1721\/","title":{"rendered":"J\u00f3venes de Arica celebran su Primera Jornada Diocesana con alegr\u00eda, fe y unidad bajo el lema: \u201cPara esto hemos sido llamados, a ser uno\u201d (1 pe 2,21; jn. 17,21)"},"content":{"rendered":"\n\n\n<p><em>La primera Jornada Diocesana de la Juventud reuni\u00f3 a j\u00f3venes de toda la di\u00f3cesis para compartir din\u00e1micas, testimonios, adoraci\u00f3n y una peregrinaci\u00f3n, en un d\u00eda marcado profundamente por la fe, el entusiasmo juvenil y el esp\u00edritu comunitario.<\/em><\/p>\n\n\n\n<p>En el marco del A\u00f1o Jubilar y bajo el lema \u201cPara esto hemos sido llamados: a ser uno\u201d (1 Pe. 2, 21; Jn. 17, 21), el s\u00e1bado 22 de noviembre, en v\u00edsperas de la Solemnidad de Jesucristo Rey del Universo, se llev\u00f3 a cabo en Arica la primera Jornada Diocesana de la Juventud. Cerca de 200 j\u00f3venes provenientes de diversas comunidades de la Pastoral Juvenil de la Di\u00f3cesis San Marcos de Arica, Hayu Khana, participaron de esta significativa instancia, encabezada por su asesor diocesano, el P. Jes\u00fas Apiolaza, junto al equipo coordinador.<\/p>\n\n\n\n<p>La jornada comenz\u00f3 en la Plaza de la Juventud, donde se reunieron colegios, movimientos, comunidades religiosas, capillas y parroquias. Entre juegos y din\u00e1micas pensadas para generar confianza y comuni\u00f3n, el ambiente se llen\u00f3 r\u00e1pidamente de alegr\u00eda juvenil, dando paso al inicio oficial de la actividad en la Parroquia San Pablo, ubicada frente a la plaza.<\/p>\n\n\n\n<p>La primera etapa estuvo marcada por un profundo acento vocacional. All\u00ed, Monse\u00f1or Mois\u00e9s Atisha, Obispo de la di\u00f3cesis, comparti\u00f3 con los j\u00f3venes su testimonio vocacional y relat\u00f3 c\u00f3mo fue descubriendo y respondiendo a los planes de Dios en su vida, captando la atenci\u00f3n y el coraz\u00f3n de todos los presentes. Posteriormente, las hermanas de CONFERRE Arica animaron un trabajo grupal para profundizar en el llamado personal que Dios hace a cada joven y en c\u00f3mo poner al servicio de los dem\u00e1s los dones que reconocen haber recibido de \u00c9l.<\/p>\n\n\n\n<p>Tras un momento de descanso, la jornada continu\u00f3 en la Ex Isla El Alacr\u00e1n, un entorno privilegiado para contemplar la naturaleza y abrir el coraz\u00f3n a Dios. All\u00ed se vivi\u00f3 un conmovedor momento de Adoraci\u00f3n al Sant\u00edsimo, donde Jes\u00fas Sacramentado fue expuesto para la oraci\u00f3n personal y comunitaria. Muchos j\u00f3venes, de rodillas, presentaron su vida a Cristo. En ese clima de silencio y recogimiento, tambi\u00e9n se ofreci\u00f3 el Sacramento de la Reconciliaci\u00f3n, al cual numerosos participantes acudieron mientras continuaba la Adoraci\u00f3n. Finalizado este momento, se emprendi\u00f3 una Peregrinaci\u00f3n rumbo a la Catedral San Marcos.<\/p>\n\n\n\n<p>En un ambiente festivo y de profunda unidad, los j\u00f3venes caminaron entonando cantos y din\u00e1micas hacia la Catedral San Marcos, Templo Jubilar designado para este A\u00f1o Santo. All\u00ed se celebr\u00f3 la Santa Misa, presidida por Mons. Mois\u00e9s Atisha y concelebrada por los sacerdotes que acompa\u00f1aron la jornada. Con esta Eucarist\u00eda se dio cierre a un d\u00eda colmado de fe, entusiasmo y comuni\u00f3n, culminando con la concesi\u00f3n de la Indulgencia Plenaria para quienes participaron cumpliendo las disposiciones correspondientes.<\/p>\n\n\n\n<p><strong>Fuente: Comunicaciones Arica<\/strong><br><em>Arica, 26-11-2025<\/em><\/p>\n\n\n\n<figure class=\"wp-block-gallery has-nested-images columns-default is-cropped wp-block-gallery-1 is-layout-flex wp-block-gallery-is-layout-flex\">\n<figure class=\"wp-block-image size-large\"><a href=\"https:\/\/obispadoarica.cl\/home\/wp-content\/uploads\/2025\/11\/img_gale_69271356e58dd_26112025.jpg\"><img fetchpriority=\"high\" decoding=\"async\" width=\"1000\" height=\"666\" data-id=\"4062\" src=\"https:\/\/obispadoarica.cl\/home\/wp-content\/uploads\/2025\/11\/img_gale_69271356e58dd_26112025.jpg\" alt=\"\" class=\"wp-image-4062\" srcset=\"https:\/\/obispadoarica.cl\/home\/wp-content\/uploads\/2025\/11\/img_gale_69271356e58dd_26112025.jpg 1000w, https:\/\/obispadoarica.cl\/home\/wp-content\/uploads\/2025\/11\/img_gale_69271356e58dd_26112025-300x200.jpg 300w, https:\/\/obispadoarica.cl\/home\/wp-content\/uploads\/2025\/11\/img_gale_69271356e58dd_26112025-768x511.jpg 768w\" sizes=\"(max-width: 1000px) 100vw, 1000px\" \/><\/a><\/figure>\n\n\n\n<figure class=\"wp-block-image size-large\"><a href=\"https:\/\/obispadoarica.cl\/home\/wp-content\/uploads\/2025\/11\/img_gale_69271356ed98b_26112025.jpg\"><img decoding=\"async\" width=\"1000\" height=\"666\" data-id=\"4059\" src=\"https:\/\/obispadoarica.cl\/home\/wp-content\/uploads\/2025\/11\/img_gale_69271356ed98b_26112025.jpg\" alt=\"\" class=\"wp-image-4059\" srcset=\"https:\/\/obispadoarica.cl\/home\/wp-content\/uploads\/2025\/11\/img_gale_69271356ed98b_26112025.jpg 1000w, https:\/\/obispadoarica.cl\/home\/wp-content\/uploads\/2025\/11\/img_gale_69271356ed98b_26112025-300x200.jpg 300w, https:\/\/obispadoarica.cl\/home\/wp-content\/uploads\/2025\/11\/img_gale_69271356ed98b_26112025-768x511.jpg 768w\" sizes=\"(max-width: 1000px) 100vw, 1000px\" \/><\/a><\/figure>\n\n\n\n<figure class=\"wp-block-image size-large\"><a href=\"https:\/\/obispadoarica.cl\/home\/wp-content\/uploads\/2025\/11\/img_gale_692713570e6ab_26112025.jpg\"><img decoding=\"async\" width=\"1000\" height=\"666\" data-id=\"4067\" src=\"https:\/\/obispadoarica.cl\/home\/wp-content\/uploads\/2025\/11\/img_gale_692713570e6ab_26112025.jpg\" alt=\"\" class=\"wp-image-4067\" srcset=\"https:\/\/obispadoarica.cl\/home\/wp-content\/uploads\/2025\/11\/img_gale_692713570e6ab_26112025.jpg 1000w, https:\/\/obispadoarica.cl\/home\/wp-content\/uploads\/2025\/11\/img_gale_692713570e6ab_26112025-300x200.jpg 300w, https:\/\/obispadoarica.cl\/home\/wp-content\/uploads\/2025\/11\/img_gale_692713570e6ab_26112025-768x511.jpg 768w\" sizes=\"(max-width: 1000px) 100vw, 1000px\" \/><\/a><\/figure>\n\n\n\n<figure class=\"wp-block-image size-large\"><a href=\"https:\/\/obispadoarica.cl\/home\/wp-content\/uploads\/2025\/11\/img_gale_692713571d350_26112025.jpg\"><img loading=\"lazy\" decoding=\"async\" width=\"1000\" height=\"666\" data-id=\"4055\" src=\"https:\/\/obispadoarica.cl\/home\/wp-content\/uploads\/2025\/11\/img_gale_692713571d350_26112025.jpg\" alt=\"\" class=\"wp-image-4055\" srcset=\"https:\/\/obispadoarica.cl\/home\/wp-content\/uploads\/2025\/11\/img_gale_692713571d350_26112025.jpg 1000w, https:\/\/obispadoarica.cl\/home\/wp-content\/uploads\/2025\/11\/img_gale_692713571d350_26112025-300x200.jpg 300w, https:\/\/obispadoarica.cl\/home\/wp-content\/uploads\/2025\/11\/img_gale_692713571d350_26112025-768x511.jpg 768w\" sizes=\"(max-width: 1000px) 100vw, 1000px\" \/><\/a><\/figure>\n\n\n\n<figure class=\"wp-block-image size-large\"><a href=\"https:\/\/obispadoarica.cl\/home\/wp-content\/uploads\/2025\/11\/img_gale_692713572ae55_26112025.jpg\"><img loading=\"lazy\" decoding=\"async\" width=\"1000\" height=\"666\" data-id=\"4066\" src=\"https:\/\/obispadoarica.cl\/home\/wp-content\/uploads\/2025\/11\/img_gale_692713572ae55_26112025.jpg\" alt=\"\" class=\"wp-image-4066\" srcset=\"https:\/\/obispadoarica.cl\/home\/wp-content\/uploads\/2025\/11\/img_gale_692713572ae55_26112025.jpg 1000w, https:\/\/obispadoarica.cl\/home\/wp-content\/uploads\/2025\/11\/img_gale_692713572ae55_26112025-300x200.jpg 300w, https:\/\/obispadoarica.cl\/home\/wp-content\/uploads\/2025\/11\/img_gale_692713572ae55_26112025-768x511.jpg 768w\" sizes=\"(max-width: 1000px) 100vw, 1000px\" \/><\/a><\/figure>\n\n\n\n<figure class=\"wp-block-image size-large\"><a href=\"https:\/\/obispadoarica.cl\/home\/wp-content\/uploads\/2025\/11\/img_gale_692713573f813_26112025.jpg\"><img loading=\"lazy\" decoding=\"async\" width=\"1000\" height=\"666\" data-id=\"4057\" src=\"https:\/\/obispadoarica.cl\/home\/wp-content\/uploads\/2025\/11\/img_gale_692713573f813_26112025.jpg\" alt=\"\" class=\"wp-image-4057\" srcset=\"https:\/\/obispadoarica.cl\/home\/wp-content\/uploads\/2025\/11\/img_gale_692713573f813_26112025.jpg 1000w, https:\/\/obispadoarica.cl\/home\/wp-content\/uploads\/2025\/11\/img_gale_692713573f813_26112025-300x200.jpg 300w, https:\/\/obispadoarica.cl\/home\/wp-content\/uploads\/2025\/11\/img_gale_692713573f813_26112025-768x511.jpg 768w\" sizes=\"(max-width: 1000px) 100vw, 1000px\" \/><\/a><\/figure>\n\n\n\n<figure class=\"wp-block-image size-large\"><a href=\"https:\/\/obispadoarica.cl\/home\/wp-content\/uploads\/2025\/11\/img_gale_692713574e06f_26112025.jpg\"><img loading=\"lazy\" decoding=\"async\" width=\"1000\" height=\"666\" data-id=\"4056\" src=\"https:\/\/obispadoarica.cl\/home\/wp-content\/uploads\/2025\/11\/img_gale_692713574e06f_26112025.jpg\" alt=\"\" class=\"wp-image-4056\" srcset=\"https:\/\/obispadoarica.cl\/home\/wp-content\/uploads\/2025\/11\/img_gale_692713574e06f_26112025.jpg 1000w, https:\/\/obispadoarica.cl\/home\/wp-content\/uploads\/2025\/11\/img_gale_692713574e06f_26112025-300x200.jpg 300w, https:\/\/obispadoarica.cl\/home\/wp-content\/uploads\/2025\/11\/img_gale_692713574e06f_26112025-768x511.jpg 768w\" sizes=\"(max-width: 1000px) 100vw, 1000px\" \/><\/a><\/figure>\n\n\n\n<figure class=\"wp-block-image size-large\"><a href=\"https:\/\/obispadoarica.cl\/home\/wp-content\/uploads\/2025\/11\/img_gale_6927135707ef2_26112025.jpg\"><img loading=\"lazy\" decoding=\"async\" width=\"1000\" height=\"666\" data-id=\"4065\" src=\"https:\/\/obispadoarica.cl\/home\/wp-content\/uploads\/2025\/11\/img_gale_6927135707ef2_26112025.jpg\" alt=\"\" class=\"wp-image-4065\" srcset=\"https:\/\/obispadoarica.cl\/home\/wp-content\/uploads\/2025\/11\/img_gale_6927135707ef2_26112025.jpg 1000w, https:\/\/obispadoarica.cl\/home\/wp-content\/uploads\/2025\/11\/img_gale_6927135707ef2_26112025-300x200.jpg 300w, https:\/\/obispadoarica.cl\/home\/wp-content\/uploads\/2025\/11\/img_gale_6927135707ef2_26112025-768x511.jpg 768w\" sizes=\"(max-width: 1000px) 100vw, 1000px\" \/><\/a><\/figure>\n\n\n\n<figure class=\"wp-block-image size-large\"><a href=\"https:\/\/obispadoarica.cl\/home\/wp-content\/uploads\/2025\/11\/img_gale_6927135723e24_26112025.jpg\"><img loading=\"lazy\" decoding=\"async\" width=\"1000\" height=\"666\" data-id=\"4068\" src=\"https:\/\/obispadoarica.cl\/home\/wp-content\/uploads\/2025\/11\/img_gale_6927135723e24_26112025.jpg\" alt=\"\" class=\"wp-image-4068\" srcset=\"https:\/\/obispadoarica.cl\/home\/wp-content\/uploads\/2025\/11\/img_gale_6927135723e24_26112025.jpg 1000w, https:\/\/obispadoarica.cl\/home\/wp-content\/uploads\/2025\/11\/img_gale_6927135723e24_26112025-300x200.jpg 300w, https:\/\/obispadoarica.cl\/home\/wp-content\/uploads\/2025\/11\/img_gale_6927135723e24_26112025-768x511.jpg 768w\" sizes=\"(max-width: 1000px) 100vw, 1000px\" \/><\/a><\/figure>\n\n\n\n<figure class=\"wp-block-image size-large\"><a href=\"https:\/\/obispadoarica.cl\/home\/wp-content\/uploads\/2025\/11\/img_gale_6927135746e1e_26112025.jpg\"><img loading=\"lazy\" decoding=\"async\" width=\"1000\" height=\"666\" data-id=\"4063\" src=\"https:\/\/obispadoarica.cl\/home\/wp-content\/uploads\/2025\/11\/img_gale_6927135746e1e_26112025.jpg\" alt=\"\" class=\"wp-image-4063\" srcset=\"https:\/\/obispadoarica.cl\/home\/wp-content\/uploads\/2025\/11\/img_gale_6927135746e1e_26112025.jpg 1000w, https:\/\/obispadoarica.cl\/home\/wp-content\/uploads\/2025\/11\/img_gale_6927135746e1e_26112025-300x200.jpg 300w, https:\/\/obispadoarica.cl\/home\/wp-content\/uploads\/2025\/11\/img_gale_6927135746e1e_26112025-768x511.jpg 768w\" sizes=\"(max-width: 1000px) 100vw, 1000px\" \/><\/a><\/figure>\n\n\n\n<figure class=\"wp-block-image size-large\"><a href=\"https:\/\/obispadoarica.cl\/home\/wp-content\/uploads\/2025\/11\/img_gale_69271357389fd_26112025.jpg\"><img loading=\"lazy\" decoding=\"async\" width=\"1000\" height=\"666\" data-id=\"4061\" src=\"https:\/\/obispadoarica.cl\/home\/wp-content\/uploads\/2025\/11\/img_gale_69271357389fd_26112025.jpg\" alt=\"\" class=\"wp-image-4061\" srcset=\"https:\/\/obispadoarica.cl\/home\/wp-content\/uploads\/2025\/11\/img_gale_69271357389fd_26112025.jpg 1000w, https:\/\/obispadoarica.cl\/home\/wp-content\/uploads\/2025\/11\/img_gale_69271357389fd_26112025-300x200.jpg 300w, https:\/\/obispadoarica.cl\/home\/wp-content\/uploads\/2025\/11\/img_gale_69271357389fd_26112025-768x511.jpg 768w\" sizes=\"(max-width: 1000px) 100vw, 1000px\" \/><\/a><\/figure>\n\n\n\n<figure class=\"wp-block-image size-large\"><a href=\"https:\/\/obispadoarica.cl\/home\/wp-content\/uploads\/2025\/11\/img_gale_692713571636f_26112025.jpg\"><img loading=\"lazy\" decoding=\"async\" width=\"1000\" height=\"666\" data-id=\"4058\" src=\"https:\/\/obispadoarica.cl\/home\/wp-content\/uploads\/2025\/11\/img_gale_692713571636f_26112025.jpg\" alt=\"\" class=\"wp-image-4058\" srcset=\"https:\/\/obispadoarica.cl\/home\/wp-content\/uploads\/2025\/11\/img_gale_692713571636f_26112025.jpg 1000w, https:\/\/obispadoarica.cl\/home\/wp-content\/uploads\/2025\/11\/img_gale_692713571636f_26112025-300x200.jpg 300w, https:\/\/obispadoarica.cl\/home\/wp-content\/uploads\/2025\/11\/img_gale_692713571636f_26112025-768x511.jpg 768w\" sizes=\"(max-width: 1000px) 100vw, 1000px\" \/><\/a><\/figure>\n\n\n\n<figure class=\"wp-block-image size-large\"><a href=\"https:\/\/obispadoarica.cl\/home\/wp-content\/uploads\/2025\/11\/img_gale_6927135700940_26112025.jpg\"><img loading=\"lazy\" decoding=\"async\" width=\"1000\" height=\"666\" data-id=\"4064\" src=\"https:\/\/obispadoarica.cl\/home\/wp-content\/uploads\/2025\/11\/img_gale_6927135700940_26112025.jpg\" alt=\"\" class=\"wp-image-4064\" srcset=\"https:\/\/obispadoarica.cl\/home\/wp-content\/uploads\/2025\/11\/img_gale_6927135700940_26112025.jpg 1000w, https:\/\/obispadoarica.cl\/home\/wp-content\/uploads\/2025\/11\/img_gale_6927135700940_26112025-300x200.jpg 300w, https:\/\/obispadoarica.cl\/home\/wp-content\/uploads\/2025\/11\/img_gale_6927135700940_26112025-768x511.jpg 768w\" sizes=\"(max-width: 1000px) 100vw, 1000px\" \/><\/a><\/figure>\n\n\n\n<figure class=\"wp-block-image size-large\"><a href=\"https:\/\/obispadoarica.cl\/home\/wp-content\/uploads\/2025\/11\/img_gale_6927135731922_26112025.jpg\"><img loading=\"lazy\" decoding=\"async\" width=\"1000\" height=\"666\" data-id=\"4060\" src=\"https:\/\/obispadoarica.cl\/home\/wp-content\/uploads\/2025\/11\/img_gale_6927135731922_26112025.jpg\" alt=\"\" class=\"wp-image-4060\" srcset=\"https:\/\/obispadoarica.cl\/home\/wp-content\/uploads\/2025\/11\/img_gale_6927135731922_26112025.jpg 1000w, https:\/\/obispadoarica.cl\/home\/wp-content\/uploads\/2025\/11\/img_gale_6927135731922_26112025-300x200.jpg 300w, https:\/\/obispadoarica.cl\/home\/wp-content\/uploads\/2025\/11\/img_gale_6927135731922_26112025-768x511.jpg 768w\" sizes=\"(max-width: 1000px) 100vw, 1000px\" \/><\/a><\/figure>\n<\/figure>\n","protected":false},"excerpt":{"rendered":"<p>La primera Jornada Diocesana de la Juventud reuni\u00f3 a j\u00f3venes de toda la di\u00f3cesis para compartir din\u00e1micas, testimonios, adoraci\u00f3n y una peregrinaci\u00f3n, en un d\u00eda marcado profundamente por la fe, el entusiasmo juvenil y el esp\u00edritu comunitario. En el marco del A\u00f1o Jubilar y bajo el lema \u201cPara esto hemos sido llamados: a ser uno\u201d [&#8230;]\n","protected":false},"author":2,"featured_media":4065,"comment_status":"closed","ping_status":"open","sticky":false,"template":"","format":"standard","meta":{"footnotes":""},"categories":[7],"tags":[],"class_list":["post-4054","post","type-post","status-publish","format-standard","has-post-thumbnail","hentry","category-noticias"],"yoast_head":"<!-- This site is optimized with the Yoast SEO plugin v24.6 - https:\/\/yoast.com\/wordpress\/plugins\/seo\/ -->\n<title>J\u00f3venes de Arica celebran su Primera Jornada Diocesana con alegr\u00eda, fe y unidad bajo el lema: \u201cPara esto hemos sido llamados, a ser uno\u201d (1 pe 2,21; jn. 17,21) - Obispado San Marcos de Arica<\/title>\n<meta name=\"robots\" content=\"index, follow, max-snippet:-1, max-image-preview:large, max-video-preview:-1\" \/>\n<link rel=\"canonical\" href=\"https:\/\/obispadoarica.cl\/home\/jovenes-de-arica-celebran-su-primera-jornada-diocesana-con-alegria-fe-y-unidad-bajo-el-lema-para-esto-hemos-sido-llamados-a-ser-uno-1-pe-221-jn-1721\/\" \/>\n<meta property=\"og:locale\" content=\"es_ES\" \/>\n<meta property=\"og:type\" content=\"article\" \/>\n<meta property=\"og:title\" content=\"J\u00f3venes de Arica celebran su Primera Jornada Diocesana con alegr\u00eda, fe y unidad bajo el lema: \u201cPara esto hemos sido llamados, a ser uno\u201d (1 pe 2,21; jn. 17,21) - Obispado San Marcos de Arica\" \/>\n<meta property=\"og:description\" content=\"La primera Jornada Diocesana de la Juventud reuni\u00f3 a j\u00f3venes de toda la di\u00f3cesis para compartir din\u00e1micas, testimonios, adoraci\u00f3n y una peregrinaci\u00f3n, en un d\u00eda marcado profundamente por la fe, el entusiasmo juvenil y el esp\u00edritu comunitario. En el marco del A\u00f1o Jubilar y bajo el lema \u201cPara esto hemos sido llamados: a ser uno\u201d [...]\" \/>\n<meta property=\"og:url\" content=\"https:\/\/obispadoarica.cl\/home\/jovenes-de-arica-celebran-su-primera-jornada-diocesana-con-alegria-fe-y-unidad-bajo-el-lema-para-esto-hemos-sido-llamados-a-ser-uno-1-pe-221-jn-1721\/\" \/>\n<meta property=\"og:site_name\" content=\"Obispado San Marcos de Arica\" \/>\n<meta property=\"article:published_time\" content=\"2025-11-28T02:14:49+00:00\" \/>\n<meta property=\"article:modified_time\" content=\"2025-11-28T02:14:51+00:00\" \/>\n<meta property=\"og:image\" content=\"https:\/\/obispadoarica.cl\/home\/wp-content\/uploads\/2025\/11\/img_gale_6927135707ef2_26112025.jpg\" \/>\n\t<meta property=\"og:image:width\" content=\"1000\" \/>\n\t<meta property=\"og:image:height\" content=\"666\" \/>\n\t<meta property=\"og:image:type\" content=\"image\/jpeg\" \/>\n<meta name=\"author\" content=\"Obispado de Arica\" \/>\n<meta name=\"twitter:card\" content=\"summary_large_image\" \/>\n<meta name=\"twitter:label1\" content=\"Escrito por\" \/>\n\t<meta name=\"twitter:data1\" content=\"Obispado de Arica\" \/>\n\t<meta name=\"twitter:label2\" content=\"Tiempo de lectura\" \/>\n\t<meta name=\"twitter:data2\" content=\"6 minutos\" \/>\n<script type=\"application\/ld+json\" class=\"yoast-schema-graph\">{\"@context\":\"https:\/\/schema.org\",\"@graph\":[{\"@type\":\"WebPage\",\"@id\":\"https:\/\/obispadoarica.cl\/home\/jovenes-de-arica-celebran-su-primera-jornada-diocesana-con-alegria-fe-y-unidad-bajo-el-lema-para-esto-hemos-sido-llamados-a-ser-uno-1-pe-221-jn-1721\/\",\"url\":\"https:\/\/obispadoarica.cl\/home\/jovenes-de-arica-celebran-su-primera-jornada-diocesana-con-alegria-fe-y-unidad-bajo-el-lema-para-esto-hemos-sido-llamados-a-ser-uno-1-pe-221-jn-1721\/\",\"name\":\"J\u00f3venes de Arica celebran su Primera Jornada Diocesana con alegr\u00eda, fe y unidad bajo el lema: \u201cPara esto hemos sido llamados, a ser uno\u201d (1 pe 2,21; jn. 17,21) - Obispado San Marcos de Arica\",\"isPartOf\":{\"@id\":\"https:\/\/obispadoarica.cl\/home\/#website\"},\"primaryImageOfPage\":{\"@id\":\"https:\/\/obispadoarica.cl\/home\/jovenes-de-arica-celebran-su-primera-jornada-diocesana-con-alegria-fe-y-unidad-bajo-el-lema-para-esto-hemos-sido-llamados-a-ser-uno-1-pe-221-jn-1721\/#primaryimage\"},\"image\":{\"@id\":\"https:\/\/obispadoarica.cl\/home\/jovenes-de-arica-celebran-su-primera-jornada-diocesana-con-alegria-fe-y-unidad-bajo-el-lema-para-esto-hemos-sido-llamados-a-ser-uno-1-pe-221-jn-1721\/#primaryimage\"},\"thumbnailUrl\":\"https:\/\/obispadoarica.cl\/home\/wp-content\/uploads\/2025\/11\/img_gale_6927135707ef2_26112025.jpg\",\"datePublished\":\"2025-11-28T02:14:49+00:00\",\"dateModified\":\"2025-11-28T02:14:51+00:00\",\"author\":{\"@id\":\"https:\/\/obispadoarica.cl\/home\/#\/schema\/person\/1a8f4c2a3418412187dff039ecf9d97e\"},\"breadcrumb\":{\"@id\":\"https:\/\/obispadoarica.cl\/home\/jovenes-de-arica-celebran-su-primera-jornada-diocesana-con-alegria-fe-y-unidad-bajo-el-lema-para-esto-hemos-sido-llamados-a-ser-uno-1-pe-221-jn-1721\/#breadcrumb\"},\"inLanguage\":\"es\",\"potentialAction\":[{\"@type\":\"ReadAction\",\"target\":[\"https:\/\/obispadoarica.cl\/home\/jovenes-de-arica-celebran-su-primera-jornada-diocesana-con-alegria-fe-y-unidad-bajo-el-lema-para-esto-hemos-sido-llamados-a-ser-uno-1-pe-221-jn-1721\/\"]}]},{\"@type\":\"ImageObject\",\"inLanguage\":\"es\",\"@id\":\"https:\/\/obispadoarica.cl\/home\/jovenes-de-arica-celebran-su-primera-jornada-diocesana-con-alegria-fe-y-unidad-bajo-el-lema-para-esto-hemos-sido-llamados-a-ser-uno-1-pe-221-jn-1721\/#primaryimage\",\"url\":\"https:\/\/obispadoarica.cl\/home\/wp-content\/uploads\/2025\/11\/img_gale_6927135707ef2_26112025.jpg\",\"contentUrl\":\"https:\/\/obispadoarica.cl\/home\/wp-content\/uploads\/2025\/11\/img_gale_6927135707ef2_26112025.jpg\",\"width\":1000,\"height\":666},{\"@type\":\"BreadcrumbList\",\"@id\":\"https:\/\/obispadoarica.cl\/home\/jovenes-de-arica-celebran-su-primera-jornada-diocesana-con-alegria-fe-y-unidad-bajo-el-lema-para-esto-hemos-sido-llamados-a-ser-uno-1-pe-221-jn-1721\/#breadcrumb\",\"itemListElement\":[{\"@type\":\"ListItem\",\"position\":1,\"name\":\"Portada\",\"item\":\"https:\/\/obispadoarica.cl\/home\/\"},{\"@type\":\"ListItem\",\"position\":2,\"name\":\"J\u00f3venes de Arica celebran su Primera Jornada Diocesana con alegr\u00eda, fe y unidad bajo el lema: \u201cPara esto hemos sido llamados, a ser uno\u201d (1 pe 2,21; jn. 17,21)\"}]},{\"@type\":\"WebSite\",\"@id\":\"https:\/\/obispadoarica.cl\/home\/#website\",\"url\":\"https:\/\/obispadoarica.cl\/home\/\",\"name\":\"Obispado San Marcos de Arica\",\"description\":\"Di\u00f3cesis San Marcos de Arica\",\"potentialAction\":[{\"@type\":\"SearchAction\",\"target\":{\"@type\":\"EntryPoint\",\"urlTemplate\":\"https:\/\/obispadoarica.cl\/home\/?s={search_term_string}\"},\"query-input\":{\"@type\":\"PropertyValueSpecification\",\"valueRequired\":true,\"valueName\":\"search_term_string\"}}],\"inLanguage\":\"es\"},{\"@type\":\"Person\",\"@id\":\"https:\/\/obispadoarica.cl\/home\/#\/schema\/person\/1a8f4c2a3418412187dff039ecf9d97e\",\"name\":\"Obispado de Arica\",\"image\":{\"@type\":\"ImageObject\",\"inLanguage\":\"es\",\"@id\":\"https:\/\/obispadoarica.cl\/home\/#\/schema\/person\/image\/\",\"url\":\"https:\/\/secure.gravatar.com\/avatar\/c75d5ceafb11502016ed664658884b0b1b183fa6f96260878f47ac58f950c8d9?s=96&d=mm&r=g\",\"contentUrl\":\"https:\/\/secure.gravatar.com\/avatar\/c75d5ceafb11502016ed664658884b0b1b183fa6f96260878f47ac58f950c8d9?s=96&d=mm&r=g\",\"caption\":\"Obispado de Arica\"},\"url\":\"https:\/\/obispadoarica.cl\/home\/author\/c1300590\/\"}]}<\/script>\n<!-- \/ Yoast SEO plugin. -->","yoast_head_json":{"title":"J\u00f3venes de Arica celebran su Primera Jornada Diocesana con alegr\u00eda, fe y unidad bajo el lema: \u201cPara esto hemos sido llamados, a ser uno\u201d (1 pe 2,21; jn. 17,21) - Obispado San Marcos de Arica","robots":{"index":"index","follow":"follow","max-snippet":"max-snippet:-1","max-image-preview":"max-image-preview:large","max-video-preview":"max-video-preview:-1"},"canonical":"https:\/\/obispadoarica.cl\/home\/jovenes-de-arica-celebran-su-primera-jornada-diocesana-con-alegria-fe-y-unidad-bajo-el-lema-para-esto-hemos-sido-llamados-a-ser-uno-1-pe-221-jn-1721\/","og_locale":"es_ES","og_type":"article","og_title":"J\u00f3venes de Arica celebran su Primera Jornada Diocesana con alegr\u00eda, fe y unidad bajo el lema: \u201cPara esto hemos sido llamados, a ser uno\u201d (1 pe 2,21; jn. 17,21) - Obispado San Marcos de Arica","og_description":"La primera Jornada Diocesana de la Juventud reuni\u00f3 a j\u00f3venes de toda la di\u00f3cesis para compartir din\u00e1micas, testimonios, adoraci\u00f3n y una peregrinaci\u00f3n, en un d\u00eda marcado profundamente por la fe, el entusiasmo juvenil y el esp\u00edritu comunitario. En el marco del A\u00f1o Jubilar y bajo el lema \u201cPara esto hemos sido llamados: a ser uno\u201d [...]","og_url":"https:\/\/obispadoarica.cl\/home\/jovenes-de-arica-celebran-su-primera-jornada-diocesana-con-alegria-fe-y-unidad-bajo-el-lema-para-esto-hemos-sido-llamados-a-ser-uno-1-pe-221-jn-1721\/","og_site_name":"Obispado San Marcos de Arica","article_published_time":"2025-11-28T02:14:49+00:00","article_modified_time":"2025-11-28T02:14:51+00:00","og_image":[{"width":1000,"height":666,"url":"https:\/\/obispadoarica.cl\/home\/wp-content\/uploads\/2025\/11\/img_gale_6927135707ef2_26112025.jpg","type":"image\/jpeg"}],"author":"Obispado de Arica","twitter_card":"summary_large_image","twitter_misc":{"Escrito por":"Obispado de Arica","Tiempo de lectura":"6 minutos"},"schema":{"@context":"https:\/\/schema.org","@graph":[{"@type":"WebPage","@id":"https:\/\/obispadoarica.cl\/home\/jovenes-de-arica-celebran-su-primera-jornada-diocesana-con-alegria-fe-y-unidad-bajo-el-lema-para-esto-hemos-sido-llamados-a-ser-uno-1-pe-221-jn-1721\/","url":"https:\/\/obispadoarica.cl\/home\/jovenes-de-arica-celebran-su-primera-jornada-diocesana-con-alegria-fe-y-unidad-bajo-el-lema-para-esto-hemos-sido-llamados-a-ser-uno-1-pe-221-jn-1721\/","name":"J\u00f3venes de Arica celebran su Primera Jornada Diocesana con alegr\u00eda, fe y unidad bajo el lema: \u201cPara esto hemos sido llamados, a ser uno\u201d (1 pe 2,21; jn. 17,21) - Obispado San Marcos de Arica","isPartOf":{"@id":"https:\/\/obispadoarica.cl\/home\/#website"},"primaryImageOfPage":{"@id":"https:\/\/obispadoarica.cl\/home\/jovenes-de-arica-celebran-su-primera-jornada-diocesana-con-alegria-fe-y-unidad-bajo-el-lema-para-esto-hemos-sido-llamados-a-ser-uno-1-pe-221-jn-1721\/#primaryimage"},"image":{"@id":"https:\/\/obispadoarica.cl\/home\/jovenes-de-arica-celebran-su-primera-jornada-diocesana-con-alegria-fe-y-unidad-bajo-el-lema-para-esto-hemos-sido-llamados-a-ser-uno-1-pe-221-jn-1721\/#primaryimage"},"thumbnailUrl":"https:\/\/obispadoarica.cl\/home\/wp-content\/uploads\/2025\/11\/img_gale_6927135707ef2_26112025.jpg","datePublished":"2025-11-28T02:14:49+00:00","dateModified":"2025-11-28T02:14:51+00:00","author":{"@id":"https:\/\/obispadoarica.cl\/home\/#\/schema\/person\/1a8f4c2a3418412187dff039ecf9d97e"},"breadcrumb":{"@id":"https:\/\/obispadoarica.cl\/home\/jovenes-de-arica-celebran-su-primera-jornada-diocesana-con-alegria-fe-y-unidad-bajo-el-lema-para-esto-hemos-sido-llamados-a-ser-uno-1-pe-221-jn-1721\/#breadcrumb"},"inLanguage":"es","potentialAction":[{"@type":"ReadAction","target":["https:\/\/obispadoarica.cl\/home\/jovenes-de-arica-celebran-su-primera-jornada-diocesana-con-alegria-fe-y-unidad-bajo-el-lema-para-esto-hemos-sido-llamados-a-ser-uno-1-pe-221-jn-1721\/"]}]},{"@type":"ImageObject","inLanguage":"es","@id":"https:\/\/obispadoarica.cl\/home\/jovenes-de-arica-celebran-su-primera-jornada-diocesana-con-alegria-fe-y-unidad-bajo-el-lema-para-esto-hemos-sido-llamados-a-ser-uno-1-pe-221-jn-1721\/#primaryimage","url":"https:\/\/obispadoarica.cl\/home\/wp-content\/uploads\/2025\/11\/img_gale_6927135707ef2_26112025.jpg","contentUrl":"https:\/\/obispadoarica.cl\/home\/wp-content\/uploads\/2025\/11\/img_gale_6927135707ef2_26112025.jpg","width":1000,"height":666},{"@type":"BreadcrumbList","@id":"https:\/\/obispadoarica.cl\/home\/jovenes-de-arica-celebran-su-primera-jornada-diocesana-con-alegria-fe-y-unidad-bajo-el-lema-para-esto-hemos-sido-llamados-a-ser-uno-1-pe-221-jn-1721\/#breadcrumb","itemListElement":[{"@type":"ListItem","position":1,"name":"Portada","item":"https:\/\/obispadoarica.cl\/home\/"},{"@type":"ListItem","position":2,"name":"J\u00f3venes de Arica celebran su Primera Jornada Diocesana con alegr\u00eda, fe y unidad bajo el lema: \u201cPara esto hemos sido llamados, a ser uno\u201d (1 pe 2,21; jn. 17,21)"}]},{"@type":"WebSite","@id":"https:\/\/obispadoarica.cl\/home\/#website","url":"https:\/\/obispadoarica.cl\/home\/","name":"Obispado San Marcos de Arica","description":"Di\u00f3cesis San Marcos de Arica","potentialAction":[{"@type":"SearchAction","target":{"@type":"EntryPoint","urlTemplate":"https:\/\/obispadoarica.cl\/home\/?s={search_term_string}"},"query-input":{"@type":"PropertyValueSpecification","valueRequired":true,"valueName":"search_term_string"}}],"inLanguage":"es"},{"@type":"Person","@id":"https:\/\/obispadoarica.cl\/home\/#\/schema\/person\/1a8f4c2a3418412187dff039ecf9d97e","name":"Obispado de Arica","image":{"@type":"ImageObject","inLanguage":"es","@id":"https:\/\/obispadoarica.cl\/home\/#\/schema\/person\/image\/","url":"https:\/\/secure.gravatar.com\/avatar\/c75d5ceafb11502016ed664658884b0b1b183fa6f96260878f47ac58f950c8d9?s=96&d=mm&r=g","contentUrl":"https:\/\/secure.gravatar.com\/avatar\/c75d5ceafb11502016ed664658884b0b1b183fa6f96260878f47ac58f950c8d9?s=96&d=mm&r=g","caption":"Obispado de Arica"},"url":"https:\/\/obispadoarica.cl\/home\/author\/c1300590\/"}]}},"_links":{"self":[{"href":"https:\/\/obispadoarica.cl\/home\/wp-json\/wp\/v2\/posts\/4054","targetHints":{"allow":["GET"]}}],"collection":[{"href":"https:\/\/obispadoarica.cl\/home\/wp-json\/wp\/v2\/posts"}],"about":[{"href":"https:\/\/obispadoarica.cl\/home\/wp-json\/wp\/v2\/types\/post"}],"author":[{"embeddable":true,"href":"https:\/\/obispadoarica.cl\/home\/wp-json\/wp\/v2\/users\/2"}],"replies":[{"embeddable":true,"href":"https:\/\/obispadoarica.cl\/home\/wp-json\/wp\/v2\/comments?post=4054"}],"version-history":[{"count":1,"href":"https:\/\/obispadoarica.cl\/home\/wp-json\/wp\/v2\/posts\/4054\/revisions"}],"predecessor-version":[{"id":4069,"href":"https:\/\/obispadoarica.cl\/home\/wp-json\/wp\/v2\/posts\/4054\/revisions\/4069"}],"wp:featuredmedia":[{"embeddable":true,"href":"https:\/\/obispadoarica.cl\/home\/wp-json\/wp\/v2\/media\/4065"}],"wp:attachment":[{"href":"https:\/\/obispadoarica.cl\/home\/wp-json\/wp\/v2\/media?parent=4054"}],"wp:term":[{"taxonomy":"category","embeddable":true,"href":"https:\/\/obispadoarica.cl\/home\/wp-json\/wp\/v2\/categories?post=4054"},{"taxonomy":"post_tag","embeddable":true,"href":"https:\/\/obispadoarica.cl\/home\/wp-json\/wp\/v2\/tags?post=4054"}],"curies":[{"name":"wp","href":"https:\/\/api.w.org\/{rel}","templated":true}]}}