{"id":4070,"date":"2025-12-01T23:41:20","date_gmt":"2025-12-02T03:41:20","guid":{"rendered":"https:\/\/obispadoarica.cl\/home\/?p=4070"},"modified":"2025-12-01T23:41:21","modified_gmt":"2025-12-02T03:41:21","slug":"iii-asamblea-diocesana-rendicion-de-cuenta-publica-un-ejercicio-de-transparencia-y-comunion-para-fortalecer-la-vida-pastoral","status":"publish","type":"post","link":"https:\/\/obispadoarica.cl\/home\/iii-asamblea-diocesana-rendicion-de-cuenta-publica-un-ejercicio-de-transparencia-y-comunion-para-fortalecer-la-vida-pastoral\/","title":{"rendered":"III Asamblea Diocesana: rendici\u00f3n de cuenta p\u00fablica, un ejercicio de transparencia y comuni\u00f3n para fortalecer la vida pastoral"},"content":{"rendered":"\n\n\n<p><em>La Di\u00f3cesis present\u00f3 su rendici\u00f3n de cuentas correspondiente a los \u00faltimos diez a\u00f1os y una memoria que recoge una d\u00e9cada de servicio pastoral, en una jornada marcada por la oraci\u00f3n, la participaci\u00f3n y el di\u00e1logo fraterno.<\/em><\/p>\n\n\n\n<p>El pasado s\u00e1bado 29 de noviembre, en el Colegio San Marcos de Arica, se realiz\u00f3 la III Asamblea Diocesana, convocada con el prop\u00f3sito de compartir con la comunidad eclesial el camino recorrido durante esta d\u00e9cada y los desaf\u00edos que han orientado la vida pastoral de la Iglesia local.<\/p>\n\n\n\n<p>La jornada comenz\u00f3 con un momento de oraci\u00f3n en torno a la Virgen Mar\u00eda, confiando en su intercesi\u00f3n el esp\u00edritu de comuni\u00f3n y discernimiento que anim\u00f3 todo el encuentro. Luego, los fieles provenientes de las diversas comunidades fueron recibidos con un saludo fraterno por parte de Mons. Mois\u00e9s, quien adem\u00e1s present\u00f3 una s\u00edntesis del caminar pastoral de nuestra Di\u00f3cesis durante estos diez a\u00f1os, iluminando los procesos, desaf\u00edos y signos de esperanza que han marcado este tiempo.<\/p>\n\n\n\n<p>Posteriormente, la Ec\u00f3noma y Administradora de Bienes, Sra. Fernanda Morales R., present\u00f3 de manera detallada la rendici\u00f3n de cuentas de esta d\u00e9cada, destacando los hitos, desaf\u00edos, procesos de crecimiento y avances alcanzados por la Di\u00f3cesis.<\/p>\n\n\n\n<p>Durante la asamblea se compartieron tambi\u00e9n anuncios relevantes para la planificaci\u00f3n pastoral, entre ellos:<\/p>\n\n\n\n<p>\u2022 Calendario diocesano 2026<br>\u2022 Programa de la Escuela de Verano<br>\u2022 Inicio de la campa\u00f1a de la Colecta del 1%<\/p>\n\n\n\n<p>Como signo de transparencia y continuidad pastoral, se hizo entrega de la Memoria de Gesti\u00f3n, documento que re\u00fane los \u00faltimos diez a\u00f1os del servicio pastoral y administrativo de Monse\u00f1or Mois\u00e9s Atisha Contreras, detallando los avances y mejoras alcanzados entre 2015 y 2024.<\/p>\n\n\n\n<p>La jornada concluy\u00f3 nuevamente en un ambiente de oraci\u00f3n bajo el amparo de la Virgen, dando gracias por el camino recorrido y renovando el compromiso de seguir trabajando con transparencia, corresponsabilidad y esp\u00edritu de comuni\u00f3n para fortalecer la vida pastoral de toda la Di\u00f3cesis.<\/p>\n\n\n\n<p><strong>Fuente: Comunicaciones Arica<\/strong><br><em>Arica, 01-12-2025<\/em><\/p>\n\n\n\n<figure class=\"wp-block-gallery has-nested-images columns-default is-cropped wp-block-gallery-1 is-layout-flex wp-block-gallery-is-layout-flex\">\n<figure class=\"wp-block-image size-large\"><a href=\"https:\/\/obispadoarica.cl\/home\/wp-content\/uploads\/2025\/12\/img_gale_692dc6af8cedb_01122025.jpg\"><img fetchpriority=\"high\" decoding=\"async\" width=\"1000\" height=\"562\" data-id=\"4076\" src=\"https:\/\/obispadoarica.cl\/home\/wp-content\/uploads\/2025\/12\/img_gale_692dc6af8cedb_01122025.jpg\" alt=\"\" class=\"wp-image-4076\" srcset=\"https:\/\/obispadoarica.cl\/home\/wp-content\/uploads\/2025\/12\/img_gale_692dc6af8cedb_01122025.jpg 1000w, https:\/\/obispadoarica.cl\/home\/wp-content\/uploads\/2025\/12\/img_gale_692dc6af8cedb_01122025-300x169.jpg 300w, https:\/\/obispadoarica.cl\/home\/wp-content\/uploads\/2025\/12\/img_gale_692dc6af8cedb_01122025-768x432.jpg 768w\" sizes=\"(max-width: 1000px) 100vw, 1000px\" \/><\/a><\/figure>\n\n\n\n<figure class=\"wp-block-image size-large\"><a href=\"https:\/\/obispadoarica.cl\/home\/wp-content\/uploads\/2025\/12\/img_gale_692dc6af605e3_01122025.jpg\"><img decoding=\"async\" width=\"450\" height=\"800\" data-id=\"4073\" src=\"https:\/\/obispadoarica.cl\/home\/wp-content\/uploads\/2025\/12\/img_gale_692dc6af605e3_01122025.jpg\" alt=\"\" class=\"wp-image-4073\" srcset=\"https:\/\/obispadoarica.cl\/home\/wp-content\/uploads\/2025\/12\/img_gale_692dc6af605e3_01122025.jpg 450w, https:\/\/obispadoarica.cl\/home\/wp-content\/uploads\/2025\/12\/img_gale_692dc6af605e3_01122025-169x300.jpg 169w\" sizes=\"(max-width: 450px) 100vw, 450px\" \/><\/a><\/figure>\n\n\n\n<figure class=\"wp-block-image size-large\"><a href=\"https:\/\/obispadoarica.cl\/home\/wp-content\/uploads\/2025\/12\/img_gale_692dc6af5291e_01122025.jpg\"><img decoding=\"async\" width=\"683\" height=\"800\" data-id=\"4074\" src=\"https:\/\/obispadoarica.cl\/home\/wp-content\/uploads\/2025\/12\/img_gale_692dc6af5291e_01122025.jpg\" alt=\"\" class=\"wp-image-4074\" srcset=\"https:\/\/obispadoarica.cl\/home\/wp-content\/uploads\/2025\/12\/img_gale_692dc6af5291e_01122025.jpg 683w, https:\/\/obispadoarica.cl\/home\/wp-content\/uploads\/2025\/12\/img_gale_692dc6af5291e_01122025-256x300.jpg 256w\" sizes=\"(max-width: 683px) 100vw, 683px\" \/><\/a><\/figure>\n\n\n\n<figure class=\"wp-block-image size-large\"><a href=\"https:\/\/obispadoarica.cl\/home\/wp-content\/uploads\/2025\/12\/img_gale_692dc6afbec02_01122025.jpg\"><img loading=\"lazy\" decoding=\"async\" width=\"1000\" height=\"562\" data-id=\"4075\" src=\"https:\/\/obispadoarica.cl\/home\/wp-content\/uploads\/2025\/12\/img_gale_692dc6afbec02_01122025.jpg\" alt=\"\" class=\"wp-image-4075\" srcset=\"https:\/\/obispadoarica.cl\/home\/wp-content\/uploads\/2025\/12\/img_gale_692dc6afbec02_01122025.jpg 1000w, https:\/\/obispadoarica.cl\/home\/wp-content\/uploads\/2025\/12\/img_gale_692dc6afbec02_01122025-300x169.jpg 300w, https:\/\/obispadoarica.cl\/home\/wp-content\/uploads\/2025\/12\/img_gale_692dc6afbec02_01122025-768x432.jpg 768w\" sizes=\"(max-width: 1000px) 100vw, 1000px\" \/><\/a><\/figure>\n\n\n\n<figure class=\"wp-block-image size-large\"><a href=\"https:\/\/obispadoarica.cl\/home\/wp-content\/uploads\/2025\/12\/img_gale_692dc6afe6e86_01122025.jpg\"><img loading=\"lazy\" decoding=\"async\" width=\"1000\" height=\"562\" data-id=\"4072\" src=\"https:\/\/obispadoarica.cl\/home\/wp-content\/uploads\/2025\/12\/img_gale_692dc6afe6e86_01122025.jpg\" alt=\"\" class=\"wp-image-4072\" srcset=\"https:\/\/obispadoarica.cl\/home\/wp-content\/uploads\/2025\/12\/img_gale_692dc6afe6e86_01122025.jpg 1000w, https:\/\/obispadoarica.cl\/home\/wp-content\/uploads\/2025\/12\/img_gale_692dc6afe6e86_01122025-300x169.jpg 300w, https:\/\/obispadoarica.cl\/home\/wp-content\/uploads\/2025\/12\/img_gale_692dc6afe6e86_01122025-768x432.jpg 768w\" sizes=\"(max-width: 1000px) 100vw, 1000px\" \/><\/a><\/figure>\n\n\n\n<figure class=\"wp-block-image size-large\"><a href=\"https:\/\/obispadoarica.cl\/home\/wp-content\/uploads\/2025\/12\/img_gale_692dc6b01f302_01122025.jpg\"><img loading=\"lazy\" decoding=\"async\" width=\"1000\" height=\"562\" data-id=\"4071\" src=\"https:\/\/obispadoarica.cl\/home\/wp-content\/uploads\/2025\/12\/img_gale_692dc6b01f302_01122025.jpg\" alt=\"\" class=\"wp-image-4071\" srcset=\"https:\/\/obispadoarica.cl\/home\/wp-content\/uploads\/2025\/12\/img_gale_692dc6b01f302_01122025.jpg 1000w, https:\/\/obispadoarica.cl\/home\/wp-content\/uploads\/2025\/12\/img_gale_692dc6b01f302_01122025-300x169.jpg 300w, https:\/\/obispadoarica.cl\/home\/wp-content\/uploads\/2025\/12\/img_gale_692dc6b01f302_01122025-768x432.jpg 768w\" sizes=\"(max-width: 1000px) 100vw, 1000px\" \/><\/a><\/figure>\n<\/figure>\n","protected":false},"excerpt":{"rendered":"<p>La Di\u00f3cesis present\u00f3 su rendici\u00f3n de cuentas correspondiente a los \u00faltimos diez a\u00f1os y una memoria que recoge una d\u00e9cada de servicio pastoral, en una jornada marcada por la oraci\u00f3n, la participaci\u00f3n y el di\u00e1logo fraterno. El pasado s\u00e1bado 29 de noviembre, en el Colegio San Marcos de Arica, se realiz\u00f3 la III Asamblea Diocesana, [&#8230;]\n","protected":false},"author":2,"featured_media":4075,"comment_status":"closed","ping_status":"open","sticky":false,"template":"","format":"standard","meta":{"footnotes":""},"categories":[7],"tags":[],"class_list":["post-4070","post","type-post","status-publish","format-standard","has-post-thumbnail","hentry","category-noticias"],"yoast_head":"<!-- This site is optimized with the Yoast SEO plugin v24.6 - https:\/\/yoast.com\/wordpress\/plugins\/seo\/ -->\n<title>III Asamblea Diocesana: rendici\u00f3n de cuenta p\u00fablica, un ejercicio de transparencia y comuni\u00f3n para fortalecer la vida pastoral - Obispado San Marcos de Arica<\/title>\n<meta name=\"robots\" content=\"index, follow, max-snippet:-1, max-image-preview:large, max-video-preview:-1\" \/>\n<link rel=\"canonical\" href=\"https:\/\/obispadoarica.cl\/home\/iii-asamblea-diocesana-rendicion-de-cuenta-publica-un-ejercicio-de-transparencia-y-comunion-para-fortalecer-la-vida-pastoral\/\" \/>\n<meta property=\"og:locale\" content=\"es_ES\" \/>\n<meta property=\"og:type\" content=\"article\" \/>\n<meta property=\"og:title\" content=\"III Asamblea Diocesana: rendici\u00f3n de cuenta p\u00fablica, un ejercicio de transparencia y comuni\u00f3n para fortalecer la vida pastoral - Obispado San Marcos de Arica\" \/>\n<meta property=\"og:description\" content=\"La Di\u00f3cesis present\u00f3 su rendici\u00f3n de cuentas correspondiente a los \u00faltimos diez a\u00f1os y una memoria que recoge una d\u00e9cada de servicio pastoral, en una jornada marcada por la oraci\u00f3n, la participaci\u00f3n y el di\u00e1logo fraterno. El pasado s\u00e1bado 29 de noviembre, en el Colegio San Marcos de Arica, se realiz\u00f3 la III Asamblea Diocesana, [...]\" \/>\n<meta property=\"og:url\" content=\"https:\/\/obispadoarica.cl\/home\/iii-asamblea-diocesana-rendicion-de-cuenta-publica-un-ejercicio-de-transparencia-y-comunion-para-fortalecer-la-vida-pastoral\/\" \/>\n<meta property=\"og:site_name\" content=\"Obispado San Marcos de Arica\" \/>\n<meta property=\"article:published_time\" content=\"2025-12-02T03:41:20+00:00\" \/>\n<meta property=\"article:modified_time\" content=\"2025-12-02T03:41:21+00:00\" \/>\n<meta property=\"og:image\" content=\"https:\/\/obispadoarica.cl\/home\/wp-content\/uploads\/2025\/12\/img_gale_692dc6afbec02_01122025.jpg\" \/>\n\t<meta property=\"og:image:width\" content=\"1000\" \/>\n\t<meta property=\"og:image:height\" content=\"562\" \/>\n\t<meta property=\"og:image:type\" content=\"image\/jpeg\" \/>\n<meta name=\"author\" content=\"Obispado de Arica\" \/>\n<meta name=\"twitter:card\" content=\"summary_large_image\" \/>\n<meta name=\"twitter:label1\" content=\"Escrito por\" \/>\n\t<meta name=\"twitter:data1\" content=\"Obispado de Arica\" \/>\n\t<meta name=\"twitter:label2\" content=\"Tiempo de lectura\" \/>\n\t<meta name=\"twitter:data2\" content=\"3 minutos\" \/>\n<script type=\"application\/ld+json\" class=\"yoast-schema-graph\">{\"@context\":\"https:\/\/schema.org\",\"@graph\":[{\"@type\":\"WebPage\",\"@id\":\"https:\/\/obispadoarica.cl\/home\/iii-asamblea-diocesana-rendicion-de-cuenta-publica-un-ejercicio-de-transparencia-y-comunion-para-fortalecer-la-vida-pastoral\/\",\"url\":\"https:\/\/obispadoarica.cl\/home\/iii-asamblea-diocesana-rendicion-de-cuenta-publica-un-ejercicio-de-transparencia-y-comunion-para-fortalecer-la-vida-pastoral\/\",\"name\":\"III Asamblea Diocesana: rendici\u00f3n de cuenta p\u00fablica, un ejercicio de transparencia y comuni\u00f3n para fortalecer la vida pastoral - Obispado San Marcos de Arica\",\"isPartOf\":{\"@id\":\"https:\/\/obispadoarica.cl\/home\/#website\"},\"primaryImageOfPage\":{\"@id\":\"https:\/\/obispadoarica.cl\/home\/iii-asamblea-diocesana-rendicion-de-cuenta-publica-un-ejercicio-de-transparencia-y-comunion-para-fortalecer-la-vida-pastoral\/#primaryimage\"},\"image\":{\"@id\":\"https:\/\/obispadoarica.cl\/home\/iii-asamblea-diocesana-rendicion-de-cuenta-publica-un-ejercicio-de-transparencia-y-comunion-para-fortalecer-la-vida-pastoral\/#primaryimage\"},\"thumbnailUrl\":\"https:\/\/obispadoarica.cl\/home\/wp-content\/uploads\/2025\/12\/img_gale_692dc6afbec02_01122025.jpg\",\"datePublished\":\"2025-12-02T03:41:20+00:00\",\"dateModified\":\"2025-12-02T03:41:21+00:00\",\"author\":{\"@id\":\"https:\/\/obispadoarica.cl\/home\/#\/schema\/person\/1a8f4c2a3418412187dff039ecf9d97e\"},\"breadcrumb\":{\"@id\":\"https:\/\/obispadoarica.cl\/home\/iii-asamblea-diocesana-rendicion-de-cuenta-publica-un-ejercicio-de-transparencia-y-comunion-para-fortalecer-la-vida-pastoral\/#breadcrumb\"},\"inLanguage\":\"es\",\"potentialAction\":[{\"@type\":\"ReadAction\",\"target\":[\"https:\/\/obispadoarica.cl\/home\/iii-asamblea-diocesana-rendicion-de-cuenta-publica-un-ejercicio-de-transparencia-y-comunion-para-fortalecer-la-vida-pastoral\/\"]}]},{\"@type\":\"ImageObject\",\"inLanguage\":\"es\",\"@id\":\"https:\/\/obispadoarica.cl\/home\/iii-asamblea-diocesana-rendicion-de-cuenta-publica-un-ejercicio-de-transparencia-y-comunion-para-fortalecer-la-vida-pastoral\/#primaryimage\",\"url\":\"https:\/\/obispadoarica.cl\/home\/wp-content\/uploads\/2025\/12\/img_gale_692dc6afbec02_01122025.jpg\",\"contentUrl\":\"https:\/\/obispadoarica.cl\/home\/wp-content\/uploads\/2025\/12\/img_gale_692dc6afbec02_01122025.jpg\",\"width\":1000,\"height\":562},{\"@type\":\"BreadcrumbList\",\"@id\":\"https:\/\/obispadoarica.cl\/home\/iii-asamblea-diocesana-rendicion-de-cuenta-publica-un-ejercicio-de-transparencia-y-comunion-para-fortalecer-la-vida-pastoral\/#breadcrumb\",\"itemListElement\":[{\"@type\":\"ListItem\",\"position\":1,\"name\":\"Portada\",\"item\":\"https:\/\/obispadoarica.cl\/home\/\"},{\"@type\":\"ListItem\",\"position\":2,\"name\":\"III Asamblea Diocesana: rendici\u00f3n de cuenta p\u00fablica, un ejercicio de transparencia y comuni\u00f3n para fortalecer la vida pastoral\"}]},{\"@type\":\"WebSite\",\"@id\":\"https:\/\/obispadoarica.cl\/home\/#website\",\"url\":\"https:\/\/obispadoarica.cl\/home\/\",\"name\":\"Obispado San Marcos de Arica\",\"description\":\"Di\u00f3cesis San Marcos de Arica\",\"potentialAction\":[{\"@type\":\"SearchAction\",\"target\":{\"@type\":\"EntryPoint\",\"urlTemplate\":\"https:\/\/obispadoarica.cl\/home\/?s={search_term_string}\"},\"query-input\":{\"@type\":\"PropertyValueSpecification\",\"valueRequired\":true,\"valueName\":\"search_term_string\"}}],\"inLanguage\":\"es\"},{\"@type\":\"Person\",\"@id\":\"https:\/\/obispadoarica.cl\/home\/#\/schema\/person\/1a8f4c2a3418412187dff039ecf9d97e\",\"name\":\"Obispado de Arica\",\"image\":{\"@type\":\"ImageObject\",\"inLanguage\":\"es\",\"@id\":\"https:\/\/obispadoarica.cl\/home\/#\/schema\/person\/image\/\",\"url\":\"https:\/\/secure.gravatar.com\/avatar\/c75d5ceafb11502016ed664658884b0b1b183fa6f96260878f47ac58f950c8d9?s=96&d=mm&r=g\",\"contentUrl\":\"https:\/\/secure.gravatar.com\/avatar\/c75d5ceafb11502016ed664658884b0b1b183fa6f96260878f47ac58f950c8d9?s=96&d=mm&r=g\",\"caption\":\"Obispado de Arica\"},\"url\":\"https:\/\/obispadoarica.cl\/home\/author\/c1300590\/\"}]}<\/script>\n<!-- \/ Yoast SEO plugin. -->","yoast_head_json":{"title":"III Asamblea Diocesana: rendici\u00f3n de cuenta p\u00fablica, un ejercicio de transparencia y comuni\u00f3n para fortalecer la vida pastoral - Obispado San Marcos de Arica","robots":{"index":"index","follow":"follow","max-snippet":"max-snippet:-1","max-image-preview":"max-image-preview:large","max-video-preview":"max-video-preview:-1"},"canonical":"https:\/\/obispadoarica.cl\/home\/iii-asamblea-diocesana-rendicion-de-cuenta-publica-un-ejercicio-de-transparencia-y-comunion-para-fortalecer-la-vida-pastoral\/","og_locale":"es_ES","og_type":"article","og_title":"III Asamblea Diocesana: rendici\u00f3n de cuenta p\u00fablica, un ejercicio de transparencia y comuni\u00f3n para fortalecer la vida pastoral - Obispado San Marcos de Arica","og_description":"La Di\u00f3cesis present\u00f3 su rendici\u00f3n de cuentas correspondiente a los \u00faltimos diez a\u00f1os y una memoria que recoge una d\u00e9cada de servicio pastoral, en una jornada marcada por la oraci\u00f3n, la participaci\u00f3n y el di\u00e1logo fraterno. El pasado s\u00e1bado 29 de noviembre, en el Colegio San Marcos de Arica, se realiz\u00f3 la III Asamblea Diocesana, [...]","og_url":"https:\/\/obispadoarica.cl\/home\/iii-asamblea-diocesana-rendicion-de-cuenta-publica-un-ejercicio-de-transparencia-y-comunion-para-fortalecer-la-vida-pastoral\/","og_site_name":"Obispado San Marcos de Arica","article_published_time":"2025-12-02T03:41:20+00:00","article_modified_time":"2025-12-02T03:41:21+00:00","og_image":[{"width":1000,"height":562,"url":"https:\/\/obispadoarica.cl\/home\/wp-content\/uploads\/2025\/12\/img_gale_692dc6afbec02_01122025.jpg","type":"image\/jpeg"}],"author":"Obispado de Arica","twitter_card":"summary_large_image","twitter_misc":{"Escrito por":"Obispado de Arica","Tiempo de lectura":"3 minutos"},"schema":{"@context":"https:\/\/schema.org","@graph":[{"@type":"WebPage","@id":"https:\/\/obispadoarica.cl\/home\/iii-asamblea-diocesana-rendicion-de-cuenta-publica-un-ejercicio-de-transparencia-y-comunion-para-fortalecer-la-vida-pastoral\/","url":"https:\/\/obispadoarica.cl\/home\/iii-asamblea-diocesana-rendicion-de-cuenta-publica-un-ejercicio-de-transparencia-y-comunion-para-fortalecer-la-vida-pastoral\/","name":"III Asamblea Diocesana: rendici\u00f3n de cuenta p\u00fablica, un ejercicio de transparencia y comuni\u00f3n para fortalecer la vida pastoral - Obispado San Marcos de Arica","isPartOf":{"@id":"https:\/\/obispadoarica.cl\/home\/#website"},"primaryImageOfPage":{"@id":"https:\/\/obispadoarica.cl\/home\/iii-asamblea-diocesana-rendicion-de-cuenta-publica-un-ejercicio-de-transparencia-y-comunion-para-fortalecer-la-vida-pastoral\/#primaryimage"},"image":{"@id":"https:\/\/obispadoarica.cl\/home\/iii-asamblea-diocesana-rendicion-de-cuenta-publica-un-ejercicio-de-transparencia-y-comunion-para-fortalecer-la-vida-pastoral\/#primaryimage"},"thumbnailUrl":"https:\/\/obispadoarica.cl\/home\/wp-content\/uploads\/2025\/12\/img_gale_692dc6afbec02_01122025.jpg","datePublished":"2025-12-02T03:41:20+00:00","dateModified":"2025-12-02T03:41:21+00:00","author":{"@id":"https:\/\/obispadoarica.cl\/home\/#\/schema\/person\/1a8f4c2a3418412187dff039ecf9d97e"},"breadcrumb":{"@id":"https:\/\/obispadoarica.cl\/home\/iii-asamblea-diocesana-rendicion-de-cuenta-publica-un-ejercicio-de-transparencia-y-comunion-para-fortalecer-la-vida-pastoral\/#breadcrumb"},"inLanguage":"es","potentialAction":[{"@type":"ReadAction","target":["https:\/\/obispadoarica.cl\/home\/iii-asamblea-diocesana-rendicion-de-cuenta-publica-un-ejercicio-de-transparencia-y-comunion-para-fortalecer-la-vida-pastoral\/"]}]},{"@type":"ImageObject","inLanguage":"es","@id":"https:\/\/obispadoarica.cl\/home\/iii-asamblea-diocesana-rendicion-de-cuenta-publica-un-ejercicio-de-transparencia-y-comunion-para-fortalecer-la-vida-pastoral\/#primaryimage","url":"https:\/\/obispadoarica.cl\/home\/wp-content\/uploads\/2025\/12\/img_gale_692dc6afbec02_01122025.jpg","contentUrl":"https:\/\/obispadoarica.cl\/home\/wp-content\/uploads\/2025\/12\/img_gale_692dc6afbec02_01122025.jpg","width":1000,"height":562},{"@type":"BreadcrumbList","@id":"https:\/\/obispadoarica.cl\/home\/iii-asamblea-diocesana-rendicion-de-cuenta-publica-un-ejercicio-de-transparencia-y-comunion-para-fortalecer-la-vida-pastoral\/#breadcrumb","itemListElement":[{"@type":"ListItem","position":1,"name":"Portada","item":"https:\/\/obispadoarica.cl\/home\/"},{"@type":"ListItem","position":2,"name":"III Asamblea Diocesana: rendici\u00f3n de cuenta p\u00fablica, un ejercicio de transparencia y comuni\u00f3n para fortalecer la vida pastoral"}]},{"@type":"WebSite","@id":"https:\/\/obispadoarica.cl\/home\/#website","url":"https:\/\/obispadoarica.cl\/home\/","name":"Obispado San Marcos de Arica","description":"Di\u00f3cesis San Marcos de Arica","potentialAction":[{"@type":"SearchAction","target":{"@type":"EntryPoint","urlTemplate":"https:\/\/obispadoarica.cl\/home\/?s={search_term_string}"},"query-input":{"@type":"PropertyValueSpecification","valueRequired":true,"valueName":"search_term_string"}}],"inLanguage":"es"},{"@type":"Person","@id":"https:\/\/obispadoarica.cl\/home\/#\/schema\/person\/1a8f4c2a3418412187dff039ecf9d97e","name":"Obispado de Arica","image":{"@type":"ImageObject","inLanguage":"es","@id":"https:\/\/obispadoarica.cl\/home\/#\/schema\/person\/image\/","url":"https:\/\/secure.gravatar.com\/avatar\/c75d5ceafb11502016ed664658884b0b1b183fa6f96260878f47ac58f950c8d9?s=96&d=mm&r=g","contentUrl":"https:\/\/secure.gravatar.com\/avatar\/c75d5ceafb11502016ed664658884b0b1b183fa6f96260878f47ac58f950c8d9?s=96&d=mm&r=g","caption":"Obispado de Arica"},"url":"https:\/\/obispadoarica.cl\/home\/author\/c1300590\/"}]}},"_links":{"self":[{"href":"https:\/\/obispadoarica.cl\/home\/wp-json\/wp\/v2\/posts\/4070","targetHints":{"allow":["GET"]}}],"collection":[{"href":"https:\/\/obispadoarica.cl\/home\/wp-json\/wp\/v2\/posts"}],"about":[{"href":"https:\/\/obispadoarica.cl\/home\/wp-json\/wp\/v2\/types\/post"}],"author":[{"embeddable":true,"href":"https:\/\/obispadoarica.cl\/home\/wp-json\/wp\/v2\/users\/2"}],"replies":[{"embeddable":true,"href":"https:\/\/obispadoarica.cl\/home\/wp-json\/wp\/v2\/comments?post=4070"}],"version-history":[{"count":1,"href":"https:\/\/obispadoarica.cl\/home\/wp-json\/wp\/v2\/posts\/4070\/revisions"}],"predecessor-version":[{"id":4077,"href":"https:\/\/obispadoarica.cl\/home\/wp-json\/wp\/v2\/posts\/4070\/revisions\/4077"}],"wp:featuredmedia":[{"embeddable":true,"href":"https:\/\/obispadoarica.cl\/home\/wp-json\/wp\/v2\/media\/4075"}],"wp:attachment":[{"href":"https:\/\/obispadoarica.cl\/home\/wp-json\/wp\/v2\/media?parent=4070"}],"wp:term":[{"taxonomy":"category","embeddable":true,"href":"https:\/\/obispadoarica.cl\/home\/wp-json\/wp\/v2\/categories?post=4070"},{"taxonomy":"post_tag","embeddable":true,"href":"https:\/\/obispadoarica.cl\/home\/wp-json\/wp\/v2\/tags?post=4070"}],"curies":[{"name":"wp","href":"https:\/\/api.w.org\/{rel}","templated":true}]}}