{"id":4096,"date":"2025-12-13T22:50:47","date_gmt":"2025-12-14T02:50:47","guid":{"rendered":"https:\/\/obispadoarica.cl\/home\/?p=4096"},"modified":"2025-12-13T22:53:45","modified_gmt":"2025-12-14T02:53:45","slug":"fieles-de-la-diocesis-de-san-marcos-de-arica-se-reunen-en-un-nuevo-caminar-de-fe-para-celebrar-a-la-virgen-de-las-penas","status":"publish","type":"post","link":"https:\/\/obispadoarica.cl\/home\/fieles-de-la-diocesis-de-san-marcos-de-arica-se-reunen-en-un-nuevo-caminar-de-fe-para-celebrar-a-la-virgen-de-las-penas\/","title":{"rendered":"Fieles de la Di\u00f3cesis de San Marcos de Arica se re\u00fanen en un nuevo caminar de fe para celebrar a la Virgen de las Pe\u00f1as"},"content":{"rendered":"\n\n\n<p>Durante el fin de semana largo, entre el 6 y el 8 de diciembre, numerosos fieles de nuestra di\u00f3cesis y de localidades cercanas peregrinaron hasta el Santuario de Las Pe\u00f1as para honrar a la Inmaculada Concepci\u00f3n. Esta fiesta, tan querida por el pueblo arique\u00f1o, volvi\u00f3 a ser un momento de profunda oraci\u00f3n, gratitud y renovaci\u00f3n del encuentro con Mar\u00eda, Madre y modelo de nuestra fe.<\/p>\n\n\n\n<p>Como cada a\u00f1o, la \u201cFiesta Menor\u201d de la Virgen del Rosario de Las Pe\u00f1as convoc\u00f3 a adultos, j\u00f3venes y ni\u00f1os, quienes caminaron movidos por la esperanza y el deseo de ponerse bajo la protecci\u00f3n de la Virgen. Para muchos, este camino constituye un gesto de amor que se renueva a\u00f1o tras a\u00f1o, un compromiso espiritual que fortalece el coraz\u00f3n y anima a seguir adelante en medio de las dificultades.<\/p>\n\n\n\n<p>La presencia de los bailes religiosos, con sus trajes, cantos y danzas tradicionales, dio un marco de belleza y devoci\u00f3n a la celebraci\u00f3n. Sus integrantes, con profundo respeto y fervor, ofrecieron a la \u201cChinita de Las Pe\u00f1as\u201d sus promesas, s\u00faplicas y agradecimientos, elevando una plegaria hecha movimiento y color que conmovi\u00f3 a todos los presentes.<\/p>\n\n\n\n<p>En la Misa de v\u00edsperas, celebrada en el Santuario, Monse\u00f1or Mois\u00e9s Atisha invit\u00f3 a los peregrinos a contemplar a Mar\u00eda como aquella que cada diciembre nos convoca con amor de Madre. Record\u00f3 que todos llegamos hasta su presencia con sue\u00f1os, plegarias y acciones de gracias por los dones recibidos, confiando en su intercesi\u00f3n maternal.<\/p>\n\n\n\n<p>Monse\u00f1or destac\u00f3 que Dios se comunica con sus hijos por medio de signos y tambi\u00e9n a trav\u00e9s del di\u00e1logo interior. A la luz de las lecturas, present\u00f3 dos di\u00e1logos muy distintos: uno marcado por el miedo y la muerte, y otro por la confianza y la vida. Invit\u00f3 a cada peregrino a preguntarse qu\u00e9 tipo de di\u00e1logo est\u00e1 teniendo hoy con Dios.<\/p>\n\n\n\n<p>En este contexto, record\u00f3 que estamos viviendo los \u00faltimos d\u00edas del A\u00f1o Jubilar, en el que fuimos invitados a ser Peregrinos de Esperanza. Esa esperanza, dijo, solo puede brotar de un coraz\u00f3n que, como el de Mar\u00eda, vive en obediencia libre al plan de Dios, dejando atr\u00e1s mezquindades y ego\u00edsmos para abrazar con alegr\u00eda la voluntad del Se\u00f1or.<\/p>\n\n\n\n<p>Monse\u00f1or Mois\u00e9s resumi\u00f3 esta invitaci\u00f3n espiritual en tres actitudes que nos llaman a vivir marianamente:<br>\u2022 Escuchar la palabra de Dios en la Escritura y en la historia.<br>\u2022 Orar, no solo en el Santuario, sino tambi\u00e9n en cada comunidad eclesial.<br>\u2022 Hacer el querer de Dios, tanto en el Santuario como en la vida cotidiana.<\/p>\n\n\n\n<p>Al finalizar, anim\u00f3 a los fieles a dar gracias por estar all\u00ed reunidos y a pedir la fuerza necesaria para seguir peregrinando un a\u00f1o m\u00e1s, bajo la bendici\u00f3n del Se\u00f1or y el amparo amoroso de la Virgen.<\/p>\n\n\n\n<p><strong>Una expresi\u00f3n de fe que permanece viva<\/strong><br>La gran participaci\u00f3n de la comunidad evidenci\u00f3 una vez m\u00e1s cu\u00e1nto significado tiene esta festividad para nuestro pueblo. Fue un tiempo propicio para que cada peregrino presentara sus intenciones, agradeciera los favores recibidos y pusiera en manos de Mar\u00eda la vida de sus familias.<\/p>\n\n\n\n<p>Aunque esta fiesta es considerada la versi\u00f3n \u201cchica\u201d de la gran celebraci\u00f3n de octubre, conserva toda su profundidad y valor. Es un espacio de encuentro fraterno, de silencio interior y de fe compartida, que fortalece los lazos que nos unen como Iglesia diocesana.<\/p>\n\n\n\n<p>Que la Virgen del Rosario de Las Pe\u00f1as siga acompa\u00f1ando nuestro caminar y ense\u00f1\u00e1ndonos, como Madre, a vivir con fe, sencillez y esperanza.<\/p>\n\n\n\n<p><strong>Fuente: Comunicaciones Arica<\/strong><br><em>Arica, 09-12-2025<\/em><\/p>\n\n\n\n<figure class=\"wp-block-video\"><video controls src=\"https:\/\/obispadoarica.cl\/home\/wp-content\/uploads\/2025\/12\/WhatsApp-Video-2025-12-11-at-3.57.22-PM.mp4\"><\/video><\/figure>\n\n\n\n<figure class=\"wp-block-gallery has-nested-images columns-default is-cropped wp-block-gallery-1 is-layout-flex wp-block-gallery-is-layout-flex\">\n<figure class=\"wp-block-image size-large\"><a href=\"https:\/\/obispadoarica.cl\/home\/wp-content\/uploads\/2025\/12\/img_gale_693883c9bd314_09122025.jpg\"><img fetchpriority=\"high\" decoding=\"async\" width=\"450\" height=\"800\" data-id=\"4097\" src=\"https:\/\/obispadoarica.cl\/home\/wp-content\/uploads\/2025\/12\/img_gale_693883c9bd314_09122025.jpg\" alt=\"\" class=\"wp-image-4097\" srcset=\"https:\/\/obispadoarica.cl\/home\/wp-content\/uploads\/2025\/12\/img_gale_693883c9bd314_09122025.jpg 450w, https:\/\/obispadoarica.cl\/home\/wp-content\/uploads\/2025\/12\/img_gale_693883c9bd314_09122025-169x300.jpg 169w\" sizes=\"(max-width: 450px) 100vw, 450px\" \/><\/a><\/figure>\n\n\n\n<figure class=\"wp-block-image size-large\"><a href=\"https:\/\/obispadoarica.cl\/home\/wp-content\/uploads\/2025\/12\/img_gale_693883c9e3701_09122025.jpg\"><img decoding=\"async\" width=\"600\" height=\"800\" data-id=\"4108\" src=\"https:\/\/obispadoarica.cl\/home\/wp-content\/uploads\/2025\/12\/img_gale_693883c9e3701_09122025.jpg\" alt=\"\" class=\"wp-image-4108\" srcset=\"https:\/\/obispadoarica.cl\/home\/wp-content\/uploads\/2025\/12\/img_gale_693883c9e3701_09122025.jpg 600w, https:\/\/obispadoarica.cl\/home\/wp-content\/uploads\/2025\/12\/img_gale_693883c9e3701_09122025-225x300.jpg 225w\" sizes=\"(max-width: 600px) 100vw, 600px\" \/><\/a><\/figure>\n\n\n\n<figure class=\"wp-block-image size-large\"><a href=\"https:\/\/obispadoarica.cl\/home\/wp-content\/uploads\/2025\/12\/img_gale_693883c98e43f_09122025.jpg\"><img decoding=\"async\" width=\"450\" height=\"800\" data-id=\"4098\" src=\"https:\/\/obispadoarica.cl\/home\/wp-content\/uploads\/2025\/12\/img_gale_693883c98e43f_09122025.jpg\" alt=\"\" class=\"wp-image-4098\" srcset=\"https:\/\/obispadoarica.cl\/home\/wp-content\/uploads\/2025\/12\/img_gale_693883c98e43f_09122025.jpg 450w, https:\/\/obispadoarica.cl\/home\/wp-content\/uploads\/2025\/12\/img_gale_693883c98e43f_09122025-169x300.jpg 169w\" sizes=\"(max-width: 450px) 100vw, 450px\" \/><\/a><\/figure>\n\n\n\n<figure class=\"wp-block-image size-large\"><a href=\"https:\/\/obispadoarica.cl\/home\/wp-content\/uploads\/2025\/12\/img_gale_693883ca2dd71_09122025.jpg\"><img loading=\"lazy\" decoding=\"async\" width=\"450\" height=\"800\" data-id=\"4111\" src=\"https:\/\/obispadoarica.cl\/home\/wp-content\/uploads\/2025\/12\/img_gale_693883ca2dd71_09122025.jpg\" alt=\"\" class=\"wp-image-4111\" srcset=\"https:\/\/obispadoarica.cl\/home\/wp-content\/uploads\/2025\/12\/img_gale_693883ca2dd71_09122025.jpg 450w, https:\/\/obispadoarica.cl\/home\/wp-content\/uploads\/2025\/12\/img_gale_693883ca2dd71_09122025-169x300.jpg 169w\" sizes=\"(max-width: 450px) 100vw, 450px\" \/><\/a><\/figure>\n\n\n\n<figure class=\"wp-block-image size-large\"><a href=\"https:\/\/obispadoarica.cl\/home\/wp-content\/uploads\/2025\/12\/img_gale_6938838d7fdcd_09122025.jpg\"><img loading=\"lazy\" decoding=\"async\" width=\"450\" height=\"800\" data-id=\"4104\" src=\"https:\/\/obispadoarica.cl\/home\/wp-content\/uploads\/2025\/12\/img_gale_6938838d7fdcd_09122025.jpg\" alt=\"\" class=\"wp-image-4104\" srcset=\"https:\/\/obispadoarica.cl\/home\/wp-content\/uploads\/2025\/12\/img_gale_6938838d7fdcd_09122025.jpg 450w, https:\/\/obispadoarica.cl\/home\/wp-content\/uploads\/2025\/12\/img_gale_6938838d7fdcd_09122025-169x300.jpg 169w\" sizes=\"(max-width: 450px) 100vw, 450px\" \/><\/a><\/figure>\n\n\n\n<figure class=\"wp-block-image size-large\"><a href=\"https:\/\/obispadoarica.cl\/home\/wp-content\/uploads\/2025\/12\/img_gale_6938838d51ef2_09122025.jpg\"><img loading=\"lazy\" decoding=\"async\" width=\"450\" height=\"800\" data-id=\"4101\" src=\"https:\/\/obispadoarica.cl\/home\/wp-content\/uploads\/2025\/12\/img_gale_6938838d51ef2_09122025.jpg\" alt=\"\" class=\"wp-image-4101\" srcset=\"https:\/\/obispadoarica.cl\/home\/wp-content\/uploads\/2025\/12\/img_gale_6938838d51ef2_09122025.jpg 450w, https:\/\/obispadoarica.cl\/home\/wp-content\/uploads\/2025\/12\/img_gale_6938838d51ef2_09122025-169x300.jpg 169w\" sizes=\"(max-width: 450px) 100vw, 450px\" \/><\/a><\/figure>\n\n\n\n<figure class=\"wp-block-image size-large\"><a href=\"https:\/\/obispadoarica.cl\/home\/wp-content\/uploads\/2025\/12\/img_gale_6938838da652c_09122025.jpg\"><img loading=\"lazy\" decoding=\"async\" width=\"450\" height=\"800\" data-id=\"4107\" src=\"https:\/\/obispadoarica.cl\/home\/wp-content\/uploads\/2025\/12\/img_gale_6938838da652c_09122025.jpg\" alt=\"\" class=\"wp-image-4107\" srcset=\"https:\/\/obispadoarica.cl\/home\/wp-content\/uploads\/2025\/12\/img_gale_6938838da652c_09122025.jpg 450w, https:\/\/obispadoarica.cl\/home\/wp-content\/uploads\/2025\/12\/img_gale_6938838da652c_09122025-169x300.jpg 169w\" sizes=\"(max-width: 450px) 100vw, 450px\" \/><\/a><\/figure>\n\n\n\n<figure class=\"wp-block-image size-large\"><a href=\"https:\/\/obispadoarica.cl\/home\/wp-content\/uploads\/2025\/12\/img_gale_6938838dc22f3_09122025.jpg\"><img loading=\"lazy\" decoding=\"async\" width=\"450\" height=\"800\" data-id=\"4105\" src=\"https:\/\/obispadoarica.cl\/home\/wp-content\/uploads\/2025\/12\/img_gale_6938838dc22f3_09122025.jpg\" alt=\"\" class=\"wp-image-4105\" srcset=\"https:\/\/obispadoarica.cl\/home\/wp-content\/uploads\/2025\/12\/img_gale_6938838dc22f3_09122025.jpg 450w, https:\/\/obispadoarica.cl\/home\/wp-content\/uploads\/2025\/12\/img_gale_6938838dc22f3_09122025-169x300.jpg 169w\" sizes=\"(max-width: 450px) 100vw, 450px\" \/><\/a><\/figure>\n\n\n\n<figure class=\"wp-block-image size-large\"><a href=\"https:\/\/obispadoarica.cl\/home\/wp-content\/uploads\/2025\/12\/img_gale_69388408c9be7_09122025.jpg\"><img loading=\"lazy\" decoding=\"async\" width=\"450\" height=\"800\" data-id=\"4099\" src=\"https:\/\/obispadoarica.cl\/home\/wp-content\/uploads\/2025\/12\/img_gale_69388408c9be7_09122025.jpg\" alt=\"\" class=\"wp-image-4099\" srcset=\"https:\/\/obispadoarica.cl\/home\/wp-content\/uploads\/2025\/12\/img_gale_69388408c9be7_09122025.jpg 450w, https:\/\/obispadoarica.cl\/home\/wp-content\/uploads\/2025\/12\/img_gale_69388408c9be7_09122025-169x300.jpg 169w\" sizes=\"(max-width: 450px) 100vw, 450px\" \/><\/a><\/figure>\n\n\n\n<figure class=\"wp-block-image size-large\"><a href=\"https:\/\/obispadoarica.cl\/home\/wp-content\/uploads\/2025\/12\/img_gale_69388408ebf33_09122025.jpg\"><img loading=\"lazy\" decoding=\"async\" width=\"450\" height=\"800\" data-id=\"4103\" src=\"https:\/\/obispadoarica.cl\/home\/wp-content\/uploads\/2025\/12\/img_gale_69388408ebf33_09122025.jpg\" alt=\"\" class=\"wp-image-4103\" srcset=\"https:\/\/obispadoarica.cl\/home\/wp-content\/uploads\/2025\/12\/img_gale_69388408ebf33_09122025.jpg 450w, https:\/\/obispadoarica.cl\/home\/wp-content\/uploads\/2025\/12\/img_gale_69388408ebf33_09122025-169x300.jpg 169w\" sizes=\"(max-width: 450px) 100vw, 450px\" \/><\/a><\/figure>\n\n\n\n<figure class=\"wp-block-image size-large\"><a href=\"https:\/\/obispadoarica.cl\/home\/wp-content\/uploads\/2025\/12\/img_gale_69388449ab6e8_09122025.jpg\"><img loading=\"lazy\" decoding=\"async\" width=\"450\" height=\"800\" data-id=\"4100\" src=\"https:\/\/obispadoarica.cl\/home\/wp-content\/uploads\/2025\/12\/img_gale_69388449ab6e8_09122025.jpg\" alt=\"\" class=\"wp-image-4100\" srcset=\"https:\/\/obispadoarica.cl\/home\/wp-content\/uploads\/2025\/12\/img_gale_69388449ab6e8_09122025.jpg 450w, https:\/\/obispadoarica.cl\/home\/wp-content\/uploads\/2025\/12\/img_gale_69388449ab6e8_09122025-169x300.jpg 169w\" sizes=\"(max-width: 450px) 100vw, 450px\" \/><\/a><\/figure>\n\n\n\n<figure class=\"wp-block-image size-large\"><a href=\"https:\/\/obispadoarica.cl\/home\/wp-content\/uploads\/2025\/12\/img_gale_693884091e1f2_09122025.jpg\"><img loading=\"lazy\" decoding=\"async\" width=\"600\" height=\"800\" data-id=\"4109\" src=\"https:\/\/obispadoarica.cl\/home\/wp-content\/uploads\/2025\/12\/img_gale_693884091e1f2_09122025.jpg\" alt=\"\" class=\"wp-image-4109\" srcset=\"https:\/\/obispadoarica.cl\/home\/wp-content\/uploads\/2025\/12\/img_gale_693884091e1f2_09122025.jpg 600w, https:\/\/obispadoarica.cl\/home\/wp-content\/uploads\/2025\/12\/img_gale_693884091e1f2_09122025-225x300.jpg 225w\" sizes=\"(max-width: 600px) 100vw, 600px\" \/><\/a><\/figure>\n\n\n\n<figure class=\"wp-block-image size-large\"><a href=\"https:\/\/obispadoarica.cl\/home\/wp-content\/uploads\/2025\/12\/img_gale_693884095fcb9_09122025.jpg\"><img loading=\"lazy\" decoding=\"async\" width=\"450\" height=\"800\" data-id=\"4102\" src=\"https:\/\/obispadoarica.cl\/home\/wp-content\/uploads\/2025\/12\/img_gale_693884095fcb9_09122025.jpg\" alt=\"\" class=\"wp-image-4102\" srcset=\"https:\/\/obispadoarica.cl\/home\/wp-content\/uploads\/2025\/12\/img_gale_693884095fcb9_09122025.jpg 450w, https:\/\/obispadoarica.cl\/home\/wp-content\/uploads\/2025\/12\/img_gale_693884095fcb9_09122025-169x300.jpg 169w\" sizes=\"(max-width: 450px) 100vw, 450px\" \/><\/a><\/figure>\n\n\n\n<figure class=\"wp-block-image size-large\"><a href=\"https:\/\/obispadoarica.cl\/home\/wp-content\/uploads\/2025\/12\/img_gale_693884495f9c5_09122025.jpg\"><img loading=\"lazy\" decoding=\"async\" width=\"450\" height=\"800\" data-id=\"4106\" src=\"https:\/\/obispadoarica.cl\/home\/wp-content\/uploads\/2025\/12\/img_gale_693884495f9c5_09122025.jpg\" alt=\"\" class=\"wp-image-4106\" srcset=\"https:\/\/obispadoarica.cl\/home\/wp-content\/uploads\/2025\/12\/img_gale_693884495f9c5_09122025.jpg 450w, https:\/\/obispadoarica.cl\/home\/wp-content\/uploads\/2025\/12\/img_gale_693884495f9c5_09122025-169x300.jpg 169w\" sizes=\"(max-width: 450px) 100vw, 450px\" \/><\/a><\/figure>\n\n\n\n<figure class=\"wp-block-image size-large\"><a href=\"https:\/\/obispadoarica.cl\/home\/wp-content\/uploads\/2025\/12\/img_gale_693884498f598_09122025.jpg\"><img loading=\"lazy\" decoding=\"async\" width=\"450\" height=\"800\" data-id=\"4110\" src=\"https:\/\/obispadoarica.cl\/home\/wp-content\/uploads\/2025\/12\/img_gale_693884498f598_09122025.jpg\" alt=\"\" class=\"wp-image-4110\" srcset=\"https:\/\/obispadoarica.cl\/home\/wp-content\/uploads\/2025\/12\/img_gale_693884498f598_09122025.jpg 450w, https:\/\/obispadoarica.cl\/home\/wp-content\/uploads\/2025\/12\/img_gale_693884498f598_09122025-169x300.jpg 169w\" sizes=\"(max-width: 450px) 100vw, 450px\" \/><\/a><\/figure>\n<\/figure>\n\n\n\n<p><\/p>\n","protected":false},"excerpt":{"rendered":"<p>Durante el fin de semana largo, entre el 6 y el 8 de diciembre, numerosos fieles de nuestra di\u00f3cesis y de localidades cercanas peregrinaron hasta el Santuario de Las Pe\u00f1as para honrar a la Inmaculada Concepci\u00f3n. Esta fiesta, tan querida por el pueblo arique\u00f1o, volvi\u00f3 a ser un momento de profunda oraci\u00f3n, gratitud y renovaci\u00f3n [&#8230;]\n","protected":false},"author":2,"featured_media":4105,"comment_status":"closed","ping_status":"open","sticky":false,"template":"","format":"standard","meta":{"footnotes":""},"categories":[7],"tags":[],"class_list":["post-4096","post","type-post","status-publish","format-standard","has-post-thumbnail","hentry","category-noticias"],"yoast_head":"<!-- This site is optimized with the Yoast SEO plugin v24.6 - https:\/\/yoast.com\/wordpress\/plugins\/seo\/ -->\n<title>Fieles de la Di\u00f3cesis de San Marcos de Arica se re\u00fanen en un nuevo caminar de fe para celebrar a la Virgen de las Pe\u00f1as - Obispado San Marcos de Arica<\/title>\n<meta name=\"robots\" content=\"index, follow, max-snippet:-1, max-image-preview:large, max-video-preview:-1\" \/>\n<link rel=\"canonical\" href=\"https:\/\/obispadoarica.cl\/home\/fieles-de-la-diocesis-de-san-marcos-de-arica-se-reunen-en-un-nuevo-caminar-de-fe-para-celebrar-a-la-virgen-de-las-penas\/\" \/>\n<meta property=\"og:locale\" content=\"es_ES\" \/>\n<meta property=\"og:type\" content=\"article\" \/>\n<meta property=\"og:title\" content=\"Fieles de la Di\u00f3cesis de San Marcos de Arica se re\u00fanen en un nuevo caminar de fe para celebrar a la Virgen de las Pe\u00f1as - Obispado San Marcos de Arica\" \/>\n<meta property=\"og:description\" content=\"Durante el fin de semana largo, entre el 6 y el 8 de diciembre, numerosos fieles de nuestra di\u00f3cesis y de localidades cercanas peregrinaron hasta el Santuario de Las Pe\u00f1as para honrar a la Inmaculada Concepci\u00f3n. Esta fiesta, tan querida por el pueblo arique\u00f1o, volvi\u00f3 a ser un momento de profunda oraci\u00f3n, gratitud y renovaci\u00f3n [...]\" \/>\n<meta property=\"og:url\" content=\"https:\/\/obispadoarica.cl\/home\/fieles-de-la-diocesis-de-san-marcos-de-arica-se-reunen-en-un-nuevo-caminar-de-fe-para-celebrar-a-la-virgen-de-las-penas\/\" \/>\n<meta property=\"og:site_name\" content=\"Obispado San Marcos de Arica\" \/>\n<meta property=\"article:published_time\" content=\"2025-12-14T02:50:47+00:00\" \/>\n<meta property=\"article:modified_time\" content=\"2025-12-14T02:53:45+00:00\" \/>\n<meta property=\"og:image\" content=\"https:\/\/obispadoarica.cl\/home\/wp-content\/uploads\/2025\/12\/img_gale_6938838dc22f3_09122025.jpg\" \/>\n\t<meta property=\"og:image:width\" content=\"450\" \/>\n\t<meta property=\"og:image:height\" content=\"800\" \/>\n\t<meta property=\"og:image:type\" content=\"image\/jpeg\" \/>\n<meta name=\"author\" content=\"Obispado de Arica\" \/>\n<meta name=\"twitter:card\" content=\"summary_large_image\" \/>\n<meta name=\"twitter:label1\" content=\"Escrito por\" \/>\n\t<meta name=\"twitter:data1\" content=\"Obispado de Arica\" \/>\n\t<meta name=\"twitter:label2\" content=\"Tiempo de lectura\" \/>\n\t<meta name=\"twitter:data2\" content=\"6 minutos\" \/>\n<script type=\"application\/ld+json\" class=\"yoast-schema-graph\">{\"@context\":\"https:\/\/schema.org\",\"@graph\":[{\"@type\":\"WebPage\",\"@id\":\"https:\/\/obispadoarica.cl\/home\/fieles-de-la-diocesis-de-san-marcos-de-arica-se-reunen-en-un-nuevo-caminar-de-fe-para-celebrar-a-la-virgen-de-las-penas\/\",\"url\":\"https:\/\/obispadoarica.cl\/home\/fieles-de-la-diocesis-de-san-marcos-de-arica-se-reunen-en-un-nuevo-caminar-de-fe-para-celebrar-a-la-virgen-de-las-penas\/\",\"name\":\"Fieles de la Di\u00f3cesis de San Marcos de Arica se re\u00fanen en un nuevo caminar de fe para celebrar a la Virgen de las Pe\u00f1as - Obispado San Marcos de Arica\",\"isPartOf\":{\"@id\":\"https:\/\/obispadoarica.cl\/home\/#website\"},\"primaryImageOfPage\":{\"@id\":\"https:\/\/obispadoarica.cl\/home\/fieles-de-la-diocesis-de-san-marcos-de-arica-se-reunen-en-un-nuevo-caminar-de-fe-para-celebrar-a-la-virgen-de-las-penas\/#primaryimage\"},\"image\":{\"@id\":\"https:\/\/obispadoarica.cl\/home\/fieles-de-la-diocesis-de-san-marcos-de-arica-se-reunen-en-un-nuevo-caminar-de-fe-para-celebrar-a-la-virgen-de-las-penas\/#primaryimage\"},\"thumbnailUrl\":\"https:\/\/obispadoarica.cl\/home\/wp-content\/uploads\/2025\/12\/img_gale_6938838dc22f3_09122025.jpg\",\"datePublished\":\"2025-12-14T02:50:47+00:00\",\"dateModified\":\"2025-12-14T02:53:45+00:00\",\"author\":{\"@id\":\"https:\/\/obispadoarica.cl\/home\/#\/schema\/person\/1a8f4c2a3418412187dff039ecf9d97e\"},\"breadcrumb\":{\"@id\":\"https:\/\/obispadoarica.cl\/home\/fieles-de-la-diocesis-de-san-marcos-de-arica-se-reunen-en-un-nuevo-caminar-de-fe-para-celebrar-a-la-virgen-de-las-penas\/#breadcrumb\"},\"inLanguage\":\"es\",\"potentialAction\":[{\"@type\":\"ReadAction\",\"target\":[\"https:\/\/obispadoarica.cl\/home\/fieles-de-la-diocesis-de-san-marcos-de-arica-se-reunen-en-un-nuevo-caminar-de-fe-para-celebrar-a-la-virgen-de-las-penas\/\"]}]},{\"@type\":\"ImageObject\",\"inLanguage\":\"es\",\"@id\":\"https:\/\/obispadoarica.cl\/home\/fieles-de-la-diocesis-de-san-marcos-de-arica-se-reunen-en-un-nuevo-caminar-de-fe-para-celebrar-a-la-virgen-de-las-penas\/#primaryimage\",\"url\":\"https:\/\/obispadoarica.cl\/home\/wp-content\/uploads\/2025\/12\/img_gale_6938838dc22f3_09122025.jpg\",\"contentUrl\":\"https:\/\/obispadoarica.cl\/home\/wp-content\/uploads\/2025\/12\/img_gale_6938838dc22f3_09122025.jpg\",\"width\":450,\"height\":800},{\"@type\":\"BreadcrumbList\",\"@id\":\"https:\/\/obispadoarica.cl\/home\/fieles-de-la-diocesis-de-san-marcos-de-arica-se-reunen-en-un-nuevo-caminar-de-fe-para-celebrar-a-la-virgen-de-las-penas\/#breadcrumb\",\"itemListElement\":[{\"@type\":\"ListItem\",\"position\":1,\"name\":\"Portada\",\"item\":\"https:\/\/obispadoarica.cl\/home\/\"},{\"@type\":\"ListItem\",\"position\":2,\"name\":\"Fieles de la Di\u00f3cesis de San Marcos de Arica se re\u00fanen en un nuevo caminar de fe para celebrar a la Virgen de las Pe\u00f1as\"}]},{\"@type\":\"WebSite\",\"@id\":\"https:\/\/obispadoarica.cl\/home\/#website\",\"url\":\"https:\/\/obispadoarica.cl\/home\/\",\"name\":\"Obispado San Marcos de Arica\",\"description\":\"Di\u00f3cesis San Marcos de Arica\",\"potentialAction\":[{\"@type\":\"SearchAction\",\"target\":{\"@type\":\"EntryPoint\",\"urlTemplate\":\"https:\/\/obispadoarica.cl\/home\/?s={search_term_string}\"},\"query-input\":{\"@type\":\"PropertyValueSpecification\",\"valueRequired\":true,\"valueName\":\"search_term_string\"}}],\"inLanguage\":\"es\"},{\"@type\":\"Person\",\"@id\":\"https:\/\/obispadoarica.cl\/home\/#\/schema\/person\/1a8f4c2a3418412187dff039ecf9d97e\",\"name\":\"Obispado de Arica\",\"image\":{\"@type\":\"ImageObject\",\"inLanguage\":\"es\",\"@id\":\"https:\/\/obispadoarica.cl\/home\/#\/schema\/person\/image\/\",\"url\":\"https:\/\/secure.gravatar.com\/avatar\/c75d5ceafb11502016ed664658884b0b1b183fa6f96260878f47ac58f950c8d9?s=96&d=mm&r=g\",\"contentUrl\":\"https:\/\/secure.gravatar.com\/avatar\/c75d5ceafb11502016ed664658884b0b1b183fa6f96260878f47ac58f950c8d9?s=96&d=mm&r=g\",\"caption\":\"Obispado de Arica\"},\"url\":\"https:\/\/obispadoarica.cl\/home\/author\/c1300590\/\"}]}<\/script>\n<!-- \/ Yoast SEO plugin. -->","yoast_head_json":{"title":"Fieles de la Di\u00f3cesis de San Marcos de Arica se re\u00fanen en un nuevo caminar de fe para celebrar a la Virgen de las Pe\u00f1as - Obispado San Marcos de Arica","robots":{"index":"index","follow":"follow","max-snippet":"max-snippet:-1","max-image-preview":"max-image-preview:large","max-video-preview":"max-video-preview:-1"},"canonical":"https:\/\/obispadoarica.cl\/home\/fieles-de-la-diocesis-de-san-marcos-de-arica-se-reunen-en-un-nuevo-caminar-de-fe-para-celebrar-a-la-virgen-de-las-penas\/","og_locale":"es_ES","og_type":"article","og_title":"Fieles de la Di\u00f3cesis de San Marcos de Arica se re\u00fanen en un nuevo caminar de fe para celebrar a la Virgen de las Pe\u00f1as - Obispado San Marcos de Arica","og_description":"Durante el fin de semana largo, entre el 6 y el 8 de diciembre, numerosos fieles de nuestra di\u00f3cesis y de localidades cercanas peregrinaron hasta el Santuario de Las Pe\u00f1as para honrar a la Inmaculada Concepci\u00f3n. Esta fiesta, tan querida por el pueblo arique\u00f1o, volvi\u00f3 a ser un momento de profunda oraci\u00f3n, gratitud y renovaci\u00f3n [...]","og_url":"https:\/\/obispadoarica.cl\/home\/fieles-de-la-diocesis-de-san-marcos-de-arica-se-reunen-en-un-nuevo-caminar-de-fe-para-celebrar-a-la-virgen-de-las-penas\/","og_site_name":"Obispado San Marcos de Arica","article_published_time":"2025-12-14T02:50:47+00:00","article_modified_time":"2025-12-14T02:53:45+00:00","og_image":[{"width":450,"height":800,"url":"https:\/\/obispadoarica.cl\/home\/wp-content\/uploads\/2025\/12\/img_gale_6938838dc22f3_09122025.jpg","type":"image\/jpeg"}],"author":"Obispado de Arica","twitter_card":"summary_large_image","twitter_misc":{"Escrito por":"Obispado de Arica","Tiempo de lectura":"6 minutos"},"schema":{"@context":"https:\/\/schema.org","@graph":[{"@type":"WebPage","@id":"https:\/\/obispadoarica.cl\/home\/fieles-de-la-diocesis-de-san-marcos-de-arica-se-reunen-en-un-nuevo-caminar-de-fe-para-celebrar-a-la-virgen-de-las-penas\/","url":"https:\/\/obispadoarica.cl\/home\/fieles-de-la-diocesis-de-san-marcos-de-arica-se-reunen-en-un-nuevo-caminar-de-fe-para-celebrar-a-la-virgen-de-las-penas\/","name":"Fieles de la Di\u00f3cesis de San Marcos de Arica se re\u00fanen en un nuevo caminar de fe para celebrar a la Virgen de las Pe\u00f1as - Obispado San Marcos de Arica","isPartOf":{"@id":"https:\/\/obispadoarica.cl\/home\/#website"},"primaryImageOfPage":{"@id":"https:\/\/obispadoarica.cl\/home\/fieles-de-la-diocesis-de-san-marcos-de-arica-se-reunen-en-un-nuevo-caminar-de-fe-para-celebrar-a-la-virgen-de-las-penas\/#primaryimage"},"image":{"@id":"https:\/\/obispadoarica.cl\/home\/fieles-de-la-diocesis-de-san-marcos-de-arica-se-reunen-en-un-nuevo-caminar-de-fe-para-celebrar-a-la-virgen-de-las-penas\/#primaryimage"},"thumbnailUrl":"https:\/\/obispadoarica.cl\/home\/wp-content\/uploads\/2025\/12\/img_gale_6938838dc22f3_09122025.jpg","datePublished":"2025-12-14T02:50:47+00:00","dateModified":"2025-12-14T02:53:45+00:00","author":{"@id":"https:\/\/obispadoarica.cl\/home\/#\/schema\/person\/1a8f4c2a3418412187dff039ecf9d97e"},"breadcrumb":{"@id":"https:\/\/obispadoarica.cl\/home\/fieles-de-la-diocesis-de-san-marcos-de-arica-se-reunen-en-un-nuevo-caminar-de-fe-para-celebrar-a-la-virgen-de-las-penas\/#breadcrumb"},"inLanguage":"es","potentialAction":[{"@type":"ReadAction","target":["https:\/\/obispadoarica.cl\/home\/fieles-de-la-diocesis-de-san-marcos-de-arica-se-reunen-en-un-nuevo-caminar-de-fe-para-celebrar-a-la-virgen-de-las-penas\/"]}]},{"@type":"ImageObject","inLanguage":"es","@id":"https:\/\/obispadoarica.cl\/home\/fieles-de-la-diocesis-de-san-marcos-de-arica-se-reunen-en-un-nuevo-caminar-de-fe-para-celebrar-a-la-virgen-de-las-penas\/#primaryimage","url":"https:\/\/obispadoarica.cl\/home\/wp-content\/uploads\/2025\/12\/img_gale_6938838dc22f3_09122025.jpg","contentUrl":"https:\/\/obispadoarica.cl\/home\/wp-content\/uploads\/2025\/12\/img_gale_6938838dc22f3_09122025.jpg","width":450,"height":800},{"@type":"BreadcrumbList","@id":"https:\/\/obispadoarica.cl\/home\/fieles-de-la-diocesis-de-san-marcos-de-arica-se-reunen-en-un-nuevo-caminar-de-fe-para-celebrar-a-la-virgen-de-las-penas\/#breadcrumb","itemListElement":[{"@type":"ListItem","position":1,"name":"Portada","item":"https:\/\/obispadoarica.cl\/home\/"},{"@type":"ListItem","position":2,"name":"Fieles de la Di\u00f3cesis de San Marcos de Arica se re\u00fanen en un nuevo caminar de fe para celebrar a la Virgen de las Pe\u00f1as"}]},{"@type":"WebSite","@id":"https:\/\/obispadoarica.cl\/home\/#website","url":"https:\/\/obispadoarica.cl\/home\/","name":"Obispado San Marcos de Arica","description":"Di\u00f3cesis San Marcos de Arica","potentialAction":[{"@type":"SearchAction","target":{"@type":"EntryPoint","urlTemplate":"https:\/\/obispadoarica.cl\/home\/?s={search_term_string}"},"query-input":{"@type":"PropertyValueSpecification","valueRequired":true,"valueName":"search_term_string"}}],"inLanguage":"es"},{"@type":"Person","@id":"https:\/\/obispadoarica.cl\/home\/#\/schema\/person\/1a8f4c2a3418412187dff039ecf9d97e","name":"Obispado de Arica","image":{"@type":"ImageObject","inLanguage":"es","@id":"https:\/\/obispadoarica.cl\/home\/#\/schema\/person\/image\/","url":"https:\/\/secure.gravatar.com\/avatar\/c75d5ceafb11502016ed664658884b0b1b183fa6f96260878f47ac58f950c8d9?s=96&d=mm&r=g","contentUrl":"https:\/\/secure.gravatar.com\/avatar\/c75d5ceafb11502016ed664658884b0b1b183fa6f96260878f47ac58f950c8d9?s=96&d=mm&r=g","caption":"Obispado de Arica"},"url":"https:\/\/obispadoarica.cl\/home\/author\/c1300590\/"}]}},"_links":{"self":[{"href":"https:\/\/obispadoarica.cl\/home\/wp-json\/wp\/v2\/posts\/4096","targetHints":{"allow":["GET"]}}],"collection":[{"href":"https:\/\/obispadoarica.cl\/home\/wp-json\/wp\/v2\/posts"}],"about":[{"href":"https:\/\/obispadoarica.cl\/home\/wp-json\/wp\/v2\/types\/post"}],"author":[{"embeddable":true,"href":"https:\/\/obispadoarica.cl\/home\/wp-json\/wp\/v2\/users\/2"}],"replies":[{"embeddable":true,"href":"https:\/\/obispadoarica.cl\/home\/wp-json\/wp\/v2\/comments?post=4096"}],"version-history":[{"count":2,"href":"https:\/\/obispadoarica.cl\/home\/wp-json\/wp\/v2\/posts\/4096\/revisions"}],"predecessor-version":[{"id":4115,"href":"https:\/\/obispadoarica.cl\/home\/wp-json\/wp\/v2\/posts\/4096\/revisions\/4115"}],"wp:featuredmedia":[{"embeddable":true,"href":"https:\/\/obispadoarica.cl\/home\/wp-json\/wp\/v2\/media\/4105"}],"wp:attachment":[{"href":"https:\/\/obispadoarica.cl\/home\/wp-json\/wp\/v2\/media?parent=4096"}],"wp:term":[{"taxonomy":"category","embeddable":true,"href":"https:\/\/obispadoarica.cl\/home\/wp-json\/wp\/v2\/categories?post=4096"},{"taxonomy":"post_tag","embeddable":true,"href":"https:\/\/obispadoarica.cl\/home\/wp-json\/wp\/v2\/tags?post=4096"}],"curies":[{"name":"wp","href":"https:\/\/api.w.org\/{rel}","templated":true}]}}