{"id":4116,"date":"2025-12-13T23:01:30","date_gmt":"2025-12-14T03:01:30","guid":{"rendered":"https:\/\/obispadoarica.cl\/home\/?p=4116"},"modified":"2025-12-13T23:01:31","modified_gmt":"2025-12-14T03:01:31","slug":"fundacion-caritas-san-marcos-de-arica-impulsa-proyecto-de-neurodesarrollo-infantil-en-arica-y-parinacota","status":"publish","type":"post","link":"https:\/\/obispadoarica.cl\/home\/fundacion-caritas-san-marcos-de-arica-impulsa-proyecto-de-neurodesarrollo-infantil-en-arica-y-parinacota\/","title":{"rendered":"Fundaci\u00f3n C\u00e1ritas San Marcos de Arica impulsa proyecto de neurodesarrollo infantil en Arica y Parinacota"},"content":{"rendered":"\n\n\n<p>Con terapias, talleres y apoyo especializado, la Fundaci\u00f3n C\u00e1ritas San Marcos acompa\u00f1a a ni\u00f1os, ni\u00f1as y adolescentes neurodivergentes y a sus cuidadores, impulsando su desarrollo y promoviendo oportunidades de inclusi\u00f3n en Arica y Parinacota.<\/p>\n\n\n\n<p>En el mes de octubre la Fundaci\u00f3n C\u00e1ritas San Marcos de Arica, inici\u00f3 el proyecto \u201cNeurodesarrollo Infantil, terapias y talleres para la neuroinclusi\u00f3n integral en la regi\u00f3n de Arica y Parinacota\u201d, iniciativa, cuyo prop\u00f3sito es fortalecer el desarrollo de ni\u00f1os, ni\u00f1as y adolescentes neurodivergentes mediante un modelo de atenci\u00f3n interdisciplinario y participativo.<\/p>\n\n\n\n<p>Dicho proyecto ha sido financiado por el Fondo Para Vivir Mejor \u2013 Acci\u00f3n Social 2025 del Ministerio de Desarrollo Social y Familia, el cual busca favorecer el desarrollo integral de ni\u00f1os, ni\u00f1as y adolescentes neurodivergentes entre 5 y 14 a\u00f1os, a trav\u00e9s de un programa de intervenci\u00f3n multidisciplinario, orientado a mejorar sus habilidades cognitivas, motoras, comunicativas y sensoriales, promoviendo a su vez, la inclusi\u00f3n y bienestar, con especial \u00e9nfasis en las familias m\u00e1s vulnerables.<\/p>\n\n\n\n<p>Esta iniciativa, que se encuentra en pleno desarrollo, ha incorporado atenci\u00f3n especializada mediante un equipo profesional compuesto por: neur\u00f3logo infantil, terapeuta ocupacional, fonoaudi\u00f3logo, kinesi\u00f3logo y trabajadora social quienes realizaron evaluaciones, sesiones terap\u00e9uticas y acompa\u00f1amiento a las familias beneficiarias.<\/p>\n\n\n\n<p>En total, el proyecto beneficiar\u00e1 a m\u00e1s de 30 familias, entre ni\u00f1os, ni\u00f1as, adolescentes y sus cuidadores, contribuyendo al fortalecimiento de sus capacidades y al acceso oportuno a apoyos esenciales para el neurodesarrollo.<\/p>\n\n\n\n<p>Con esta iniciativa, la Fundaci\u00f3n reafirma su compromiso con la equidad territorial, la promoci\u00f3n de derechos y la construcci\u00f3n de entornos m\u00e1s inclusivos para la ni\u00f1ez y adolescencia de la regi\u00f3n.<\/p>\n\n\n\n<p><strong>Fuente: Comunicaciones Arica<\/strong><br><em>Arica, 11-12-2025<\/em><\/p>\n\n\n\n<figure class=\"wp-block-gallery has-nested-images columns-default is-cropped wp-block-gallery-1 is-layout-flex wp-block-gallery-is-layout-flex\">\n<figure class=\"wp-block-image size-large\"><a href=\"https:\/\/obispadoarica.cl\/home\/wp-content\/uploads\/2025\/12\/img_gale_693afa3e9f39b_11122025.jpg\"><img fetchpriority=\"high\" decoding=\"async\" width=\"1000\" height=\"750\" data-id=\"4119\" src=\"https:\/\/obispadoarica.cl\/home\/wp-content\/uploads\/2025\/12\/img_gale_693afa3e9f39b_11122025.jpg\" alt=\"\" class=\"wp-image-4119\" srcset=\"https:\/\/obispadoarica.cl\/home\/wp-content\/uploads\/2025\/12\/img_gale_693afa3e9f39b_11122025.jpg 1000w, https:\/\/obispadoarica.cl\/home\/wp-content\/uploads\/2025\/12\/img_gale_693afa3e9f39b_11122025-300x225.jpg 300w, https:\/\/obispadoarica.cl\/home\/wp-content\/uploads\/2025\/12\/img_gale_693afa3e9f39b_11122025-768x576.jpg 768w, https:\/\/obispadoarica.cl\/home\/wp-content\/uploads\/2025\/12\/img_gale_693afa3e9f39b_11122025-640x480.jpg 640w\" sizes=\"(max-width: 1000px) 100vw, 1000px\" \/><\/a><\/figure>\n\n\n\n<figure class=\"wp-block-image size-large\"><a href=\"https:\/\/obispadoarica.cl\/home\/wp-content\/uploads\/2025\/12\/img_gale_693afa3e952dc_11122025.jpg\"><img decoding=\"async\" width=\"600\" height=\"800\" data-id=\"4125\" src=\"https:\/\/obispadoarica.cl\/home\/wp-content\/uploads\/2025\/12\/img_gale_693afa3e952dc_11122025.jpg\" alt=\"\" class=\"wp-image-4125\" srcset=\"https:\/\/obispadoarica.cl\/home\/wp-content\/uploads\/2025\/12\/img_gale_693afa3e952dc_11122025.jpg 600w, https:\/\/obispadoarica.cl\/home\/wp-content\/uploads\/2025\/12\/img_gale_693afa3e952dc_11122025-225x300.jpg 225w\" sizes=\"(max-width: 600px) 100vw, 600px\" \/><\/a><\/figure>\n\n\n\n<figure class=\"wp-block-image size-large\"><a href=\"https:\/\/obispadoarica.cl\/home\/wp-content\/uploads\/2025\/12\/img_gale_693afa3eae1d5_11122025.jpg\"><img decoding=\"async\" width=\"602\" height=\"800\" data-id=\"4123\" src=\"https:\/\/obispadoarica.cl\/home\/wp-content\/uploads\/2025\/12\/img_gale_693afa3eae1d5_11122025.jpg\" alt=\"\" class=\"wp-image-4123\" srcset=\"https:\/\/obispadoarica.cl\/home\/wp-content\/uploads\/2025\/12\/img_gale_693afa3eae1d5_11122025.jpg 602w, https:\/\/obispadoarica.cl\/home\/wp-content\/uploads\/2025\/12\/img_gale_693afa3eae1d5_11122025-226x300.jpg 226w\" sizes=\"(max-width: 602px) 100vw, 602px\" \/><\/a><\/figure>\n\n\n\n<figure class=\"wp-block-image size-large\"><a href=\"https:\/\/obispadoarica.cl\/home\/wp-content\/uploads\/2025\/12\/img_gale_693afa3ebb67f_11122025.jpg\"><img loading=\"lazy\" decoding=\"async\" width=\"602\" height=\"800\" data-id=\"4124\" src=\"https:\/\/obispadoarica.cl\/home\/wp-content\/uploads\/2025\/12\/img_gale_693afa3ebb67f_11122025.jpg\" alt=\"\" class=\"wp-image-4124\" srcset=\"https:\/\/obispadoarica.cl\/home\/wp-content\/uploads\/2025\/12\/img_gale_693afa3ebb67f_11122025.jpg 602w, https:\/\/obispadoarica.cl\/home\/wp-content\/uploads\/2025\/12\/img_gale_693afa3ebb67f_11122025-226x300.jpg 226w\" sizes=\"(max-width: 602px) 100vw, 602px\" \/><\/a><\/figure>\n\n\n\n<figure class=\"wp-block-image size-large\"><a href=\"https:\/\/obispadoarica.cl\/home\/wp-content\/uploads\/2025\/12\/img_gale_693afa3ec5065_11122025.jpg\"><img loading=\"lazy\" decoding=\"async\" width=\"1000\" height=\"750\" data-id=\"4127\" src=\"https:\/\/obispadoarica.cl\/home\/wp-content\/uploads\/2025\/12\/img_gale_693afa3ec5065_11122025.jpg\" alt=\"\" class=\"wp-image-4127\" srcset=\"https:\/\/obispadoarica.cl\/home\/wp-content\/uploads\/2025\/12\/img_gale_693afa3ec5065_11122025.jpg 1000w, https:\/\/obispadoarica.cl\/home\/wp-content\/uploads\/2025\/12\/img_gale_693afa3ec5065_11122025-300x225.jpg 300w, https:\/\/obispadoarica.cl\/home\/wp-content\/uploads\/2025\/12\/img_gale_693afa3ec5065_11122025-768x576.jpg 768w, https:\/\/obispadoarica.cl\/home\/wp-content\/uploads\/2025\/12\/img_gale_693afa3ec5065_11122025-640x480.jpg 640w\" sizes=\"(max-width: 1000px) 100vw, 1000px\" \/><\/a><\/figure>\n\n\n\n<figure class=\"wp-block-image size-large\"><a href=\"https:\/\/obispadoarica.cl\/home\/wp-content\/uploads\/2025\/12\/img_gale_693afa3ed2074_11122025.jpg\"><img loading=\"lazy\" decoding=\"async\" width=\"1000\" height=\"750\" data-id=\"4122\" src=\"https:\/\/obispadoarica.cl\/home\/wp-content\/uploads\/2025\/12\/img_gale_693afa3ed2074_11122025.jpg\" alt=\"\" class=\"wp-image-4122\" srcset=\"https:\/\/obispadoarica.cl\/home\/wp-content\/uploads\/2025\/12\/img_gale_693afa3ed2074_11122025.jpg 1000w, https:\/\/obispadoarica.cl\/home\/wp-content\/uploads\/2025\/12\/img_gale_693afa3ed2074_11122025-300x225.jpg 300w, https:\/\/obispadoarica.cl\/home\/wp-content\/uploads\/2025\/12\/img_gale_693afa3ed2074_11122025-768x576.jpg 768w, https:\/\/obispadoarica.cl\/home\/wp-content\/uploads\/2025\/12\/img_gale_693afa3ed2074_11122025-640x480.jpg 640w\" sizes=\"(max-width: 1000px) 100vw, 1000px\" \/><\/a><\/figure>\n\n\n\n<figure class=\"wp-block-image size-large\"><a href=\"https:\/\/obispadoarica.cl\/home\/wp-content\/uploads\/2025\/12\/img_gale_693afa3edd63f_11122025.jpg\"><img loading=\"lazy\" decoding=\"async\" width=\"1000\" height=\"750\" data-id=\"4126\" src=\"https:\/\/obispadoarica.cl\/home\/wp-content\/uploads\/2025\/12\/img_gale_693afa3edd63f_11122025.jpg\" alt=\"\" class=\"wp-image-4126\" srcset=\"https:\/\/obispadoarica.cl\/home\/wp-content\/uploads\/2025\/12\/img_gale_693afa3edd63f_11122025.jpg 1000w, https:\/\/obispadoarica.cl\/home\/wp-content\/uploads\/2025\/12\/img_gale_693afa3edd63f_11122025-300x225.jpg 300w, https:\/\/obispadoarica.cl\/home\/wp-content\/uploads\/2025\/12\/img_gale_693afa3edd63f_11122025-768x576.jpg 768w, https:\/\/obispadoarica.cl\/home\/wp-content\/uploads\/2025\/12\/img_gale_693afa3edd63f_11122025-640x480.jpg 640w\" sizes=\"(max-width: 1000px) 100vw, 1000px\" \/><\/a><\/figure>\n\n\n\n<figure class=\"wp-block-image size-large\"><a href=\"https:\/\/obispadoarica.cl\/home\/wp-content\/uploads\/2025\/12\/img_gale_693afa3ee8bea_11122025.jpg\"><img loading=\"lazy\" decoding=\"async\" width=\"1000\" height=\"750\" data-id=\"4121\" src=\"https:\/\/obispadoarica.cl\/home\/wp-content\/uploads\/2025\/12\/img_gale_693afa3ee8bea_11122025.jpg\" alt=\"\" class=\"wp-image-4121\" srcset=\"https:\/\/obispadoarica.cl\/home\/wp-content\/uploads\/2025\/12\/img_gale_693afa3ee8bea_11122025.jpg 1000w, https:\/\/obispadoarica.cl\/home\/wp-content\/uploads\/2025\/12\/img_gale_693afa3ee8bea_11122025-300x225.jpg 300w, https:\/\/obispadoarica.cl\/home\/wp-content\/uploads\/2025\/12\/img_gale_693afa3ee8bea_11122025-768x576.jpg 768w, https:\/\/obispadoarica.cl\/home\/wp-content\/uploads\/2025\/12\/img_gale_693afa3ee8bea_11122025-640x480.jpg 640w\" sizes=\"(max-width: 1000px) 100vw, 1000px\" \/><\/a><\/figure>\n\n\n\n<figure class=\"wp-block-image size-large\"><a href=\"https:\/\/obispadoarica.cl\/home\/wp-content\/uploads\/2025\/12\/img_gale_693afa3ef3e67_11122025.jpg\"><img loading=\"lazy\" decoding=\"async\" width=\"1000\" height=\"750\" data-id=\"4118\" src=\"https:\/\/obispadoarica.cl\/home\/wp-content\/uploads\/2025\/12\/img_gale_693afa3ef3e67_11122025.jpg\" alt=\"\" class=\"wp-image-4118\" srcset=\"https:\/\/obispadoarica.cl\/home\/wp-content\/uploads\/2025\/12\/img_gale_693afa3ef3e67_11122025.jpg 1000w, https:\/\/obispadoarica.cl\/home\/wp-content\/uploads\/2025\/12\/img_gale_693afa3ef3e67_11122025-300x225.jpg 300w, https:\/\/obispadoarica.cl\/home\/wp-content\/uploads\/2025\/12\/img_gale_693afa3ef3e67_11122025-768x576.jpg 768w, https:\/\/obispadoarica.cl\/home\/wp-content\/uploads\/2025\/12\/img_gale_693afa3ef3e67_11122025-640x480.jpg 640w\" sizes=\"(max-width: 1000px) 100vw, 1000px\" \/><\/a><\/figure>\n\n\n\n<figure class=\"wp-block-image size-large\"><a href=\"https:\/\/obispadoarica.cl\/home\/wp-content\/uploads\/2025\/12\/img_gale_693afa3f0b1f6_11122025.jpg\"><img loading=\"lazy\" decoding=\"async\" width=\"602\" height=\"800\" data-id=\"4117\" src=\"https:\/\/obispadoarica.cl\/home\/wp-content\/uploads\/2025\/12\/img_gale_693afa3f0b1f6_11122025.jpg\" alt=\"\" class=\"wp-image-4117\" srcset=\"https:\/\/obispadoarica.cl\/home\/wp-content\/uploads\/2025\/12\/img_gale_693afa3f0b1f6_11122025.jpg 602w, https:\/\/obispadoarica.cl\/home\/wp-content\/uploads\/2025\/12\/img_gale_693afa3f0b1f6_11122025-226x300.jpg 226w\" sizes=\"(max-width: 602px) 100vw, 602px\" \/><\/a><\/figure>\n\n\n\n<figure class=\"wp-block-image size-large\"><a href=\"https:\/\/obispadoarica.cl\/home\/wp-content\/uploads\/2025\/12\/img_gale_693afa3f15a1c_11122025.jpg\"><img loading=\"lazy\" decoding=\"async\" width=\"1000\" height=\"750\" data-id=\"4120\" src=\"https:\/\/obispadoarica.cl\/home\/wp-content\/uploads\/2025\/12\/img_gale_693afa3f15a1c_11122025.jpg\" alt=\"\" class=\"wp-image-4120\" srcset=\"https:\/\/obispadoarica.cl\/home\/wp-content\/uploads\/2025\/12\/img_gale_693afa3f15a1c_11122025.jpg 1000w, https:\/\/obispadoarica.cl\/home\/wp-content\/uploads\/2025\/12\/img_gale_693afa3f15a1c_11122025-300x225.jpg 300w, https:\/\/obispadoarica.cl\/home\/wp-content\/uploads\/2025\/12\/img_gale_693afa3f15a1c_11122025-768x576.jpg 768w, https:\/\/obispadoarica.cl\/home\/wp-content\/uploads\/2025\/12\/img_gale_693afa3f15a1c_11122025-640x480.jpg 640w\" sizes=\"(max-width: 1000px) 100vw, 1000px\" \/><\/a><\/figure>\n<\/figure>\n","protected":false},"excerpt":{"rendered":"<p>Con terapias, talleres y apoyo especializado, la Fundaci\u00f3n C\u00e1ritas San Marcos acompa\u00f1a a ni\u00f1os, ni\u00f1as y adolescentes neurodivergentes y a sus cuidadores, impulsando su desarrollo y promoviendo oportunidades de inclusi\u00f3n en Arica y Parinacota. En el mes de octubre la Fundaci\u00f3n C\u00e1ritas San Marcos de Arica, inici\u00f3 el proyecto \u201cNeurodesarrollo Infantil, terapias y talleres para [&#8230;]\n","protected":false},"author":2,"featured_media":4119,"comment_status":"closed","ping_status":"open","sticky":false,"template":"","format":"standard","meta":{"footnotes":""},"categories":[7],"tags":[],"class_list":["post-4116","post","type-post","status-publish","format-standard","has-post-thumbnail","hentry","category-noticias"],"yoast_head":"<!-- This site is optimized with the Yoast SEO plugin v24.6 - https:\/\/yoast.com\/wordpress\/plugins\/seo\/ -->\n<title>Fundaci\u00f3n C\u00e1ritas San Marcos de Arica impulsa proyecto de neurodesarrollo infantil en Arica y Parinacota - Obispado San Marcos de Arica<\/title>\n<meta name=\"robots\" content=\"index, follow, max-snippet:-1, max-image-preview:large, max-video-preview:-1\" \/>\n<link rel=\"canonical\" href=\"https:\/\/obispadoarica.cl\/home\/fundacion-caritas-san-marcos-de-arica-impulsa-proyecto-de-neurodesarrollo-infantil-en-arica-y-parinacota\/\" \/>\n<meta property=\"og:locale\" content=\"es_ES\" \/>\n<meta property=\"og:type\" content=\"article\" \/>\n<meta property=\"og:title\" content=\"Fundaci\u00f3n C\u00e1ritas San Marcos de Arica impulsa proyecto de neurodesarrollo infantil en Arica y Parinacota - Obispado San Marcos de Arica\" \/>\n<meta property=\"og:description\" content=\"Con terapias, talleres y apoyo especializado, la Fundaci\u00f3n C\u00e1ritas San Marcos acompa\u00f1a a ni\u00f1os, ni\u00f1as y adolescentes neurodivergentes y a sus cuidadores, impulsando su desarrollo y promoviendo oportunidades de inclusi\u00f3n en Arica y Parinacota. En el mes de octubre la Fundaci\u00f3n C\u00e1ritas San Marcos de Arica, inici\u00f3 el proyecto \u201cNeurodesarrollo Infantil, terapias y talleres para [...]\" \/>\n<meta property=\"og:url\" content=\"https:\/\/obispadoarica.cl\/home\/fundacion-caritas-san-marcos-de-arica-impulsa-proyecto-de-neurodesarrollo-infantil-en-arica-y-parinacota\/\" \/>\n<meta property=\"og:site_name\" content=\"Obispado San Marcos de Arica\" \/>\n<meta property=\"article:published_time\" content=\"2025-12-14T03:01:30+00:00\" \/>\n<meta property=\"article:modified_time\" content=\"2025-12-14T03:01:31+00:00\" \/>\n<meta property=\"og:image\" content=\"https:\/\/obispadoarica.cl\/home\/wp-content\/uploads\/2025\/12\/img_gale_693afa3e9f39b_11122025.jpg\" \/>\n\t<meta property=\"og:image:width\" content=\"1000\" \/>\n\t<meta property=\"og:image:height\" content=\"750\" \/>\n\t<meta property=\"og:image:type\" content=\"image\/jpeg\" \/>\n<meta name=\"author\" content=\"Obispado de Arica\" \/>\n<meta name=\"twitter:card\" content=\"summary_large_image\" \/>\n<meta name=\"twitter:label1\" content=\"Escrito por\" \/>\n\t<meta name=\"twitter:data1\" content=\"Obispado de Arica\" \/>\n\t<meta name=\"twitter:label2\" content=\"Tiempo de lectura\" \/>\n\t<meta name=\"twitter:data2\" content=\"4 minutos\" \/>\n<script type=\"application\/ld+json\" class=\"yoast-schema-graph\">{\"@context\":\"https:\/\/schema.org\",\"@graph\":[{\"@type\":\"WebPage\",\"@id\":\"https:\/\/obispadoarica.cl\/home\/fundacion-caritas-san-marcos-de-arica-impulsa-proyecto-de-neurodesarrollo-infantil-en-arica-y-parinacota\/\",\"url\":\"https:\/\/obispadoarica.cl\/home\/fundacion-caritas-san-marcos-de-arica-impulsa-proyecto-de-neurodesarrollo-infantil-en-arica-y-parinacota\/\",\"name\":\"Fundaci\u00f3n C\u00e1ritas San Marcos de Arica impulsa proyecto de neurodesarrollo infantil en Arica y Parinacota - Obispado San Marcos de Arica\",\"isPartOf\":{\"@id\":\"https:\/\/obispadoarica.cl\/home\/#website\"},\"primaryImageOfPage\":{\"@id\":\"https:\/\/obispadoarica.cl\/home\/fundacion-caritas-san-marcos-de-arica-impulsa-proyecto-de-neurodesarrollo-infantil-en-arica-y-parinacota\/#primaryimage\"},\"image\":{\"@id\":\"https:\/\/obispadoarica.cl\/home\/fundacion-caritas-san-marcos-de-arica-impulsa-proyecto-de-neurodesarrollo-infantil-en-arica-y-parinacota\/#primaryimage\"},\"thumbnailUrl\":\"https:\/\/obispadoarica.cl\/home\/wp-content\/uploads\/2025\/12\/img_gale_693afa3e9f39b_11122025.jpg\",\"datePublished\":\"2025-12-14T03:01:30+00:00\",\"dateModified\":\"2025-12-14T03:01:31+00:00\",\"author\":{\"@id\":\"https:\/\/obispadoarica.cl\/home\/#\/schema\/person\/1a8f4c2a3418412187dff039ecf9d97e\"},\"breadcrumb\":{\"@id\":\"https:\/\/obispadoarica.cl\/home\/fundacion-caritas-san-marcos-de-arica-impulsa-proyecto-de-neurodesarrollo-infantil-en-arica-y-parinacota\/#breadcrumb\"},\"inLanguage\":\"es\",\"potentialAction\":[{\"@type\":\"ReadAction\",\"target\":[\"https:\/\/obispadoarica.cl\/home\/fundacion-caritas-san-marcos-de-arica-impulsa-proyecto-de-neurodesarrollo-infantil-en-arica-y-parinacota\/\"]}]},{\"@type\":\"ImageObject\",\"inLanguage\":\"es\",\"@id\":\"https:\/\/obispadoarica.cl\/home\/fundacion-caritas-san-marcos-de-arica-impulsa-proyecto-de-neurodesarrollo-infantil-en-arica-y-parinacota\/#primaryimage\",\"url\":\"https:\/\/obispadoarica.cl\/home\/wp-content\/uploads\/2025\/12\/img_gale_693afa3e9f39b_11122025.jpg\",\"contentUrl\":\"https:\/\/obispadoarica.cl\/home\/wp-content\/uploads\/2025\/12\/img_gale_693afa3e9f39b_11122025.jpg\",\"width\":1000,\"height\":750},{\"@type\":\"BreadcrumbList\",\"@id\":\"https:\/\/obispadoarica.cl\/home\/fundacion-caritas-san-marcos-de-arica-impulsa-proyecto-de-neurodesarrollo-infantil-en-arica-y-parinacota\/#breadcrumb\",\"itemListElement\":[{\"@type\":\"ListItem\",\"position\":1,\"name\":\"Portada\",\"item\":\"https:\/\/obispadoarica.cl\/home\/\"},{\"@type\":\"ListItem\",\"position\":2,\"name\":\"Fundaci\u00f3n C\u00e1ritas San Marcos de Arica impulsa proyecto de neurodesarrollo infantil en Arica y Parinacota\"}]},{\"@type\":\"WebSite\",\"@id\":\"https:\/\/obispadoarica.cl\/home\/#website\",\"url\":\"https:\/\/obispadoarica.cl\/home\/\",\"name\":\"Obispado San Marcos de Arica\",\"description\":\"Di\u00f3cesis San Marcos de Arica\",\"potentialAction\":[{\"@type\":\"SearchAction\",\"target\":{\"@type\":\"EntryPoint\",\"urlTemplate\":\"https:\/\/obispadoarica.cl\/home\/?s={search_term_string}\"},\"query-input\":{\"@type\":\"PropertyValueSpecification\",\"valueRequired\":true,\"valueName\":\"search_term_string\"}}],\"inLanguage\":\"es\"},{\"@type\":\"Person\",\"@id\":\"https:\/\/obispadoarica.cl\/home\/#\/schema\/person\/1a8f4c2a3418412187dff039ecf9d97e\",\"name\":\"Obispado de Arica\",\"image\":{\"@type\":\"ImageObject\",\"inLanguage\":\"es\",\"@id\":\"https:\/\/obispadoarica.cl\/home\/#\/schema\/person\/image\/\",\"url\":\"https:\/\/secure.gravatar.com\/avatar\/c75d5ceafb11502016ed664658884b0b1b183fa6f96260878f47ac58f950c8d9?s=96&d=mm&r=g\",\"contentUrl\":\"https:\/\/secure.gravatar.com\/avatar\/c75d5ceafb11502016ed664658884b0b1b183fa6f96260878f47ac58f950c8d9?s=96&d=mm&r=g\",\"caption\":\"Obispado de Arica\"},\"url\":\"https:\/\/obispadoarica.cl\/home\/author\/c1300590\/\"}]}<\/script>\n<!-- \/ Yoast SEO plugin. -->","yoast_head_json":{"title":"Fundaci\u00f3n C\u00e1ritas San Marcos de Arica impulsa proyecto de neurodesarrollo infantil en Arica y Parinacota - Obispado San Marcos de Arica","robots":{"index":"index","follow":"follow","max-snippet":"max-snippet:-1","max-image-preview":"max-image-preview:large","max-video-preview":"max-video-preview:-1"},"canonical":"https:\/\/obispadoarica.cl\/home\/fundacion-caritas-san-marcos-de-arica-impulsa-proyecto-de-neurodesarrollo-infantil-en-arica-y-parinacota\/","og_locale":"es_ES","og_type":"article","og_title":"Fundaci\u00f3n C\u00e1ritas San Marcos de Arica impulsa proyecto de neurodesarrollo infantil en Arica y Parinacota - Obispado San Marcos de Arica","og_description":"Con terapias, talleres y apoyo especializado, la Fundaci\u00f3n C\u00e1ritas San Marcos acompa\u00f1a a ni\u00f1os, ni\u00f1as y adolescentes neurodivergentes y a sus cuidadores, impulsando su desarrollo y promoviendo oportunidades de inclusi\u00f3n en Arica y Parinacota. En el mes de octubre la Fundaci\u00f3n C\u00e1ritas San Marcos de Arica, inici\u00f3 el proyecto \u201cNeurodesarrollo Infantil, terapias y talleres para [...]","og_url":"https:\/\/obispadoarica.cl\/home\/fundacion-caritas-san-marcos-de-arica-impulsa-proyecto-de-neurodesarrollo-infantil-en-arica-y-parinacota\/","og_site_name":"Obispado San Marcos de Arica","article_published_time":"2025-12-14T03:01:30+00:00","article_modified_time":"2025-12-14T03:01:31+00:00","og_image":[{"width":1000,"height":750,"url":"https:\/\/obispadoarica.cl\/home\/wp-content\/uploads\/2025\/12\/img_gale_693afa3e9f39b_11122025.jpg","type":"image\/jpeg"}],"author":"Obispado de Arica","twitter_card":"summary_large_image","twitter_misc":{"Escrito por":"Obispado de Arica","Tiempo de lectura":"4 minutos"},"schema":{"@context":"https:\/\/schema.org","@graph":[{"@type":"WebPage","@id":"https:\/\/obispadoarica.cl\/home\/fundacion-caritas-san-marcos-de-arica-impulsa-proyecto-de-neurodesarrollo-infantil-en-arica-y-parinacota\/","url":"https:\/\/obispadoarica.cl\/home\/fundacion-caritas-san-marcos-de-arica-impulsa-proyecto-de-neurodesarrollo-infantil-en-arica-y-parinacota\/","name":"Fundaci\u00f3n C\u00e1ritas San Marcos de Arica impulsa proyecto de neurodesarrollo infantil en Arica y Parinacota - Obispado San Marcos de Arica","isPartOf":{"@id":"https:\/\/obispadoarica.cl\/home\/#website"},"primaryImageOfPage":{"@id":"https:\/\/obispadoarica.cl\/home\/fundacion-caritas-san-marcos-de-arica-impulsa-proyecto-de-neurodesarrollo-infantil-en-arica-y-parinacota\/#primaryimage"},"image":{"@id":"https:\/\/obispadoarica.cl\/home\/fundacion-caritas-san-marcos-de-arica-impulsa-proyecto-de-neurodesarrollo-infantil-en-arica-y-parinacota\/#primaryimage"},"thumbnailUrl":"https:\/\/obispadoarica.cl\/home\/wp-content\/uploads\/2025\/12\/img_gale_693afa3e9f39b_11122025.jpg","datePublished":"2025-12-14T03:01:30+00:00","dateModified":"2025-12-14T03:01:31+00:00","author":{"@id":"https:\/\/obispadoarica.cl\/home\/#\/schema\/person\/1a8f4c2a3418412187dff039ecf9d97e"},"breadcrumb":{"@id":"https:\/\/obispadoarica.cl\/home\/fundacion-caritas-san-marcos-de-arica-impulsa-proyecto-de-neurodesarrollo-infantil-en-arica-y-parinacota\/#breadcrumb"},"inLanguage":"es","potentialAction":[{"@type":"ReadAction","target":["https:\/\/obispadoarica.cl\/home\/fundacion-caritas-san-marcos-de-arica-impulsa-proyecto-de-neurodesarrollo-infantil-en-arica-y-parinacota\/"]}]},{"@type":"ImageObject","inLanguage":"es","@id":"https:\/\/obispadoarica.cl\/home\/fundacion-caritas-san-marcos-de-arica-impulsa-proyecto-de-neurodesarrollo-infantil-en-arica-y-parinacota\/#primaryimage","url":"https:\/\/obispadoarica.cl\/home\/wp-content\/uploads\/2025\/12\/img_gale_693afa3e9f39b_11122025.jpg","contentUrl":"https:\/\/obispadoarica.cl\/home\/wp-content\/uploads\/2025\/12\/img_gale_693afa3e9f39b_11122025.jpg","width":1000,"height":750},{"@type":"BreadcrumbList","@id":"https:\/\/obispadoarica.cl\/home\/fundacion-caritas-san-marcos-de-arica-impulsa-proyecto-de-neurodesarrollo-infantil-en-arica-y-parinacota\/#breadcrumb","itemListElement":[{"@type":"ListItem","position":1,"name":"Portada","item":"https:\/\/obispadoarica.cl\/home\/"},{"@type":"ListItem","position":2,"name":"Fundaci\u00f3n C\u00e1ritas San Marcos de Arica impulsa proyecto de neurodesarrollo infantil en Arica y Parinacota"}]},{"@type":"WebSite","@id":"https:\/\/obispadoarica.cl\/home\/#website","url":"https:\/\/obispadoarica.cl\/home\/","name":"Obispado San Marcos de Arica","description":"Di\u00f3cesis San Marcos de Arica","potentialAction":[{"@type":"SearchAction","target":{"@type":"EntryPoint","urlTemplate":"https:\/\/obispadoarica.cl\/home\/?s={search_term_string}"},"query-input":{"@type":"PropertyValueSpecification","valueRequired":true,"valueName":"search_term_string"}}],"inLanguage":"es"},{"@type":"Person","@id":"https:\/\/obispadoarica.cl\/home\/#\/schema\/person\/1a8f4c2a3418412187dff039ecf9d97e","name":"Obispado de Arica","image":{"@type":"ImageObject","inLanguage":"es","@id":"https:\/\/obispadoarica.cl\/home\/#\/schema\/person\/image\/","url":"https:\/\/secure.gravatar.com\/avatar\/c75d5ceafb11502016ed664658884b0b1b183fa6f96260878f47ac58f950c8d9?s=96&d=mm&r=g","contentUrl":"https:\/\/secure.gravatar.com\/avatar\/c75d5ceafb11502016ed664658884b0b1b183fa6f96260878f47ac58f950c8d9?s=96&d=mm&r=g","caption":"Obispado de Arica"},"url":"https:\/\/obispadoarica.cl\/home\/author\/c1300590\/"}]}},"_links":{"self":[{"href":"https:\/\/obispadoarica.cl\/home\/wp-json\/wp\/v2\/posts\/4116","targetHints":{"allow":["GET"]}}],"collection":[{"href":"https:\/\/obispadoarica.cl\/home\/wp-json\/wp\/v2\/posts"}],"about":[{"href":"https:\/\/obispadoarica.cl\/home\/wp-json\/wp\/v2\/types\/post"}],"author":[{"embeddable":true,"href":"https:\/\/obispadoarica.cl\/home\/wp-json\/wp\/v2\/users\/2"}],"replies":[{"embeddable":true,"href":"https:\/\/obispadoarica.cl\/home\/wp-json\/wp\/v2\/comments?post=4116"}],"version-history":[{"count":1,"href":"https:\/\/obispadoarica.cl\/home\/wp-json\/wp\/v2\/posts\/4116\/revisions"}],"predecessor-version":[{"id":4128,"href":"https:\/\/obispadoarica.cl\/home\/wp-json\/wp\/v2\/posts\/4116\/revisions\/4128"}],"wp:featuredmedia":[{"embeddable":true,"href":"https:\/\/obispadoarica.cl\/home\/wp-json\/wp\/v2\/media\/4119"}],"wp:attachment":[{"href":"https:\/\/obispadoarica.cl\/home\/wp-json\/wp\/v2\/media?parent=4116"}],"wp:term":[{"taxonomy":"category","embeddable":true,"href":"https:\/\/obispadoarica.cl\/home\/wp-json\/wp\/v2\/categories?post=4116"},{"taxonomy":"post_tag","embeddable":true,"href":"https:\/\/obispadoarica.cl\/home\/wp-json\/wp\/v2\/tags?post=4116"}],"curies":[{"name":"wp","href":"https:\/\/api.w.org\/{rel}","templated":true}]}}