{"id":4316,"date":"2025-12-29T20:19:04","date_gmt":"2025-12-30T00:19:04","guid":{"rendered":"https:\/\/obispadoarica.cl\/home\/?p=4316"},"modified":"2025-12-29T20:32:46","modified_gmt":"2025-12-30T00:32:46","slug":"la-diocesis-de-san-marcos-de-arica-cerro-el-ano-jubilar-2025-peregrinos-de-esperanza","status":"publish","type":"post","link":"https:\/\/obispadoarica.cl\/home\/la-diocesis-de-san-marcos-de-arica-cerro-el-ano-jubilar-2025-peregrinos-de-esperanza\/","title":{"rendered":"LA DI\u00d3CESIS DE SAN MARCOS DE ARICA CERR\u00d3 EL A\u00d1O JUBILAR 2025 \u201cPEREGRINOS DE ESPERANZA\u201d"},"content":{"rendered":"\n\n\n<p><em>Con una solemne Eucarist\u00eda celebrada en la Catedral, la Di\u00f3cesis de San Marcos de Arica dio por concluido el A\u00f1o Jubilar Ordinario 2025 \u201cPeregrinos de Esperanza\u201d, este domingo 28 de diciembre, fiesta de la Sagrada Familia.<\/em><\/p>\n\n\n\n<p>La Santa Misa fue presidida por el Obispo diocesano, Monse\u00f1or Mois\u00e9s Atisha, quien invit\u00f3 a la comunidad a vivir este momento como una acci\u00f3n de gracias por el camino recorrido y por las m\u00faltiples gracias recibidas durante este tiempo jubilar, convocado por el Papa Francisco de feliz memoria y vivido en comuni\u00f3n con el Santo Padre Le\u00f3n XIV.<\/p>\n\n\n\n<p>Durante su homil\u00eda, Monse\u00f1or Mois\u00e9s hizo memoria de la intensa vida pastoral desarrollada a lo largo del A\u00f1o Jubilar, destacando las peregrinaciones, celebraciones lit\u00fargicas, encuentros pastorales y las visitas a los templos jubilares, signos concretos de una Iglesia diocesana que camin\u00f3 unida, fortalecida en la fe y animada por la esperanza que brota del encuentro con Jesucristo.<\/p>\n\n\n\n<p>En el marco del tiempo de Navidad, el Obispo invit\u00f3 a contemplar el misterio de la Sagrada Familia, no desde una mirada superficial o meramente emotiva, sino como una verdadera escuela de amor, fidelidad y cuidado mutuo. Subray\u00f3 que la familia es el espacio donde se aprende a amar, a enfrentar juntos las dificultades y a construir relaciones s\u00f3lidas, siendo la base de la sociedad y de la Iglesia.<\/p>\n\n\n\n<p>Asimismo, hizo un llamado a reconocer y cuidar el valor de la familia en el contexto actual, recordando que hacer familia es tambi\u00e9n construir comunidad eclesial. A la luz de la Palabra de Dios, exhort\u00f3 a fortalecer los v\u00ednculos entre padres, hijos y generaciones, promoviendo el respeto, la responsabilidad y la escucha mutua como signos del amor cristiano.<\/p>\n\n\n\n<p>Al finalizar su reflexi\u00f3n, Monse\u00f1or Mois\u00e9s se\u00f1al\u00f3 que concluir el A\u00f1o Jubilar no significa dejar atr\u00e1s lo vivido, sino asumir el desaf\u00edo de prolongar su esp\u00edritu en la vida cotidiana: renovando la fe compartida, profundizando la oraci\u00f3n, intensificando la caridad con los m\u00e1s necesitados, viviendo con mayor frecuencia el sacramento de la reconciliaci\u00f3n y cuidando las relaciones fraternas.<\/p>\n\n\n\n<p>La celebraci\u00f3n concluy\u00f3 con un llamado a seguir caminando como Iglesia peregrina de esperanza, para que las gracias recibidas durante este A\u00f1o Jubilar sigan dando fruto en la vida personal, familiar y comunitaria de la Di\u00f3cesis de San Marcos de Arica.<\/p>\n\n\n\n<figure class=\"wp-block-gallery has-nested-images columns-default is-cropped wp-block-gallery-1 is-layout-flex wp-block-gallery-is-layout-flex\">\n<figure class=\"wp-block-image size-large\"><a href=\"https:\/\/obispadoarica.cl\/home\/wp-content\/uploads\/2025\/12\/WhatsApp-Image-2025-12-29-at-4.57.10-PM-1-scaled.jpeg\"><img fetchpriority=\"high\" decoding=\"async\" width=\"576\" height=\"1024\" data-id=\"4337\" src=\"https:\/\/obispadoarica.cl\/home\/wp-content\/uploads\/2025\/12\/WhatsApp-Image-2025-12-29-at-4.57.10-PM-1-576x1024.jpeg\" alt=\"\" class=\"wp-image-4337\" srcset=\"https:\/\/obispadoarica.cl\/home\/wp-content\/uploads\/2025\/12\/WhatsApp-Image-2025-12-29-at-4.57.10-PM-1-576x1024.jpeg 576w, https:\/\/obispadoarica.cl\/home\/wp-content\/uploads\/2025\/12\/WhatsApp-Image-2025-12-29-at-4.57.10-PM-1-169x300.jpeg 169w, https:\/\/obispadoarica.cl\/home\/wp-content\/uploads\/2025\/12\/WhatsApp-Image-2025-12-29-at-4.57.10-PM-1-768x1365.jpeg 768w, https:\/\/obispadoarica.cl\/home\/wp-content\/uploads\/2025\/12\/WhatsApp-Image-2025-12-29-at-4.57.10-PM-1-864x1536.jpeg 864w, https:\/\/obispadoarica.cl\/home\/wp-content\/uploads\/2025\/12\/WhatsApp-Image-2025-12-29-at-4.57.10-PM-1-1152x2048.jpeg 1152w, https:\/\/obispadoarica.cl\/home\/wp-content\/uploads\/2025\/12\/WhatsApp-Image-2025-12-29-at-4.57.10-PM-1-scaled.jpeg 1440w\" sizes=\"(max-width: 576px) 100vw, 576px\" \/><\/a><\/figure>\n\n\n\n<figure class=\"wp-block-image size-large\"><a href=\"https:\/\/obispadoarica.cl\/home\/wp-content\/uploads\/2025\/12\/WhatsApp-Image-2025-12-29-at-4.57.10-PM-2-scaled.jpeg\"><img decoding=\"async\" width=\"576\" height=\"1024\" data-id=\"4332\" src=\"https:\/\/obispadoarica.cl\/home\/wp-content\/uploads\/2025\/12\/WhatsApp-Image-2025-12-29-at-4.57.10-PM-2-576x1024.jpeg\" alt=\"\" class=\"wp-image-4332\" srcset=\"https:\/\/obispadoarica.cl\/home\/wp-content\/uploads\/2025\/12\/WhatsApp-Image-2025-12-29-at-4.57.10-PM-2-576x1024.jpeg 576w, https:\/\/obispadoarica.cl\/home\/wp-content\/uploads\/2025\/12\/WhatsApp-Image-2025-12-29-at-4.57.10-PM-2-169x300.jpeg 169w, https:\/\/obispadoarica.cl\/home\/wp-content\/uploads\/2025\/12\/WhatsApp-Image-2025-12-29-at-4.57.10-PM-2-768x1365.jpeg 768w, https:\/\/obispadoarica.cl\/home\/wp-content\/uploads\/2025\/12\/WhatsApp-Image-2025-12-29-at-4.57.10-PM-2-864x1536.jpeg 864w, https:\/\/obispadoarica.cl\/home\/wp-content\/uploads\/2025\/12\/WhatsApp-Image-2025-12-29-at-4.57.10-PM-2-1152x2048.jpeg 1152w, https:\/\/obispadoarica.cl\/home\/wp-content\/uploads\/2025\/12\/WhatsApp-Image-2025-12-29-at-4.57.10-PM-2-scaled.jpeg 1440w\" sizes=\"(max-width: 576px) 100vw, 576px\" \/><\/a><\/figure>\n\n\n\n<figure class=\"wp-block-image size-large\"><a href=\"https:\/\/obispadoarica.cl\/home\/wp-content\/uploads\/2025\/12\/WhatsApp-Image-2025-12-29-at-4.57.10-PM-scaled.jpeg\"><img decoding=\"async\" width=\"576\" height=\"1024\" data-id=\"4346\" src=\"https:\/\/obispadoarica.cl\/home\/wp-content\/uploads\/2025\/12\/WhatsApp-Image-2025-12-29-at-4.57.10-PM-576x1024.jpeg\" alt=\"\" class=\"wp-image-4346\" srcset=\"https:\/\/obispadoarica.cl\/home\/wp-content\/uploads\/2025\/12\/WhatsApp-Image-2025-12-29-at-4.57.10-PM-576x1024.jpeg 576w, https:\/\/obispadoarica.cl\/home\/wp-content\/uploads\/2025\/12\/WhatsApp-Image-2025-12-29-at-4.57.10-PM-169x300.jpeg 169w, https:\/\/obispadoarica.cl\/home\/wp-content\/uploads\/2025\/12\/WhatsApp-Image-2025-12-29-at-4.57.10-PM-768x1365.jpeg 768w, https:\/\/obispadoarica.cl\/home\/wp-content\/uploads\/2025\/12\/WhatsApp-Image-2025-12-29-at-4.57.10-PM-864x1536.jpeg 864w, https:\/\/obispadoarica.cl\/home\/wp-content\/uploads\/2025\/12\/WhatsApp-Image-2025-12-29-at-4.57.10-PM-1152x2048.jpeg 1152w, https:\/\/obispadoarica.cl\/home\/wp-content\/uploads\/2025\/12\/WhatsApp-Image-2025-12-29-at-4.57.10-PM-scaled.jpeg 1440w\" sizes=\"(max-width: 576px) 100vw, 576px\" \/><\/a><\/figure>\n\n\n\n<figure class=\"wp-block-image size-large\"><a href=\"https:\/\/obispadoarica.cl\/home\/wp-content\/uploads\/2025\/12\/WhatsApp-Image-2025-12-29-at-4.57.11-PM-1-scaled.jpeg\"><img loading=\"lazy\" decoding=\"async\" width=\"576\" height=\"1024\" data-id=\"4344\" src=\"https:\/\/obispadoarica.cl\/home\/wp-content\/uploads\/2025\/12\/WhatsApp-Image-2025-12-29-at-4.57.11-PM-1-576x1024.jpeg\" alt=\"\" class=\"wp-image-4344\" srcset=\"https:\/\/obispadoarica.cl\/home\/wp-content\/uploads\/2025\/12\/WhatsApp-Image-2025-12-29-at-4.57.11-PM-1-576x1024.jpeg 576w, https:\/\/obispadoarica.cl\/home\/wp-content\/uploads\/2025\/12\/WhatsApp-Image-2025-12-29-at-4.57.11-PM-1-169x300.jpeg 169w, https:\/\/obispadoarica.cl\/home\/wp-content\/uploads\/2025\/12\/WhatsApp-Image-2025-12-29-at-4.57.11-PM-1-768x1365.jpeg 768w, https:\/\/obispadoarica.cl\/home\/wp-content\/uploads\/2025\/12\/WhatsApp-Image-2025-12-29-at-4.57.11-PM-1-864x1536.jpeg 864w, https:\/\/obispadoarica.cl\/home\/wp-content\/uploads\/2025\/12\/WhatsApp-Image-2025-12-29-at-4.57.11-PM-1-1152x2048.jpeg 1152w, https:\/\/obispadoarica.cl\/home\/wp-content\/uploads\/2025\/12\/WhatsApp-Image-2025-12-29-at-4.57.11-PM-1-scaled.jpeg 1440w\" sizes=\"(max-width: 576px) 100vw, 576px\" \/><\/a><\/figure>\n\n\n\n<figure class=\"wp-block-image size-large\"><a href=\"https:\/\/obispadoarica.cl\/home\/wp-content\/uploads\/2025\/12\/WhatsApp-Image-2025-12-29-at-4.57.11-PM-2-scaled.jpeg\"><img loading=\"lazy\" decoding=\"async\" width=\"576\" height=\"1024\" data-id=\"4349\" src=\"https:\/\/obispadoarica.cl\/home\/wp-content\/uploads\/2025\/12\/WhatsApp-Image-2025-12-29-at-4.57.11-PM-2-576x1024.jpeg\" alt=\"\" class=\"wp-image-4349\" srcset=\"https:\/\/obispadoarica.cl\/home\/wp-content\/uploads\/2025\/12\/WhatsApp-Image-2025-12-29-at-4.57.11-PM-2-576x1024.jpeg 576w, https:\/\/obispadoarica.cl\/home\/wp-content\/uploads\/2025\/12\/WhatsApp-Image-2025-12-29-at-4.57.11-PM-2-169x300.jpeg 169w, https:\/\/obispadoarica.cl\/home\/wp-content\/uploads\/2025\/12\/WhatsApp-Image-2025-12-29-at-4.57.11-PM-2-768x1365.jpeg 768w, https:\/\/obispadoarica.cl\/home\/wp-content\/uploads\/2025\/12\/WhatsApp-Image-2025-12-29-at-4.57.11-PM-2-864x1536.jpeg 864w, https:\/\/obispadoarica.cl\/home\/wp-content\/uploads\/2025\/12\/WhatsApp-Image-2025-12-29-at-4.57.11-PM-2-1152x2048.jpeg 1152w, https:\/\/obispadoarica.cl\/home\/wp-content\/uploads\/2025\/12\/WhatsApp-Image-2025-12-29-at-4.57.11-PM-2-scaled.jpeg 1440w\" sizes=\"(max-width: 576px) 100vw, 576px\" \/><\/a><\/figure>\n\n\n\n<figure class=\"wp-block-image size-large\"><a href=\"https:\/\/obispadoarica.cl\/home\/wp-content\/uploads\/2025\/12\/WhatsApp-Image-2025-12-29-at-4.57.11-PM-3-scaled.jpeg\"><img loading=\"lazy\" decoding=\"async\" width=\"576\" height=\"1024\" data-id=\"4338\" src=\"https:\/\/obispadoarica.cl\/home\/wp-content\/uploads\/2025\/12\/WhatsApp-Image-2025-12-29-at-4.57.11-PM-3-576x1024.jpeg\" alt=\"\" class=\"wp-image-4338\" srcset=\"https:\/\/obispadoarica.cl\/home\/wp-content\/uploads\/2025\/12\/WhatsApp-Image-2025-12-29-at-4.57.11-PM-3-576x1024.jpeg 576w, https:\/\/obispadoarica.cl\/home\/wp-content\/uploads\/2025\/12\/WhatsApp-Image-2025-12-29-at-4.57.11-PM-3-169x300.jpeg 169w, https:\/\/obispadoarica.cl\/home\/wp-content\/uploads\/2025\/12\/WhatsApp-Image-2025-12-29-at-4.57.11-PM-3-768x1365.jpeg 768w, https:\/\/obispadoarica.cl\/home\/wp-content\/uploads\/2025\/12\/WhatsApp-Image-2025-12-29-at-4.57.11-PM-3-864x1536.jpeg 864w, https:\/\/obispadoarica.cl\/home\/wp-content\/uploads\/2025\/12\/WhatsApp-Image-2025-12-29-at-4.57.11-PM-3-1152x2048.jpeg 1152w, https:\/\/obispadoarica.cl\/home\/wp-content\/uploads\/2025\/12\/WhatsApp-Image-2025-12-29-at-4.57.11-PM-3-scaled.jpeg 1440w\" sizes=\"(max-width: 576px) 100vw, 576px\" \/><\/a><\/figure>\n\n\n\n<figure class=\"wp-block-image size-large\"><a href=\"https:\/\/obispadoarica.cl\/home\/wp-content\/uploads\/2025\/12\/WhatsApp-Image-2025-12-29-at-4.57.11-PM-4-scaled.jpeg\"><img loading=\"lazy\" decoding=\"async\" width=\"576\" height=\"1024\" data-id=\"4343\" src=\"https:\/\/obispadoarica.cl\/home\/wp-content\/uploads\/2025\/12\/WhatsApp-Image-2025-12-29-at-4.57.11-PM-4-576x1024.jpeg\" alt=\"\" class=\"wp-image-4343\" srcset=\"https:\/\/obispadoarica.cl\/home\/wp-content\/uploads\/2025\/12\/WhatsApp-Image-2025-12-29-at-4.57.11-PM-4-576x1024.jpeg 576w, https:\/\/obispadoarica.cl\/home\/wp-content\/uploads\/2025\/12\/WhatsApp-Image-2025-12-29-at-4.57.11-PM-4-169x300.jpeg 169w, https:\/\/obispadoarica.cl\/home\/wp-content\/uploads\/2025\/12\/WhatsApp-Image-2025-12-29-at-4.57.11-PM-4-768x1365.jpeg 768w, https:\/\/obispadoarica.cl\/home\/wp-content\/uploads\/2025\/12\/WhatsApp-Image-2025-12-29-at-4.57.11-PM-4-864x1536.jpeg 864w, https:\/\/obispadoarica.cl\/home\/wp-content\/uploads\/2025\/12\/WhatsApp-Image-2025-12-29-at-4.57.11-PM-4-1152x2048.jpeg 1152w, https:\/\/obispadoarica.cl\/home\/wp-content\/uploads\/2025\/12\/WhatsApp-Image-2025-12-29-at-4.57.11-PM-4-scaled.jpeg 1440w\" sizes=\"(max-width: 576px) 100vw, 576px\" \/><\/a><\/figure>\n\n\n\n<figure class=\"wp-block-image size-large\"><a href=\"https:\/\/obispadoarica.cl\/home\/wp-content\/uploads\/2025\/12\/WhatsApp-Image-2025-12-29-at-4.57.11-PM-scaled.jpeg\"><img loading=\"lazy\" decoding=\"async\" width=\"576\" height=\"1024\" data-id=\"4353\" src=\"https:\/\/obispadoarica.cl\/home\/wp-content\/uploads\/2025\/12\/WhatsApp-Image-2025-12-29-at-4.57.11-PM-576x1024.jpeg\" alt=\"\" class=\"wp-image-4353\" srcset=\"https:\/\/obispadoarica.cl\/home\/wp-content\/uploads\/2025\/12\/WhatsApp-Image-2025-12-29-at-4.57.11-PM-576x1024.jpeg 576w, https:\/\/obispadoarica.cl\/home\/wp-content\/uploads\/2025\/12\/WhatsApp-Image-2025-12-29-at-4.57.11-PM-169x300.jpeg 169w, https:\/\/obispadoarica.cl\/home\/wp-content\/uploads\/2025\/12\/WhatsApp-Image-2025-12-29-at-4.57.11-PM-768x1365.jpeg 768w, https:\/\/obispadoarica.cl\/home\/wp-content\/uploads\/2025\/12\/WhatsApp-Image-2025-12-29-at-4.57.11-PM-864x1536.jpeg 864w, https:\/\/obispadoarica.cl\/home\/wp-content\/uploads\/2025\/12\/WhatsApp-Image-2025-12-29-at-4.57.11-PM-1152x2048.jpeg 1152w, https:\/\/obispadoarica.cl\/home\/wp-content\/uploads\/2025\/12\/WhatsApp-Image-2025-12-29-at-4.57.11-PM-scaled.jpeg 1440w\" sizes=\"(max-width: 576px) 100vw, 576px\" \/><\/a><\/figure>\n\n\n\n<figure class=\"wp-block-image size-large\"><a href=\"https:\/\/obispadoarica.cl\/home\/wp-content\/uploads\/2025\/12\/WhatsApp-Image-2025-12-29-at-4.57.12-PM-1-scaled.jpeg\"><img loading=\"lazy\" decoding=\"async\" width=\"576\" height=\"1024\" data-id=\"4339\" src=\"https:\/\/obispadoarica.cl\/home\/wp-content\/uploads\/2025\/12\/WhatsApp-Image-2025-12-29-at-4.57.12-PM-1-576x1024.jpeg\" alt=\"\" class=\"wp-image-4339\" srcset=\"https:\/\/obispadoarica.cl\/home\/wp-content\/uploads\/2025\/12\/WhatsApp-Image-2025-12-29-at-4.57.12-PM-1-576x1024.jpeg 576w, https:\/\/obispadoarica.cl\/home\/wp-content\/uploads\/2025\/12\/WhatsApp-Image-2025-12-29-at-4.57.12-PM-1-169x300.jpeg 169w, https:\/\/obispadoarica.cl\/home\/wp-content\/uploads\/2025\/12\/WhatsApp-Image-2025-12-29-at-4.57.12-PM-1-768x1365.jpeg 768w, https:\/\/obispadoarica.cl\/home\/wp-content\/uploads\/2025\/12\/WhatsApp-Image-2025-12-29-at-4.57.12-PM-1-864x1536.jpeg 864w, https:\/\/obispadoarica.cl\/home\/wp-content\/uploads\/2025\/12\/WhatsApp-Image-2025-12-29-at-4.57.12-PM-1-1152x2048.jpeg 1152w, https:\/\/obispadoarica.cl\/home\/wp-content\/uploads\/2025\/12\/WhatsApp-Image-2025-12-29-at-4.57.12-PM-1-scaled.jpeg 1440w\" sizes=\"(max-width: 576px) 100vw, 576px\" \/><\/a><\/figure>\n\n\n\n<figure class=\"wp-block-image size-large\"><a href=\"https:\/\/obispadoarica.cl\/home\/wp-content\/uploads\/2025\/12\/WhatsApp-Image-2025-12-29-at-4.57.12-PM-2-scaled.jpeg\"><img loading=\"lazy\" decoding=\"async\" width=\"576\" height=\"1024\" data-id=\"4345\" src=\"https:\/\/obispadoarica.cl\/home\/wp-content\/uploads\/2025\/12\/WhatsApp-Image-2025-12-29-at-4.57.12-PM-2-576x1024.jpeg\" alt=\"\" class=\"wp-image-4345\" srcset=\"https:\/\/obispadoarica.cl\/home\/wp-content\/uploads\/2025\/12\/WhatsApp-Image-2025-12-29-at-4.57.12-PM-2-576x1024.jpeg 576w, https:\/\/obispadoarica.cl\/home\/wp-content\/uploads\/2025\/12\/WhatsApp-Image-2025-12-29-at-4.57.12-PM-2-169x300.jpeg 169w, https:\/\/obispadoarica.cl\/home\/wp-content\/uploads\/2025\/12\/WhatsApp-Image-2025-12-29-at-4.57.12-PM-2-768x1365.jpeg 768w, https:\/\/obispadoarica.cl\/home\/wp-content\/uploads\/2025\/12\/WhatsApp-Image-2025-12-29-at-4.57.12-PM-2-864x1536.jpeg 864w, https:\/\/obispadoarica.cl\/home\/wp-content\/uploads\/2025\/12\/WhatsApp-Image-2025-12-29-at-4.57.12-PM-2-1152x2048.jpeg 1152w, https:\/\/obispadoarica.cl\/home\/wp-content\/uploads\/2025\/12\/WhatsApp-Image-2025-12-29-at-4.57.12-PM-2-scaled.jpeg 1440w\" sizes=\"(max-width: 576px) 100vw, 576px\" \/><\/a><\/figure>\n\n\n\n<figure class=\"wp-block-image size-large\"><a href=\"https:\/\/obispadoarica.cl\/home\/wp-content\/uploads\/2025\/12\/WhatsApp-Image-2025-12-29-at-4.57.12-PM-3-scaled.jpeg\"><img loading=\"lazy\" decoding=\"async\" width=\"576\" height=\"1024\" data-id=\"4341\" src=\"https:\/\/obispadoarica.cl\/home\/wp-content\/uploads\/2025\/12\/WhatsApp-Image-2025-12-29-at-4.57.12-PM-3-576x1024.jpeg\" alt=\"\" class=\"wp-image-4341\" srcset=\"https:\/\/obispadoarica.cl\/home\/wp-content\/uploads\/2025\/12\/WhatsApp-Image-2025-12-29-at-4.57.12-PM-3-576x1024.jpeg 576w, https:\/\/obispadoarica.cl\/home\/wp-content\/uploads\/2025\/12\/WhatsApp-Image-2025-12-29-at-4.57.12-PM-3-169x300.jpeg 169w, https:\/\/obispadoarica.cl\/home\/wp-content\/uploads\/2025\/12\/WhatsApp-Image-2025-12-29-at-4.57.12-PM-3-768x1365.jpeg 768w, https:\/\/obispadoarica.cl\/home\/wp-content\/uploads\/2025\/12\/WhatsApp-Image-2025-12-29-at-4.57.12-PM-3-864x1536.jpeg 864w, https:\/\/obispadoarica.cl\/home\/wp-content\/uploads\/2025\/12\/WhatsApp-Image-2025-12-29-at-4.57.12-PM-3-1152x2048.jpeg 1152w, https:\/\/obispadoarica.cl\/home\/wp-content\/uploads\/2025\/12\/WhatsApp-Image-2025-12-29-at-4.57.12-PM-3-scaled.jpeg 1440w\" sizes=\"(max-width: 576px) 100vw, 576px\" \/><\/a><\/figure>\n\n\n\n<figure class=\"wp-block-image size-large\"><a href=\"https:\/\/obispadoarica.cl\/home\/wp-content\/uploads\/2025\/12\/WhatsApp-Image-2025-12-29-at-4.57.12-PM-scaled.jpeg\"><img loading=\"lazy\" decoding=\"async\" width=\"576\" height=\"1024\" data-id=\"4351\" src=\"https:\/\/obispadoarica.cl\/home\/wp-content\/uploads\/2025\/12\/WhatsApp-Image-2025-12-29-at-4.57.12-PM-576x1024.jpeg\" alt=\"\" class=\"wp-image-4351\" srcset=\"https:\/\/obispadoarica.cl\/home\/wp-content\/uploads\/2025\/12\/WhatsApp-Image-2025-12-29-at-4.57.12-PM-576x1024.jpeg 576w, https:\/\/obispadoarica.cl\/home\/wp-content\/uploads\/2025\/12\/WhatsApp-Image-2025-12-29-at-4.57.12-PM-169x300.jpeg 169w, https:\/\/obispadoarica.cl\/home\/wp-content\/uploads\/2025\/12\/WhatsApp-Image-2025-12-29-at-4.57.12-PM-768x1365.jpeg 768w, https:\/\/obispadoarica.cl\/home\/wp-content\/uploads\/2025\/12\/WhatsApp-Image-2025-12-29-at-4.57.12-PM-864x1536.jpeg 864w, https:\/\/obispadoarica.cl\/home\/wp-content\/uploads\/2025\/12\/WhatsApp-Image-2025-12-29-at-4.57.12-PM-1152x2048.jpeg 1152w, https:\/\/obispadoarica.cl\/home\/wp-content\/uploads\/2025\/12\/WhatsApp-Image-2025-12-29-at-4.57.12-PM-scaled.jpeg 1440w\" sizes=\"(max-width: 576px) 100vw, 576px\" \/><\/a><\/figure>\n\n\n\n<figure class=\"wp-block-image size-large\"><a href=\"https:\/\/obispadoarica.cl\/home\/wp-content\/uploads\/2025\/12\/WhatsApp-Image-2025-12-29-at-4.57.13-PM-1-scaled.jpeg\"><img loading=\"lazy\" decoding=\"async\" width=\"576\" height=\"1024\" data-id=\"4347\" src=\"https:\/\/obispadoarica.cl\/home\/wp-content\/uploads\/2025\/12\/WhatsApp-Image-2025-12-29-at-4.57.13-PM-1-576x1024.jpeg\" alt=\"\" class=\"wp-image-4347\" srcset=\"https:\/\/obispadoarica.cl\/home\/wp-content\/uploads\/2025\/12\/WhatsApp-Image-2025-12-29-at-4.57.13-PM-1-576x1024.jpeg 576w, https:\/\/obispadoarica.cl\/home\/wp-content\/uploads\/2025\/12\/WhatsApp-Image-2025-12-29-at-4.57.13-PM-1-169x300.jpeg 169w, https:\/\/obispadoarica.cl\/home\/wp-content\/uploads\/2025\/12\/WhatsApp-Image-2025-12-29-at-4.57.13-PM-1-768x1365.jpeg 768w, https:\/\/obispadoarica.cl\/home\/wp-content\/uploads\/2025\/12\/WhatsApp-Image-2025-12-29-at-4.57.13-PM-1-864x1536.jpeg 864w, https:\/\/obispadoarica.cl\/home\/wp-content\/uploads\/2025\/12\/WhatsApp-Image-2025-12-29-at-4.57.13-PM-1-1152x2048.jpeg 1152w, https:\/\/obispadoarica.cl\/home\/wp-content\/uploads\/2025\/12\/WhatsApp-Image-2025-12-29-at-4.57.13-PM-1-scaled.jpeg 1440w\" sizes=\"(max-width: 576px) 100vw, 576px\" \/><\/a><\/figure>\n\n\n\n<figure class=\"wp-block-image size-large\"><a href=\"https:\/\/obispadoarica.cl\/home\/wp-content\/uploads\/2025\/12\/WhatsApp-Image-2025-12-29-at-4.57.13-PM-2-scaled.jpeg\"><img loading=\"lazy\" decoding=\"async\" width=\"576\" height=\"1024\" data-id=\"4342\" src=\"https:\/\/obispadoarica.cl\/home\/wp-content\/uploads\/2025\/12\/WhatsApp-Image-2025-12-29-at-4.57.13-PM-2-576x1024.jpeg\" alt=\"\" class=\"wp-image-4342\" srcset=\"https:\/\/obispadoarica.cl\/home\/wp-content\/uploads\/2025\/12\/WhatsApp-Image-2025-12-29-at-4.57.13-PM-2-576x1024.jpeg 576w, https:\/\/obispadoarica.cl\/home\/wp-content\/uploads\/2025\/12\/WhatsApp-Image-2025-12-29-at-4.57.13-PM-2-169x300.jpeg 169w, https:\/\/obispadoarica.cl\/home\/wp-content\/uploads\/2025\/12\/WhatsApp-Image-2025-12-29-at-4.57.13-PM-2-768x1365.jpeg 768w, https:\/\/obispadoarica.cl\/home\/wp-content\/uploads\/2025\/12\/WhatsApp-Image-2025-12-29-at-4.57.13-PM-2-864x1536.jpeg 864w, https:\/\/obispadoarica.cl\/home\/wp-content\/uploads\/2025\/12\/WhatsApp-Image-2025-12-29-at-4.57.13-PM-2-1152x2048.jpeg 1152w, https:\/\/obispadoarica.cl\/home\/wp-content\/uploads\/2025\/12\/WhatsApp-Image-2025-12-29-at-4.57.13-PM-2-scaled.jpeg 1440w\" sizes=\"(max-width: 576px) 100vw, 576px\" \/><\/a><\/figure>\n\n\n\n<figure class=\"wp-block-image size-large\"><a href=\"https:\/\/obispadoarica.cl\/home\/wp-content\/uploads\/2025\/12\/WhatsApp-Image-2025-12-29-at-4.57.13-PM-3-scaled.jpeg\"><img loading=\"lazy\" decoding=\"async\" width=\"576\" height=\"1024\" data-id=\"4350\" src=\"https:\/\/obispadoarica.cl\/home\/wp-content\/uploads\/2025\/12\/WhatsApp-Image-2025-12-29-at-4.57.13-PM-3-576x1024.jpeg\" alt=\"\" class=\"wp-image-4350\" srcset=\"https:\/\/obispadoarica.cl\/home\/wp-content\/uploads\/2025\/12\/WhatsApp-Image-2025-12-29-at-4.57.13-PM-3-576x1024.jpeg 576w, https:\/\/obispadoarica.cl\/home\/wp-content\/uploads\/2025\/12\/WhatsApp-Image-2025-12-29-at-4.57.13-PM-3-169x300.jpeg 169w, https:\/\/obispadoarica.cl\/home\/wp-content\/uploads\/2025\/12\/WhatsApp-Image-2025-12-29-at-4.57.13-PM-3-768x1365.jpeg 768w, https:\/\/obispadoarica.cl\/home\/wp-content\/uploads\/2025\/12\/WhatsApp-Image-2025-12-29-at-4.57.13-PM-3-864x1536.jpeg 864w, https:\/\/obispadoarica.cl\/home\/wp-content\/uploads\/2025\/12\/WhatsApp-Image-2025-12-29-at-4.57.13-PM-3-1152x2048.jpeg 1152w, https:\/\/obispadoarica.cl\/home\/wp-content\/uploads\/2025\/12\/WhatsApp-Image-2025-12-29-at-4.57.13-PM-3-scaled.jpeg 1440w\" sizes=\"(max-width: 576px) 100vw, 576px\" \/><\/a><\/figure>\n\n\n\n<figure class=\"wp-block-image size-large\"><a href=\"https:\/\/obispadoarica.cl\/home\/wp-content\/uploads\/2025\/12\/WhatsApp-Image-2025-12-29-at-4.57.13-PM-4-scaled.jpeg\"><img loading=\"lazy\" decoding=\"async\" width=\"576\" height=\"1024\" data-id=\"4348\" src=\"https:\/\/obispadoarica.cl\/home\/wp-content\/uploads\/2025\/12\/WhatsApp-Image-2025-12-29-at-4.57.13-PM-4-576x1024.jpeg\" alt=\"\" class=\"wp-image-4348\" srcset=\"https:\/\/obispadoarica.cl\/home\/wp-content\/uploads\/2025\/12\/WhatsApp-Image-2025-12-29-at-4.57.13-PM-4-576x1024.jpeg 576w, https:\/\/obispadoarica.cl\/home\/wp-content\/uploads\/2025\/12\/WhatsApp-Image-2025-12-29-at-4.57.13-PM-4-169x300.jpeg 169w, https:\/\/obispadoarica.cl\/home\/wp-content\/uploads\/2025\/12\/WhatsApp-Image-2025-12-29-at-4.57.13-PM-4-768x1365.jpeg 768w, https:\/\/obispadoarica.cl\/home\/wp-content\/uploads\/2025\/12\/WhatsApp-Image-2025-12-29-at-4.57.13-PM-4-864x1536.jpeg 864w, https:\/\/obispadoarica.cl\/home\/wp-content\/uploads\/2025\/12\/WhatsApp-Image-2025-12-29-at-4.57.13-PM-4-1152x2048.jpeg 1152w, https:\/\/obispadoarica.cl\/home\/wp-content\/uploads\/2025\/12\/WhatsApp-Image-2025-12-29-at-4.57.13-PM-4-scaled.jpeg 1440w\" sizes=\"(max-width: 576px) 100vw, 576px\" \/><\/a><\/figure>\n\n\n\n<figure class=\"wp-block-image size-large\"><a href=\"https:\/\/obispadoarica.cl\/home\/wp-content\/uploads\/2025\/12\/WhatsApp-Image-2025-12-29-at-4.57.13-PM-scaled.jpeg\"><img loading=\"lazy\" decoding=\"async\" width=\"576\" height=\"1024\" data-id=\"4352\" src=\"https:\/\/obispadoarica.cl\/home\/wp-content\/uploads\/2025\/12\/WhatsApp-Image-2025-12-29-at-4.57.13-PM-576x1024.jpeg\" alt=\"\" class=\"wp-image-4352\" srcset=\"https:\/\/obispadoarica.cl\/home\/wp-content\/uploads\/2025\/12\/WhatsApp-Image-2025-12-29-at-4.57.13-PM-576x1024.jpeg 576w, https:\/\/obispadoarica.cl\/home\/wp-content\/uploads\/2025\/12\/WhatsApp-Image-2025-12-29-at-4.57.13-PM-169x300.jpeg 169w, https:\/\/obispadoarica.cl\/home\/wp-content\/uploads\/2025\/12\/WhatsApp-Image-2025-12-29-at-4.57.13-PM-768x1365.jpeg 768w, https:\/\/obispadoarica.cl\/home\/wp-content\/uploads\/2025\/12\/WhatsApp-Image-2025-12-29-at-4.57.13-PM-864x1536.jpeg 864w, https:\/\/obispadoarica.cl\/home\/wp-content\/uploads\/2025\/12\/WhatsApp-Image-2025-12-29-at-4.57.13-PM-1152x2048.jpeg 1152w, https:\/\/obispadoarica.cl\/home\/wp-content\/uploads\/2025\/12\/WhatsApp-Image-2025-12-29-at-4.57.13-PM-scaled.jpeg 1440w\" sizes=\"(max-width: 576px) 100vw, 576px\" \/><\/a><\/figure>\n\n\n\n<figure class=\"wp-block-image size-large\"><a href=\"https:\/\/obispadoarica.cl\/home\/wp-content\/uploads\/2025\/12\/WhatsApp-Image-2025-12-29-at-4.57.14-PM-1.jpeg\"><img loading=\"lazy\" decoding=\"async\" width=\"768\" height=\"1024\" data-id=\"4336\" src=\"https:\/\/obispadoarica.cl\/home\/wp-content\/uploads\/2025\/12\/WhatsApp-Image-2025-12-29-at-4.57.14-PM-1-768x1024.jpeg\" alt=\"\" class=\"wp-image-4336\" srcset=\"https:\/\/obispadoarica.cl\/home\/wp-content\/uploads\/2025\/12\/WhatsApp-Image-2025-12-29-at-4.57.14-PM-1-768x1024.jpeg 768w, https:\/\/obispadoarica.cl\/home\/wp-content\/uploads\/2025\/12\/WhatsApp-Image-2025-12-29-at-4.57.14-PM-1-225x300.jpeg 225w, https:\/\/obispadoarica.cl\/home\/wp-content\/uploads\/2025\/12\/WhatsApp-Image-2025-12-29-at-4.57.14-PM-1-1152x1536.jpeg 1152w, https:\/\/obispadoarica.cl\/home\/wp-content\/uploads\/2025\/12\/WhatsApp-Image-2025-12-29-at-4.57.14-PM-1.jpeg 1200w\" sizes=\"(max-width: 768px) 100vw, 768px\" \/><\/a><\/figure>\n\n\n\n<figure class=\"wp-block-image size-large\"><a href=\"https:\/\/obispadoarica.cl\/home\/wp-content\/uploads\/2025\/12\/WhatsApp-Image-2025-12-29-at-4.57.14-PM-2.jpeg\"><img loading=\"lazy\" decoding=\"async\" width=\"768\" height=\"1024\" data-id=\"4326\" src=\"https:\/\/obispadoarica.cl\/home\/wp-content\/uploads\/2025\/12\/WhatsApp-Image-2025-12-29-at-4.57.14-PM-2-768x1024.jpeg\" alt=\"\" class=\"wp-image-4326\" srcset=\"https:\/\/obispadoarica.cl\/home\/wp-content\/uploads\/2025\/12\/WhatsApp-Image-2025-12-29-at-4.57.14-PM-2-768x1024.jpeg 768w, https:\/\/obispadoarica.cl\/home\/wp-content\/uploads\/2025\/12\/WhatsApp-Image-2025-12-29-at-4.57.14-PM-2-225x300.jpeg 225w, https:\/\/obispadoarica.cl\/home\/wp-content\/uploads\/2025\/12\/WhatsApp-Image-2025-12-29-at-4.57.14-PM-2-1152x1536.jpeg 1152w, https:\/\/obispadoarica.cl\/home\/wp-content\/uploads\/2025\/12\/WhatsApp-Image-2025-12-29-at-4.57.14-PM-2.jpeg 1200w\" sizes=\"(max-width: 768px) 100vw, 768px\" \/><\/a><\/figure>\n\n\n\n<figure class=\"wp-block-image size-large\"><a href=\"https:\/\/obispadoarica.cl\/home\/wp-content\/uploads\/2025\/12\/WhatsApp-Image-2025-12-29-at-4.57.14-PM-3.jpeg\"><img loading=\"lazy\" decoding=\"async\" width=\"1024\" height=\"768\" data-id=\"4330\" src=\"https:\/\/obispadoarica.cl\/home\/wp-content\/uploads\/2025\/12\/WhatsApp-Image-2025-12-29-at-4.57.14-PM-3-1024x768.jpeg\" alt=\"\" class=\"wp-image-4330\" srcset=\"https:\/\/obispadoarica.cl\/home\/wp-content\/uploads\/2025\/12\/WhatsApp-Image-2025-12-29-at-4.57.14-PM-3-1024x768.jpeg 1024w, https:\/\/obispadoarica.cl\/home\/wp-content\/uploads\/2025\/12\/WhatsApp-Image-2025-12-29-at-4.57.14-PM-3-300x225.jpeg 300w, https:\/\/obispadoarica.cl\/home\/wp-content\/uploads\/2025\/12\/WhatsApp-Image-2025-12-29-at-4.57.14-PM-3-768x576.jpeg 768w, https:\/\/obispadoarica.cl\/home\/wp-content\/uploads\/2025\/12\/WhatsApp-Image-2025-12-29-at-4.57.14-PM-3-1536x1153.jpeg 1536w, https:\/\/obispadoarica.cl\/home\/wp-content\/uploads\/2025\/12\/WhatsApp-Image-2025-12-29-at-4.57.14-PM-3-640x480.jpeg 640w, https:\/\/obispadoarica.cl\/home\/wp-content\/uploads\/2025\/12\/WhatsApp-Image-2025-12-29-at-4.57.14-PM-3.jpeg 1599w\" sizes=\"(max-width: 1024px) 100vw, 1024px\" \/><\/a><\/figure>\n\n\n\n<figure class=\"wp-block-image size-large\"><a href=\"https:\/\/obispadoarica.cl\/home\/wp-content\/uploads\/2025\/12\/WhatsApp-Image-2025-12-29-at-4.57.14-PM.jpeg\"><img loading=\"lazy\" decoding=\"async\" width=\"1024\" height=\"711\" data-id=\"4317\" src=\"https:\/\/obispadoarica.cl\/home\/wp-content\/uploads\/2025\/12\/WhatsApp-Image-2025-12-29-at-4.57.14-PM-1024x711.jpeg\" alt=\"\" class=\"wp-image-4317\" srcset=\"https:\/\/obispadoarica.cl\/home\/wp-content\/uploads\/2025\/12\/WhatsApp-Image-2025-12-29-at-4.57.14-PM-1024x711.jpeg 1024w, https:\/\/obispadoarica.cl\/home\/wp-content\/uploads\/2025\/12\/WhatsApp-Image-2025-12-29-at-4.57.14-PM-300x208.jpeg 300w, https:\/\/obispadoarica.cl\/home\/wp-content\/uploads\/2025\/12\/WhatsApp-Image-2025-12-29-at-4.57.14-PM-768x533.jpeg 768w, https:\/\/obispadoarica.cl\/home\/wp-content\/uploads\/2025\/12\/WhatsApp-Image-2025-12-29-at-4.57.14-PM.jpeg 1265w\" sizes=\"(max-width: 1024px) 100vw, 1024px\" \/><\/a><\/figure>\n\n\n\n<figure class=\"wp-block-image size-large\"><a href=\"https:\/\/obispadoarica.cl\/home\/wp-content\/uploads\/2025\/12\/WhatsApp-Image-2025-12-29-at-4.57.15-PM-1.jpeg\"><img loading=\"lazy\" decoding=\"async\" width=\"1024\" height=\"768\" data-id=\"4328\" src=\"https:\/\/obispadoarica.cl\/home\/wp-content\/uploads\/2025\/12\/WhatsApp-Image-2025-12-29-at-4.57.15-PM-1-1024x768.jpeg\" alt=\"\" class=\"wp-image-4328\" srcset=\"https:\/\/obispadoarica.cl\/home\/wp-content\/uploads\/2025\/12\/WhatsApp-Image-2025-12-29-at-4.57.15-PM-1-1024x768.jpeg 1024w, https:\/\/obispadoarica.cl\/home\/wp-content\/uploads\/2025\/12\/WhatsApp-Image-2025-12-29-at-4.57.15-PM-1-300x225.jpeg 300w, https:\/\/obispadoarica.cl\/home\/wp-content\/uploads\/2025\/12\/WhatsApp-Image-2025-12-29-at-4.57.15-PM-1-768x576.jpeg 768w, https:\/\/obispadoarica.cl\/home\/wp-content\/uploads\/2025\/12\/WhatsApp-Image-2025-12-29-at-4.57.15-PM-1-1536x1152.jpeg 1536w, https:\/\/obispadoarica.cl\/home\/wp-content\/uploads\/2025\/12\/WhatsApp-Image-2025-12-29-at-4.57.15-PM-1-640x480.jpeg 640w, https:\/\/obispadoarica.cl\/home\/wp-content\/uploads\/2025\/12\/WhatsApp-Image-2025-12-29-at-4.57.15-PM-1.jpeg 1600w\" sizes=\"(max-width: 1024px) 100vw, 1024px\" \/><\/a><\/figure>\n\n\n\n<figure class=\"wp-block-image size-large\"><a href=\"https:\/\/obispadoarica.cl\/home\/wp-content\/uploads\/2025\/12\/WhatsApp-Image-2025-12-29-at-4.57.15-PM-2.jpeg\"><img loading=\"lazy\" decoding=\"async\" width=\"1024\" height=\"768\" data-id=\"4333\" src=\"https:\/\/obispadoarica.cl\/home\/wp-content\/uploads\/2025\/12\/WhatsApp-Image-2025-12-29-at-4.57.15-PM-2-1024x768.jpeg\" alt=\"\" class=\"wp-image-4333\" srcset=\"https:\/\/obispadoarica.cl\/home\/wp-content\/uploads\/2025\/12\/WhatsApp-Image-2025-12-29-at-4.57.15-PM-2-1024x768.jpeg 1024w, https:\/\/obispadoarica.cl\/home\/wp-content\/uploads\/2025\/12\/WhatsApp-Image-2025-12-29-at-4.57.15-PM-2-300x225.jpeg 300w, https:\/\/obispadoarica.cl\/home\/wp-content\/uploads\/2025\/12\/WhatsApp-Image-2025-12-29-at-4.57.15-PM-2-768x576.jpeg 768w, https:\/\/obispadoarica.cl\/home\/wp-content\/uploads\/2025\/12\/WhatsApp-Image-2025-12-29-at-4.57.15-PM-2-1536x1152.jpeg 1536w, https:\/\/obispadoarica.cl\/home\/wp-content\/uploads\/2025\/12\/WhatsApp-Image-2025-12-29-at-4.57.15-PM-2-640x480.jpeg 640w, https:\/\/obispadoarica.cl\/home\/wp-content\/uploads\/2025\/12\/WhatsApp-Image-2025-12-29-at-4.57.15-PM-2.jpeg 1600w\" sizes=\"(max-width: 1024px) 100vw, 1024px\" \/><\/a><\/figure>\n\n\n\n<figure class=\"wp-block-image size-large\"><a href=\"https:\/\/obispadoarica.cl\/home\/wp-content\/uploads\/2025\/12\/WhatsApp-Image-2025-12-29-at-4.57.15-PM.jpeg\"><img loading=\"lazy\" decoding=\"async\" width=\"1024\" height=\"768\" data-id=\"4323\" src=\"https:\/\/obispadoarica.cl\/home\/wp-content\/uploads\/2025\/12\/WhatsApp-Image-2025-12-29-at-4.57.15-PM-1024x768.jpeg\" alt=\"\" class=\"wp-image-4323\" srcset=\"https:\/\/obispadoarica.cl\/home\/wp-content\/uploads\/2025\/12\/WhatsApp-Image-2025-12-29-at-4.57.15-PM-1024x768.jpeg 1024w, https:\/\/obispadoarica.cl\/home\/wp-content\/uploads\/2025\/12\/WhatsApp-Image-2025-12-29-at-4.57.15-PM-300x225.jpeg 300w, https:\/\/obispadoarica.cl\/home\/wp-content\/uploads\/2025\/12\/WhatsApp-Image-2025-12-29-at-4.57.15-PM-768x576.jpeg 768w, https:\/\/obispadoarica.cl\/home\/wp-content\/uploads\/2025\/12\/WhatsApp-Image-2025-12-29-at-4.57.15-PM-1536x1153.jpeg 1536w, https:\/\/obispadoarica.cl\/home\/wp-content\/uploads\/2025\/12\/WhatsApp-Image-2025-12-29-at-4.57.15-PM-640x480.jpeg 640w, https:\/\/obispadoarica.cl\/home\/wp-content\/uploads\/2025\/12\/WhatsApp-Image-2025-12-29-at-4.57.15-PM.jpeg 1599w\" sizes=\"(max-width: 1024px) 100vw, 1024px\" \/><\/a><\/figure>\n\n\n\n<figure class=\"wp-block-image size-large\"><a href=\"https:\/\/obispadoarica.cl\/home\/wp-content\/uploads\/2025\/12\/WhatsApp-Image-2025-12-29-at-4.57.16-PM-1.jpeg\"><img loading=\"lazy\" decoding=\"async\" width=\"1024\" height=\"768\" data-id=\"4340\" src=\"https:\/\/obispadoarica.cl\/home\/wp-content\/uploads\/2025\/12\/WhatsApp-Image-2025-12-29-at-4.57.16-PM-1-1024x768.jpeg\" alt=\"\" class=\"wp-image-4340\" srcset=\"https:\/\/obispadoarica.cl\/home\/wp-content\/uploads\/2025\/12\/WhatsApp-Image-2025-12-29-at-4.57.16-PM-1-1024x768.jpeg 1024w, https:\/\/obispadoarica.cl\/home\/wp-content\/uploads\/2025\/12\/WhatsApp-Image-2025-12-29-at-4.57.16-PM-1-300x225.jpeg 300w, https:\/\/obispadoarica.cl\/home\/wp-content\/uploads\/2025\/12\/WhatsApp-Image-2025-12-29-at-4.57.16-PM-1-768x576.jpeg 768w, https:\/\/obispadoarica.cl\/home\/wp-content\/uploads\/2025\/12\/WhatsApp-Image-2025-12-29-at-4.57.16-PM-1-1536x1153.jpeg 1536w, https:\/\/obispadoarica.cl\/home\/wp-content\/uploads\/2025\/12\/WhatsApp-Image-2025-12-29-at-4.57.16-PM-1-640x480.jpeg 640w, https:\/\/obispadoarica.cl\/home\/wp-content\/uploads\/2025\/12\/WhatsApp-Image-2025-12-29-at-4.57.16-PM-1.jpeg 1599w\" sizes=\"(max-width: 1024px) 100vw, 1024px\" \/><\/a><\/figure>\n\n\n\n<figure class=\"wp-block-image size-large\"><a href=\"https:\/\/obispadoarica.cl\/home\/wp-content\/uploads\/2025\/12\/WhatsApp-Image-2025-12-29-at-4.57.16-PM-2.jpeg\"><img loading=\"lazy\" decoding=\"async\" width=\"1024\" height=\"556\" data-id=\"4319\" src=\"https:\/\/obispadoarica.cl\/home\/wp-content\/uploads\/2025\/12\/WhatsApp-Image-2025-12-29-at-4.57.16-PM-2-1024x556.jpeg\" alt=\"\" class=\"wp-image-4319\" srcset=\"https:\/\/obispadoarica.cl\/home\/wp-content\/uploads\/2025\/12\/WhatsApp-Image-2025-12-29-at-4.57.16-PM-2-1024x556.jpeg 1024w, https:\/\/obispadoarica.cl\/home\/wp-content\/uploads\/2025\/12\/WhatsApp-Image-2025-12-29-at-4.57.16-PM-2-300x163.jpeg 300w, https:\/\/obispadoarica.cl\/home\/wp-content\/uploads\/2025\/12\/WhatsApp-Image-2025-12-29-at-4.57.16-PM-2-768x417.jpeg 768w, https:\/\/obispadoarica.cl\/home\/wp-content\/uploads\/2025\/12\/WhatsApp-Image-2025-12-29-at-4.57.16-PM-2-1536x834.jpeg 1536w, https:\/\/obispadoarica.cl\/home\/wp-content\/uploads\/2025\/12\/WhatsApp-Image-2025-12-29-at-4.57.16-PM-2.jpeg 1600w\" sizes=\"(max-width: 1024px) 100vw, 1024px\" \/><\/a><\/figure>\n\n\n\n<figure class=\"wp-block-image size-large\"><a href=\"https:\/\/obispadoarica.cl\/home\/wp-content\/uploads\/2025\/12\/WhatsApp-Image-2025-12-29-at-4.57.16-PM-3.jpeg\"><img loading=\"lazy\" decoding=\"async\" width=\"1024\" height=\"768\" data-id=\"4325\" src=\"https:\/\/obispadoarica.cl\/home\/wp-content\/uploads\/2025\/12\/WhatsApp-Image-2025-12-29-at-4.57.16-PM-3-1024x768.jpeg\" alt=\"\" class=\"wp-image-4325\" srcset=\"https:\/\/obispadoarica.cl\/home\/wp-content\/uploads\/2025\/12\/WhatsApp-Image-2025-12-29-at-4.57.16-PM-3-1024x768.jpeg 1024w, https:\/\/obispadoarica.cl\/home\/wp-content\/uploads\/2025\/12\/WhatsApp-Image-2025-12-29-at-4.57.16-PM-3-300x225.jpeg 300w, https:\/\/obispadoarica.cl\/home\/wp-content\/uploads\/2025\/12\/WhatsApp-Image-2025-12-29-at-4.57.16-PM-3-768x576.jpeg 768w, https:\/\/obispadoarica.cl\/home\/wp-content\/uploads\/2025\/12\/WhatsApp-Image-2025-12-29-at-4.57.16-PM-3-1536x1153.jpeg 1536w, https:\/\/obispadoarica.cl\/home\/wp-content\/uploads\/2025\/12\/WhatsApp-Image-2025-12-29-at-4.57.16-PM-3-640x480.jpeg 640w, https:\/\/obispadoarica.cl\/home\/wp-content\/uploads\/2025\/12\/WhatsApp-Image-2025-12-29-at-4.57.16-PM-3.jpeg 1599w\" sizes=\"(max-width: 1024px) 100vw, 1024px\" \/><\/a><\/figure>\n\n\n\n<figure class=\"wp-block-image size-large\"><a href=\"https:\/\/obispadoarica.cl\/home\/wp-content\/uploads\/2025\/12\/WhatsApp-Image-2025-12-29-at-4.57.16-PM-4.jpeg\"><img loading=\"lazy\" decoding=\"async\" width=\"1024\" height=\"768\" data-id=\"4318\" src=\"https:\/\/obispadoarica.cl\/home\/wp-content\/uploads\/2025\/12\/WhatsApp-Image-2025-12-29-at-4.57.16-PM-4-1024x768.jpeg\" alt=\"\" class=\"wp-image-4318\" srcset=\"https:\/\/obispadoarica.cl\/home\/wp-content\/uploads\/2025\/12\/WhatsApp-Image-2025-12-29-at-4.57.16-PM-4-1024x768.jpeg 1024w, https:\/\/obispadoarica.cl\/home\/wp-content\/uploads\/2025\/12\/WhatsApp-Image-2025-12-29-at-4.57.16-PM-4-300x225.jpeg 300w, https:\/\/obispadoarica.cl\/home\/wp-content\/uploads\/2025\/12\/WhatsApp-Image-2025-12-29-at-4.57.16-PM-4-768x576.jpeg 768w, https:\/\/obispadoarica.cl\/home\/wp-content\/uploads\/2025\/12\/WhatsApp-Image-2025-12-29-at-4.57.16-PM-4-1536x1153.jpeg 1536w, https:\/\/obispadoarica.cl\/home\/wp-content\/uploads\/2025\/12\/WhatsApp-Image-2025-12-29-at-4.57.16-PM-4-640x480.jpeg 640w, https:\/\/obispadoarica.cl\/home\/wp-content\/uploads\/2025\/12\/WhatsApp-Image-2025-12-29-at-4.57.16-PM-4.jpeg 1599w\" sizes=\"(max-width: 1024px) 100vw, 1024px\" \/><\/a><\/figure>\n\n\n\n<figure class=\"wp-block-image size-large\"><a href=\"https:\/\/obispadoarica.cl\/home\/wp-content\/uploads\/2025\/12\/WhatsApp-Image-2025-12-29-at-4.57.16-PM.jpeg\"><img loading=\"lazy\" decoding=\"async\" width=\"1024\" height=\"768\" data-id=\"4334\" src=\"https:\/\/obispadoarica.cl\/home\/wp-content\/uploads\/2025\/12\/WhatsApp-Image-2025-12-29-at-4.57.16-PM-1024x768.jpeg\" alt=\"\" class=\"wp-image-4334\" srcset=\"https:\/\/obispadoarica.cl\/home\/wp-content\/uploads\/2025\/12\/WhatsApp-Image-2025-12-29-at-4.57.16-PM-1024x768.jpeg 1024w, https:\/\/obispadoarica.cl\/home\/wp-content\/uploads\/2025\/12\/WhatsApp-Image-2025-12-29-at-4.57.16-PM-300x225.jpeg 300w, https:\/\/obispadoarica.cl\/home\/wp-content\/uploads\/2025\/12\/WhatsApp-Image-2025-12-29-at-4.57.16-PM-768x576.jpeg 768w, https:\/\/obispadoarica.cl\/home\/wp-content\/uploads\/2025\/12\/WhatsApp-Image-2025-12-29-at-4.57.16-PM-1536x1152.jpeg 1536w, https:\/\/obispadoarica.cl\/home\/wp-content\/uploads\/2025\/12\/WhatsApp-Image-2025-12-29-at-4.57.16-PM-640x480.jpeg 640w, https:\/\/obispadoarica.cl\/home\/wp-content\/uploads\/2025\/12\/WhatsApp-Image-2025-12-29-at-4.57.16-PM.jpeg 1600w\" sizes=\"(max-width: 1024px) 100vw, 1024px\" \/><\/a><\/figure>\n\n\n\n<figure class=\"wp-block-image size-large\"><a href=\"https:\/\/obispadoarica.cl\/home\/wp-content\/uploads\/2025\/12\/WhatsApp-Image-2025-12-29-at-4.57.17-PM-1.jpeg\"><img loading=\"lazy\" decoding=\"async\" width=\"1024\" height=\"768\" data-id=\"4327\" src=\"https:\/\/obispadoarica.cl\/home\/wp-content\/uploads\/2025\/12\/WhatsApp-Image-2025-12-29-at-4.57.17-PM-1-1024x768.jpeg\" alt=\"\" class=\"wp-image-4327\" srcset=\"https:\/\/obispadoarica.cl\/home\/wp-content\/uploads\/2025\/12\/WhatsApp-Image-2025-12-29-at-4.57.17-PM-1-1024x768.jpeg 1024w, https:\/\/obispadoarica.cl\/home\/wp-content\/uploads\/2025\/12\/WhatsApp-Image-2025-12-29-at-4.57.17-PM-1-300x225.jpeg 300w, https:\/\/obispadoarica.cl\/home\/wp-content\/uploads\/2025\/12\/WhatsApp-Image-2025-12-29-at-4.57.17-PM-1-768x576.jpeg 768w, https:\/\/obispadoarica.cl\/home\/wp-content\/uploads\/2025\/12\/WhatsApp-Image-2025-12-29-at-4.57.17-PM-1-1536x1153.jpeg 1536w, https:\/\/obispadoarica.cl\/home\/wp-content\/uploads\/2025\/12\/WhatsApp-Image-2025-12-29-at-4.57.17-PM-1-640x480.jpeg 640w, https:\/\/obispadoarica.cl\/home\/wp-content\/uploads\/2025\/12\/WhatsApp-Image-2025-12-29-at-4.57.17-PM-1.jpeg 1599w\" sizes=\"(max-width: 1024px) 100vw, 1024px\" \/><\/a><\/figure>\n\n\n\n<figure class=\"wp-block-image size-large\"><a href=\"https:\/\/obispadoarica.cl\/home\/wp-content\/uploads\/2025\/12\/WhatsApp-Image-2025-12-29-at-4.57.17-PM-2.jpeg\"><img loading=\"lazy\" decoding=\"async\" width=\"1024\" height=\"768\" data-id=\"4320\" src=\"https:\/\/obispadoarica.cl\/home\/wp-content\/uploads\/2025\/12\/WhatsApp-Image-2025-12-29-at-4.57.17-PM-2-1024x768.jpeg\" alt=\"\" class=\"wp-image-4320\" srcset=\"https:\/\/obispadoarica.cl\/home\/wp-content\/uploads\/2025\/12\/WhatsApp-Image-2025-12-29-at-4.57.17-PM-2-1024x768.jpeg 1024w, https:\/\/obispadoarica.cl\/home\/wp-content\/uploads\/2025\/12\/WhatsApp-Image-2025-12-29-at-4.57.17-PM-2-300x225.jpeg 300w, https:\/\/obispadoarica.cl\/home\/wp-content\/uploads\/2025\/12\/WhatsApp-Image-2025-12-29-at-4.57.17-PM-2-768x576.jpeg 768w, https:\/\/obispadoarica.cl\/home\/wp-content\/uploads\/2025\/12\/WhatsApp-Image-2025-12-29-at-4.57.17-PM-2-1536x1153.jpeg 1536w, https:\/\/obispadoarica.cl\/home\/wp-content\/uploads\/2025\/12\/WhatsApp-Image-2025-12-29-at-4.57.17-PM-2-640x480.jpeg 640w, https:\/\/obispadoarica.cl\/home\/wp-content\/uploads\/2025\/12\/WhatsApp-Image-2025-12-29-at-4.57.17-PM-2.jpeg 1599w\" sizes=\"(max-width: 1024px) 100vw, 1024px\" \/><\/a><\/figure>\n\n\n\n<figure class=\"wp-block-image size-large\"><a href=\"https:\/\/obispadoarica.cl\/home\/wp-content\/uploads\/2025\/12\/WhatsApp-Image-2025-12-29-at-4.57.17-PM.jpeg\"><img loading=\"lazy\" decoding=\"async\" width=\"1024\" height=\"768\" data-id=\"4329\" src=\"https:\/\/obispadoarica.cl\/home\/wp-content\/uploads\/2025\/12\/WhatsApp-Image-2025-12-29-at-4.57.17-PM-1024x768.jpeg\" alt=\"\" class=\"wp-image-4329\" srcset=\"https:\/\/obispadoarica.cl\/home\/wp-content\/uploads\/2025\/12\/WhatsApp-Image-2025-12-29-at-4.57.17-PM-1024x768.jpeg 1024w, https:\/\/obispadoarica.cl\/home\/wp-content\/uploads\/2025\/12\/WhatsApp-Image-2025-12-29-at-4.57.17-PM-300x225.jpeg 300w, https:\/\/obispadoarica.cl\/home\/wp-content\/uploads\/2025\/12\/WhatsApp-Image-2025-12-29-at-4.57.17-PM-768x576.jpeg 768w, https:\/\/obispadoarica.cl\/home\/wp-content\/uploads\/2025\/12\/WhatsApp-Image-2025-12-29-at-4.57.17-PM-1536x1153.jpeg 1536w, https:\/\/obispadoarica.cl\/home\/wp-content\/uploads\/2025\/12\/WhatsApp-Image-2025-12-29-at-4.57.17-PM-640x480.jpeg 640w, https:\/\/obispadoarica.cl\/home\/wp-content\/uploads\/2025\/12\/WhatsApp-Image-2025-12-29-at-4.57.17-PM.jpeg 1599w\" sizes=\"(max-width: 1024px) 100vw, 1024px\" \/><\/a><\/figure>\n\n\n\n<figure class=\"wp-block-image size-large\"><a href=\"https:\/\/obispadoarica.cl\/home\/wp-content\/uploads\/2025\/12\/WhatsApp-Image-2025-12-29-at-4.57.18-PM-1.jpeg\"><img loading=\"lazy\" decoding=\"async\" width=\"1024\" height=\"768\" data-id=\"4324\" src=\"https:\/\/obispadoarica.cl\/home\/wp-content\/uploads\/2025\/12\/WhatsApp-Image-2025-12-29-at-4.57.18-PM-1-1024x768.jpeg\" alt=\"\" class=\"wp-image-4324\" srcset=\"https:\/\/obispadoarica.cl\/home\/wp-content\/uploads\/2025\/12\/WhatsApp-Image-2025-12-29-at-4.57.18-PM-1-1024x768.jpeg 1024w, https:\/\/obispadoarica.cl\/home\/wp-content\/uploads\/2025\/12\/WhatsApp-Image-2025-12-29-at-4.57.18-PM-1-300x225.jpeg 300w, https:\/\/obispadoarica.cl\/home\/wp-content\/uploads\/2025\/12\/WhatsApp-Image-2025-12-29-at-4.57.18-PM-1-768x576.jpeg 768w, https:\/\/obispadoarica.cl\/home\/wp-content\/uploads\/2025\/12\/WhatsApp-Image-2025-12-29-at-4.57.18-PM-1-1536x1153.jpeg 1536w, https:\/\/obispadoarica.cl\/home\/wp-content\/uploads\/2025\/12\/WhatsApp-Image-2025-12-29-at-4.57.18-PM-1-640x480.jpeg 640w, https:\/\/obispadoarica.cl\/home\/wp-content\/uploads\/2025\/12\/WhatsApp-Image-2025-12-29-at-4.57.18-PM-1.jpeg 1599w\" sizes=\"(max-width: 1024px) 100vw, 1024px\" \/><\/a><\/figure>\n\n\n\n<figure class=\"wp-block-image size-large\"><a href=\"https:\/\/obispadoarica.cl\/home\/wp-content\/uploads\/2025\/12\/WhatsApp-Image-2025-12-29-at-4.57.18-PM-2.jpeg\"><img loading=\"lazy\" decoding=\"async\" width=\"1024\" height=\"768\" data-id=\"4335\" src=\"https:\/\/obispadoarica.cl\/home\/wp-content\/uploads\/2025\/12\/WhatsApp-Image-2025-12-29-at-4.57.18-PM-2-1024x768.jpeg\" alt=\"\" class=\"wp-image-4335\" srcset=\"https:\/\/obispadoarica.cl\/home\/wp-content\/uploads\/2025\/12\/WhatsApp-Image-2025-12-29-at-4.57.18-PM-2-1024x768.jpeg 1024w, https:\/\/obispadoarica.cl\/home\/wp-content\/uploads\/2025\/12\/WhatsApp-Image-2025-12-29-at-4.57.18-PM-2-300x225.jpeg 300w, https:\/\/obispadoarica.cl\/home\/wp-content\/uploads\/2025\/12\/WhatsApp-Image-2025-12-29-at-4.57.18-PM-2-768x576.jpeg 768w, https:\/\/obispadoarica.cl\/home\/wp-content\/uploads\/2025\/12\/WhatsApp-Image-2025-12-29-at-4.57.18-PM-2-1536x1153.jpeg 1536w, https:\/\/obispadoarica.cl\/home\/wp-content\/uploads\/2025\/12\/WhatsApp-Image-2025-12-29-at-4.57.18-PM-2-640x480.jpeg 640w, https:\/\/obispadoarica.cl\/home\/wp-content\/uploads\/2025\/12\/WhatsApp-Image-2025-12-29-at-4.57.18-PM-2.jpeg 1599w\" sizes=\"(max-width: 1024px) 100vw, 1024px\" \/><\/a><\/figure>\n\n\n\n<figure class=\"wp-block-image size-large\"><a href=\"https:\/\/obispadoarica.cl\/home\/wp-content\/uploads\/2025\/12\/WhatsApp-Image-2025-12-29-at-4.57.18-PM-3.jpeg\"><img loading=\"lazy\" decoding=\"async\" width=\"1024\" height=\"768\" data-id=\"4322\" src=\"https:\/\/obispadoarica.cl\/home\/wp-content\/uploads\/2025\/12\/WhatsApp-Image-2025-12-29-at-4.57.18-PM-3-1024x768.jpeg\" alt=\"\" class=\"wp-image-4322\" srcset=\"https:\/\/obispadoarica.cl\/home\/wp-content\/uploads\/2025\/12\/WhatsApp-Image-2025-12-29-at-4.57.18-PM-3-1024x768.jpeg 1024w, https:\/\/obispadoarica.cl\/home\/wp-content\/uploads\/2025\/12\/WhatsApp-Image-2025-12-29-at-4.57.18-PM-3-300x225.jpeg 300w, https:\/\/obispadoarica.cl\/home\/wp-content\/uploads\/2025\/12\/WhatsApp-Image-2025-12-29-at-4.57.18-PM-3-768x576.jpeg 768w, https:\/\/obispadoarica.cl\/home\/wp-content\/uploads\/2025\/12\/WhatsApp-Image-2025-12-29-at-4.57.18-PM-3-1536x1153.jpeg 1536w, https:\/\/obispadoarica.cl\/home\/wp-content\/uploads\/2025\/12\/WhatsApp-Image-2025-12-29-at-4.57.18-PM-3-640x480.jpeg 640w, https:\/\/obispadoarica.cl\/home\/wp-content\/uploads\/2025\/12\/WhatsApp-Image-2025-12-29-at-4.57.18-PM-3.jpeg 1599w\" sizes=\"(max-width: 1024px) 100vw, 1024px\" \/><\/a><\/figure>\n\n\n\n<figure class=\"wp-block-image size-large\"><a href=\"https:\/\/obispadoarica.cl\/home\/wp-content\/uploads\/2025\/12\/WhatsApp-Image-2025-12-29-at-4.57.18-PM.jpeg\"><img loading=\"lazy\" decoding=\"async\" width=\"1024\" height=\"768\" data-id=\"4331\" src=\"https:\/\/obispadoarica.cl\/home\/wp-content\/uploads\/2025\/12\/WhatsApp-Image-2025-12-29-at-4.57.18-PM-1024x768.jpeg\" alt=\"\" class=\"wp-image-4331\" srcset=\"https:\/\/obispadoarica.cl\/home\/wp-content\/uploads\/2025\/12\/WhatsApp-Image-2025-12-29-at-4.57.18-PM-1024x768.jpeg 1024w, https:\/\/obispadoarica.cl\/home\/wp-content\/uploads\/2025\/12\/WhatsApp-Image-2025-12-29-at-4.57.18-PM-300x225.jpeg 300w, https:\/\/obispadoarica.cl\/home\/wp-content\/uploads\/2025\/12\/WhatsApp-Image-2025-12-29-at-4.57.18-PM-768x576.jpeg 768w, https:\/\/obispadoarica.cl\/home\/wp-content\/uploads\/2025\/12\/WhatsApp-Image-2025-12-29-at-4.57.18-PM-1536x1153.jpeg 1536w, https:\/\/obispadoarica.cl\/home\/wp-content\/uploads\/2025\/12\/WhatsApp-Image-2025-12-29-at-4.57.18-PM-640x480.jpeg 640w, https:\/\/obispadoarica.cl\/home\/wp-content\/uploads\/2025\/12\/WhatsApp-Image-2025-12-29-at-4.57.18-PM.jpeg 1599w\" sizes=\"(max-width: 1024px) 100vw, 1024px\" \/><\/a><\/figure>\n\n\n\n<figure class=\"wp-block-image size-large\"><a href=\"https:\/\/obispadoarica.cl\/home\/wp-content\/uploads\/2025\/12\/WhatsApp-Image-2025-12-29-at-4.57.19-PM.jpeg\"><img loading=\"lazy\" decoding=\"async\" width=\"1024\" height=\"768\" data-id=\"4321\" src=\"https:\/\/obispadoarica.cl\/home\/wp-content\/uploads\/2025\/12\/WhatsApp-Image-2025-12-29-at-4.57.19-PM-1024x768.jpeg\" alt=\"\" class=\"wp-image-4321\" srcset=\"https:\/\/obispadoarica.cl\/home\/wp-content\/uploads\/2025\/12\/WhatsApp-Image-2025-12-29-at-4.57.19-PM-1024x768.jpeg 1024w, https:\/\/obispadoarica.cl\/home\/wp-content\/uploads\/2025\/12\/WhatsApp-Image-2025-12-29-at-4.57.19-PM-300x225.jpeg 300w, https:\/\/obispadoarica.cl\/home\/wp-content\/uploads\/2025\/12\/WhatsApp-Image-2025-12-29-at-4.57.19-PM-768x576.jpeg 768w, https:\/\/obispadoarica.cl\/home\/wp-content\/uploads\/2025\/12\/WhatsApp-Image-2025-12-29-at-4.57.19-PM-1536x1152.jpeg 1536w, https:\/\/obispadoarica.cl\/home\/wp-content\/uploads\/2025\/12\/WhatsApp-Image-2025-12-29-at-4.57.19-PM-640x480.jpeg 640w, https:\/\/obispadoarica.cl\/home\/wp-content\/uploads\/2025\/12\/WhatsApp-Image-2025-12-29-at-4.57.19-PM.jpeg 1600w\" sizes=\"(max-width: 1024px) 100vw, 1024px\" \/><\/a><\/figure>\n<\/figure>\n\n\n\n<p><\/p>\n","protected":false},"excerpt":{"rendered":"<p>Con una solemne Eucarist\u00eda celebrada en la Catedral, la Di\u00f3cesis de San Marcos de Arica dio por concluido el A\u00f1o Jubilar Ordinario 2025 \u201cPeregrinos de Esperanza\u201d, este domingo 28 de diciembre, fiesta de la Sagrada Familia. La Santa Misa fue presidida por el Obispo diocesano, Monse\u00f1or Mois\u00e9s Atisha, quien invit\u00f3 a la comunidad a vivir [&#8230;]\n","protected":false},"author":2,"featured_media":4337,"comment_status":"closed","ping_status":"open","sticky":false,"template":"","format":"standard","meta":{"footnotes":""},"categories":[7],"tags":[],"class_list":["post-4316","post","type-post","status-publish","format-standard","has-post-thumbnail","hentry","category-noticias"],"yoast_head":"<!-- This site is optimized with the Yoast SEO plugin v24.6 - https:\/\/yoast.com\/wordpress\/plugins\/seo\/ -->\n<title>LA DI\u00d3CESIS DE SAN MARCOS DE ARICA CERR\u00d3 EL A\u00d1O JUBILAR 2025 \u201cPEREGRINOS DE ESPERANZA\u201d - Obispado San Marcos de Arica<\/title>\n<meta name=\"robots\" content=\"index, follow, max-snippet:-1, max-image-preview:large, max-video-preview:-1\" \/>\n<link rel=\"canonical\" href=\"https:\/\/obispadoarica.cl\/home\/la-diocesis-de-san-marcos-de-arica-cerro-el-ano-jubilar-2025-peregrinos-de-esperanza\/\" \/>\n<meta property=\"og:locale\" content=\"es_ES\" \/>\n<meta property=\"og:type\" content=\"article\" \/>\n<meta property=\"og:title\" content=\"LA DI\u00d3CESIS DE SAN MARCOS DE ARICA CERR\u00d3 EL A\u00d1O JUBILAR 2025 \u201cPEREGRINOS DE ESPERANZA\u201d - Obispado San Marcos de Arica\" \/>\n<meta property=\"og:description\" content=\"Con una solemne Eucarist\u00eda celebrada en la Catedral, la Di\u00f3cesis de San Marcos de Arica dio por concluido el A\u00f1o Jubilar Ordinario 2025 \u201cPeregrinos de Esperanza\u201d, este domingo 28 de diciembre, fiesta de la Sagrada Familia. La Santa Misa fue presidida por el Obispo diocesano, Monse\u00f1or Mois\u00e9s Atisha, quien invit\u00f3 a la comunidad a vivir [...]\" \/>\n<meta property=\"og:url\" content=\"https:\/\/obispadoarica.cl\/home\/la-diocesis-de-san-marcos-de-arica-cerro-el-ano-jubilar-2025-peregrinos-de-esperanza\/\" \/>\n<meta property=\"og:site_name\" content=\"Obispado San Marcos de Arica\" \/>\n<meta property=\"article:published_time\" content=\"2025-12-30T00:19:04+00:00\" \/>\n<meta property=\"article:modified_time\" content=\"2025-12-30T00:32:46+00:00\" \/>\n<meta property=\"og:image\" content=\"https:\/\/obispadoarica.cl\/home\/wp-content\/uploads\/2025\/12\/WhatsApp-Image-2025-12-29-at-4.57.10-PM-1-scaled.jpeg\" \/>\n\t<meta property=\"og:image:width\" content=\"1440\" \/>\n\t<meta property=\"og:image:height\" content=\"2560\" \/>\n\t<meta property=\"og:image:type\" content=\"image\/jpeg\" \/>\n<meta name=\"author\" content=\"Obispado de Arica\" \/>\n<meta name=\"twitter:card\" content=\"summary_large_image\" \/>\n<meta name=\"twitter:label1\" content=\"Escrito por\" \/>\n\t<meta name=\"twitter:data1\" content=\"Obispado de Arica\" \/>\n\t<meta name=\"twitter:label2\" content=\"Tiempo de lectura\" \/>\n\t<meta name=\"twitter:data2\" content=\"10 minutos\" \/>\n<script type=\"application\/ld+json\" class=\"yoast-schema-graph\">{\"@context\":\"https:\/\/schema.org\",\"@graph\":[{\"@type\":\"WebPage\",\"@id\":\"https:\/\/obispadoarica.cl\/home\/la-diocesis-de-san-marcos-de-arica-cerro-el-ano-jubilar-2025-peregrinos-de-esperanza\/\",\"url\":\"https:\/\/obispadoarica.cl\/home\/la-diocesis-de-san-marcos-de-arica-cerro-el-ano-jubilar-2025-peregrinos-de-esperanza\/\",\"name\":\"LA DI\u00d3CESIS DE SAN MARCOS DE ARICA CERR\u00d3 EL A\u00d1O JUBILAR 2025 \u201cPEREGRINOS DE ESPERANZA\u201d - Obispado San Marcos de Arica\",\"isPartOf\":{\"@id\":\"https:\/\/obispadoarica.cl\/home\/#website\"},\"primaryImageOfPage\":{\"@id\":\"https:\/\/obispadoarica.cl\/home\/la-diocesis-de-san-marcos-de-arica-cerro-el-ano-jubilar-2025-peregrinos-de-esperanza\/#primaryimage\"},\"image\":{\"@id\":\"https:\/\/obispadoarica.cl\/home\/la-diocesis-de-san-marcos-de-arica-cerro-el-ano-jubilar-2025-peregrinos-de-esperanza\/#primaryimage\"},\"thumbnailUrl\":\"https:\/\/obispadoarica.cl\/home\/wp-content\/uploads\/2025\/12\/WhatsApp-Image-2025-12-29-at-4.57.10-PM-1-scaled.jpeg\",\"datePublished\":\"2025-12-30T00:19:04+00:00\",\"dateModified\":\"2025-12-30T00:32:46+00:00\",\"author\":{\"@id\":\"https:\/\/obispadoarica.cl\/home\/#\/schema\/person\/1a8f4c2a3418412187dff039ecf9d97e\"},\"breadcrumb\":{\"@id\":\"https:\/\/obispadoarica.cl\/home\/la-diocesis-de-san-marcos-de-arica-cerro-el-ano-jubilar-2025-peregrinos-de-esperanza\/#breadcrumb\"},\"inLanguage\":\"es\",\"potentialAction\":[{\"@type\":\"ReadAction\",\"target\":[\"https:\/\/obispadoarica.cl\/home\/la-diocesis-de-san-marcos-de-arica-cerro-el-ano-jubilar-2025-peregrinos-de-esperanza\/\"]}]},{\"@type\":\"ImageObject\",\"inLanguage\":\"es\",\"@id\":\"https:\/\/obispadoarica.cl\/home\/la-diocesis-de-san-marcos-de-arica-cerro-el-ano-jubilar-2025-peregrinos-de-esperanza\/#primaryimage\",\"url\":\"https:\/\/obispadoarica.cl\/home\/wp-content\/uploads\/2025\/12\/WhatsApp-Image-2025-12-29-at-4.57.10-PM-1-scaled.jpeg\",\"contentUrl\":\"https:\/\/obispadoarica.cl\/home\/wp-content\/uploads\/2025\/12\/WhatsApp-Image-2025-12-29-at-4.57.10-PM-1-scaled.jpeg\",\"width\":1440,\"height\":2560},{\"@type\":\"BreadcrumbList\",\"@id\":\"https:\/\/obispadoarica.cl\/home\/la-diocesis-de-san-marcos-de-arica-cerro-el-ano-jubilar-2025-peregrinos-de-esperanza\/#breadcrumb\",\"itemListElement\":[{\"@type\":\"ListItem\",\"position\":1,\"name\":\"Portada\",\"item\":\"https:\/\/obispadoarica.cl\/home\/\"},{\"@type\":\"ListItem\",\"position\":2,\"name\":\"LA DI\u00d3CESIS DE SAN MARCOS DE ARICA CERR\u00d3 EL A\u00d1O JUBILAR 2025 \u201cPEREGRINOS DE ESPERANZA\u201d\"}]},{\"@type\":\"WebSite\",\"@id\":\"https:\/\/obispadoarica.cl\/home\/#website\",\"url\":\"https:\/\/obispadoarica.cl\/home\/\",\"name\":\"Obispado San Marcos de Arica\",\"description\":\"Di\u00f3cesis San Marcos de Arica\",\"potentialAction\":[{\"@type\":\"SearchAction\",\"target\":{\"@type\":\"EntryPoint\",\"urlTemplate\":\"https:\/\/obispadoarica.cl\/home\/?s={search_term_string}\"},\"query-input\":{\"@type\":\"PropertyValueSpecification\",\"valueRequired\":true,\"valueName\":\"search_term_string\"}}],\"inLanguage\":\"es\"},{\"@type\":\"Person\",\"@id\":\"https:\/\/obispadoarica.cl\/home\/#\/schema\/person\/1a8f4c2a3418412187dff039ecf9d97e\",\"name\":\"Obispado de Arica\",\"image\":{\"@type\":\"ImageObject\",\"inLanguage\":\"es\",\"@id\":\"https:\/\/obispadoarica.cl\/home\/#\/schema\/person\/image\/\",\"url\":\"https:\/\/secure.gravatar.com\/avatar\/c75d5ceafb11502016ed664658884b0b1b183fa6f96260878f47ac58f950c8d9?s=96&d=mm&r=g\",\"contentUrl\":\"https:\/\/secure.gravatar.com\/avatar\/c75d5ceafb11502016ed664658884b0b1b183fa6f96260878f47ac58f950c8d9?s=96&d=mm&r=g\",\"caption\":\"Obispado de Arica\"},\"url\":\"https:\/\/obispadoarica.cl\/home\/author\/c1300590\/\"}]}<\/script>\n<!-- \/ Yoast SEO plugin. -->","yoast_head_json":{"title":"LA DI\u00d3CESIS DE SAN MARCOS DE ARICA CERR\u00d3 EL A\u00d1O JUBILAR 2025 \u201cPEREGRINOS DE ESPERANZA\u201d - Obispado San Marcos de Arica","robots":{"index":"index","follow":"follow","max-snippet":"max-snippet:-1","max-image-preview":"max-image-preview:large","max-video-preview":"max-video-preview:-1"},"canonical":"https:\/\/obispadoarica.cl\/home\/la-diocesis-de-san-marcos-de-arica-cerro-el-ano-jubilar-2025-peregrinos-de-esperanza\/","og_locale":"es_ES","og_type":"article","og_title":"LA DI\u00d3CESIS DE SAN MARCOS DE ARICA CERR\u00d3 EL A\u00d1O JUBILAR 2025 \u201cPEREGRINOS DE ESPERANZA\u201d - Obispado San Marcos de Arica","og_description":"Con una solemne Eucarist\u00eda celebrada en la Catedral, la Di\u00f3cesis de San Marcos de Arica dio por concluido el A\u00f1o Jubilar Ordinario 2025 \u201cPeregrinos de Esperanza\u201d, este domingo 28 de diciembre, fiesta de la Sagrada Familia. La Santa Misa fue presidida por el Obispo diocesano, Monse\u00f1or Mois\u00e9s Atisha, quien invit\u00f3 a la comunidad a vivir [...]","og_url":"https:\/\/obispadoarica.cl\/home\/la-diocesis-de-san-marcos-de-arica-cerro-el-ano-jubilar-2025-peregrinos-de-esperanza\/","og_site_name":"Obispado San Marcos de Arica","article_published_time":"2025-12-30T00:19:04+00:00","article_modified_time":"2025-12-30T00:32:46+00:00","og_image":[{"width":1440,"height":2560,"url":"https:\/\/obispadoarica.cl\/home\/wp-content\/uploads\/2025\/12\/WhatsApp-Image-2025-12-29-at-4.57.10-PM-1-scaled.jpeg","type":"image\/jpeg"}],"author":"Obispado de Arica","twitter_card":"summary_large_image","twitter_misc":{"Escrito por":"Obispado de Arica","Tiempo de lectura":"10 minutos"},"schema":{"@context":"https:\/\/schema.org","@graph":[{"@type":"WebPage","@id":"https:\/\/obispadoarica.cl\/home\/la-diocesis-de-san-marcos-de-arica-cerro-el-ano-jubilar-2025-peregrinos-de-esperanza\/","url":"https:\/\/obispadoarica.cl\/home\/la-diocesis-de-san-marcos-de-arica-cerro-el-ano-jubilar-2025-peregrinos-de-esperanza\/","name":"LA DI\u00d3CESIS DE SAN MARCOS DE ARICA CERR\u00d3 EL A\u00d1O JUBILAR 2025 \u201cPEREGRINOS DE ESPERANZA\u201d - Obispado San Marcos de Arica","isPartOf":{"@id":"https:\/\/obispadoarica.cl\/home\/#website"},"primaryImageOfPage":{"@id":"https:\/\/obispadoarica.cl\/home\/la-diocesis-de-san-marcos-de-arica-cerro-el-ano-jubilar-2025-peregrinos-de-esperanza\/#primaryimage"},"image":{"@id":"https:\/\/obispadoarica.cl\/home\/la-diocesis-de-san-marcos-de-arica-cerro-el-ano-jubilar-2025-peregrinos-de-esperanza\/#primaryimage"},"thumbnailUrl":"https:\/\/obispadoarica.cl\/home\/wp-content\/uploads\/2025\/12\/WhatsApp-Image-2025-12-29-at-4.57.10-PM-1-scaled.jpeg","datePublished":"2025-12-30T00:19:04+00:00","dateModified":"2025-12-30T00:32:46+00:00","author":{"@id":"https:\/\/obispadoarica.cl\/home\/#\/schema\/person\/1a8f4c2a3418412187dff039ecf9d97e"},"breadcrumb":{"@id":"https:\/\/obispadoarica.cl\/home\/la-diocesis-de-san-marcos-de-arica-cerro-el-ano-jubilar-2025-peregrinos-de-esperanza\/#breadcrumb"},"inLanguage":"es","potentialAction":[{"@type":"ReadAction","target":["https:\/\/obispadoarica.cl\/home\/la-diocesis-de-san-marcos-de-arica-cerro-el-ano-jubilar-2025-peregrinos-de-esperanza\/"]}]},{"@type":"ImageObject","inLanguage":"es","@id":"https:\/\/obispadoarica.cl\/home\/la-diocesis-de-san-marcos-de-arica-cerro-el-ano-jubilar-2025-peregrinos-de-esperanza\/#primaryimage","url":"https:\/\/obispadoarica.cl\/home\/wp-content\/uploads\/2025\/12\/WhatsApp-Image-2025-12-29-at-4.57.10-PM-1-scaled.jpeg","contentUrl":"https:\/\/obispadoarica.cl\/home\/wp-content\/uploads\/2025\/12\/WhatsApp-Image-2025-12-29-at-4.57.10-PM-1-scaled.jpeg","width":1440,"height":2560},{"@type":"BreadcrumbList","@id":"https:\/\/obispadoarica.cl\/home\/la-diocesis-de-san-marcos-de-arica-cerro-el-ano-jubilar-2025-peregrinos-de-esperanza\/#breadcrumb","itemListElement":[{"@type":"ListItem","position":1,"name":"Portada","item":"https:\/\/obispadoarica.cl\/home\/"},{"@type":"ListItem","position":2,"name":"LA DI\u00d3CESIS DE SAN MARCOS DE ARICA CERR\u00d3 EL A\u00d1O JUBILAR 2025 \u201cPEREGRINOS DE ESPERANZA\u201d"}]},{"@type":"WebSite","@id":"https:\/\/obispadoarica.cl\/home\/#website","url":"https:\/\/obispadoarica.cl\/home\/","name":"Obispado San Marcos de Arica","description":"Di\u00f3cesis San Marcos de Arica","potentialAction":[{"@type":"SearchAction","target":{"@type":"EntryPoint","urlTemplate":"https:\/\/obispadoarica.cl\/home\/?s={search_term_string}"},"query-input":{"@type":"PropertyValueSpecification","valueRequired":true,"valueName":"search_term_string"}}],"inLanguage":"es"},{"@type":"Person","@id":"https:\/\/obispadoarica.cl\/home\/#\/schema\/person\/1a8f4c2a3418412187dff039ecf9d97e","name":"Obispado de Arica","image":{"@type":"ImageObject","inLanguage":"es","@id":"https:\/\/obispadoarica.cl\/home\/#\/schema\/person\/image\/","url":"https:\/\/secure.gravatar.com\/avatar\/c75d5ceafb11502016ed664658884b0b1b183fa6f96260878f47ac58f950c8d9?s=96&d=mm&r=g","contentUrl":"https:\/\/secure.gravatar.com\/avatar\/c75d5ceafb11502016ed664658884b0b1b183fa6f96260878f47ac58f950c8d9?s=96&d=mm&r=g","caption":"Obispado de Arica"},"url":"https:\/\/obispadoarica.cl\/home\/author\/c1300590\/"}]}},"_links":{"self":[{"href":"https:\/\/obispadoarica.cl\/home\/wp-json\/wp\/v2\/posts\/4316","targetHints":{"allow":["GET"]}}],"collection":[{"href":"https:\/\/obispadoarica.cl\/home\/wp-json\/wp\/v2\/posts"}],"about":[{"href":"https:\/\/obispadoarica.cl\/home\/wp-json\/wp\/v2\/types\/post"}],"author":[{"embeddable":true,"href":"https:\/\/obispadoarica.cl\/home\/wp-json\/wp\/v2\/users\/2"}],"replies":[{"embeddable":true,"href":"https:\/\/obispadoarica.cl\/home\/wp-json\/wp\/v2\/comments?post=4316"}],"version-history":[{"count":2,"href":"https:\/\/obispadoarica.cl\/home\/wp-json\/wp\/v2\/posts\/4316\/revisions"}],"predecessor-version":[{"id":4356,"href":"https:\/\/obispadoarica.cl\/home\/wp-json\/wp\/v2\/posts\/4316\/revisions\/4356"}],"wp:featuredmedia":[{"embeddable":true,"href":"https:\/\/obispadoarica.cl\/home\/wp-json\/wp\/v2\/media\/4337"}],"wp:attachment":[{"href":"https:\/\/obispadoarica.cl\/home\/wp-json\/wp\/v2\/media?parent=4316"}],"wp:term":[{"taxonomy":"category","embeddable":true,"href":"https:\/\/obispadoarica.cl\/home\/wp-json\/wp\/v2\/categories?post=4316"},{"taxonomy":"post_tag","embeddable":true,"href":"https:\/\/obispadoarica.cl\/home\/wp-json\/wp\/v2\/tags?post=4316"}],"curies":[{"name":"wp","href":"https:\/\/api.w.org\/{rel}","templated":true}]}}