{"id":498,"date":"2022-04-06T20:51:13","date_gmt":"2022-04-06T20:51:13","guid":{"rendered":"https:\/\/obispadoarica.cl\/home\/?p=498"},"modified":"2025-03-08T20:54:40","modified_gmt":"2025-03-09T00:54:40","slug":"instituto-catolico-de-migracion-solicita-al-presidente-boric-intervenir-ante-el-sufrimiento-y-vulnerabilidad-que-experimentan-los-migrantes","status":"publish","type":"post","link":"https:\/\/obispadoarica.cl\/home\/instituto-catolico-de-migracion-solicita-al-presidente-boric-intervenir-ante-el-sufrimiento-y-vulnerabilidad-que-experimentan-los-migrantes\/","title":{"rendered":"Instituto Cat\u00f3lico de Migraci\u00f3n solicita al presidente Boric intervenir ante el sufrimiento y vulnerabilidad que experimentan los migrantes"},"content":{"rendered":"\n<p><em>A trav\u00e9s de una carta dirigida al presidente de la Rep\u00fablica, Gabriel Boric, el Instituto Cat\u00f3lico Chileno de Migraci\u00f3n, INCAMI, dio a conocer su preocupaci\u00f3n por la crisis migratoria que se vive en Chile y que afecta gravemente a las personas que llegan al pa\u00eds, as\u00ed como a las comunidades de acogida.<\/em><\/p>\n\n\n\n<p>La misiva -que fue enviada formalmente durante la semana pasada a la presidencia- est\u00e1 firmada por el presidente de&nbsp;<strong><a href=\"https:\/\/incami.cl\/\" target=\"_blank\" rel=\"noreferrer noopener\">INCAMI<\/a><\/strong>, el obispo de Arica Mois\u00e9s Atisha, quien expresa que \u201cComo organismo especializado en la movilidad humana y las migraciones -en asociaci\u00f3n con tantas otras instituciones que venimos trabajando con las personas migrantes y solicitantes de refugio en diferentes lugares del pa\u00eds- desde hace varios a\u00f1os, seguimos viendo con impotencia las dificultades a las que siguen expuestos los migrantes que llegan a nuestro pa\u00eds buscando un mejor porvenir. El que muchos y muchas ingresen por pasos no habilitados, no les hace menos personas\u201d. Monse\u00f1or Atisha agrega que \u201cgeneralmente se habla de los migrantes cuando se hacen fiscalizaciones para relevar, no su condici\u00f3n de personas, sino su realidad de \u201cindocumentados\u201d o forma de ingreso al pa\u00eds, pero no se les escuchan los motivos que han causado tal situaci\u00f3n o por qu\u00e9 ingresan de este modo\u201d.<\/p>\n\n\n\n<p>Si bien se ve con esperanza la implementaci\u00f3n de la nueva normativa en materia migratoria (Ley 21.325\/2021), se manifiesta que existe una falta de claridad en su proceso de implementaci\u00f3n. \u201cEntre otras cosas, podr\u00edamos mencionar lo que sucede con la `Notificaci\u00f3n de Reconducci\u00f3n Inmediata\u00b4, respecto de la cual no hay claridad del tr\u00e1mite a ser realizado, esto porque las personas notificadas de tal medida siguen dentro del territorio nacional y no saben qu\u00e9 procedimiento seguir, bien sea para retirarse del pa\u00eds, o auto-denunciarse con miras a ser expulsados, o, recurrir la medida en caso de haber v\u00ednculos y\/o arraigo con el pa\u00eds. Todo esto lleva a una situaci\u00f3n de incertidumbre respecto de la Ley\u201d, se afirma en el texto.<\/p>\n\n\n\n<p><strong>La necesidad de transparentar la posici\u00f3n del pa\u00eds<br><\/strong>Por ello se solicita tomar una actitud transparente con las personas migrantes en Chile. Se hace ver que hay falta de informaci\u00f3n y demoras en el otorgamiento de respuestas claras acerca de los tr\u00e1mites que se solicitan para regularizar la situaci\u00f3n migratoria de las personas, en su mayor\u00eda digitales, pero que ser\u00edan poco pr\u00e1cticos. Se da a conocer tambi\u00e9n que desde el estallido social y luego por la situaci\u00f3n sanitaria no se est\u00e1 haciendo atenci\u00f3n presencial de las personas migrantes para tr\u00e1mites directos o para indicar los nuevos procedimientos. La consecuencia de ello ser\u00eda que hay personas extranjeras regulares en el pa\u00eds, pero indocumentadas, motivo que hace que no puedan salir o entrar libremente del pa\u00eds, celebrar contratos, abrir cuentas, acreditar su identidad, etc. Dichas demoras estar\u00edan limitando o prohibiendo el acceso a ciertos derechos garantizados por la Constituci\u00f3n, como el derecho al trabajo, a la salud, a la educaci\u00f3n, a la vivienda, o a la justicia, entre otros. Se a\u00f1ade que tambi\u00e9n la falta de claridad se est\u00e1 dando en los procesos de informaci\u00f3n y solicitud del reconocimiento del estatuto de refugiado.<\/p>\n\n\n\n<p>Adem\u00e1s de las anteriores problem\u00e1ticas, se hace ver la preocupaci\u00f3n por la vulnerabilidad a la que siguen siendo expuestas familias de Venezuela y Hait\u00ed ya presentes en Chile, no solamente para sus tr\u00e1mites de visa, sino frente a procesos de reunificaci\u00f3n familiar. \u201cSe debe considerar que, por el hecho de tratarse de familias que arrastran una dif\u00edcil situaci\u00f3n por la realidad de sus pa\u00edses de origen, no es tan factible encontrar formas que les permitan presentar la documentaci\u00f3n exigida, como condici\u00f3n para la regularidad migratoria en Chile\u201d afirma la carta, agregando que la autoridad debiese considerar esta complejidad, que puede implicar negaciones de tr\u00e1mites, sin dar alternativas u opciones de regularizaci\u00f3n a su delicada situaci\u00f3n.<\/p>\n\n\n\n<p>\u201cConsideramos que es necesario transparentar la posici\u00f3n del pa\u00eds ante la falta de claridad respecto de los tr\u00e1mites de visas en los servicios consulares, o ante las solicitudes de refugio. Solo pedimos al Estado chileno ser transparentes, dar una respuesta, y as\u00ed las personas sabr\u00e1n a qu\u00e9 atenerse y qu\u00e9 pasos pueden dar en el pa\u00eds o buscar otras latitudes\u201d se\u00f1ala el documento, constatando al mismo tiempo que \u201cfalta de iniciativa en la gesti\u00f3n, especialmente por parte de las autoridades de pa\u00edses cuyos migrantes presentan mayor vulnerabilidad. Esta es una labor no solamente del pa\u00eds de destino, sino tambi\u00e9n del pa\u00eds de origen de los migrantes. Las legaciones consulares deben estar prestas a dar asistencia a sus connacionales y Chile podr\u00eda exigir esto de tales autoridades\u201d.<\/p>\n\n\n\n<p><strong>La soluci\u00f3n no son las expulsiones<\/strong><br>Tambi\u00e9n se aborda la situaci\u00f3n de las personas que en el \u00faltimo a\u00f1o han ingresado al pa\u00eds por pasos no habilitados, expresando la preocupaci\u00f3n ante la falta de propuestas concretas al respecto. \u201cMuchas de esas personas tienen familiares residentes ya en Chile y antes de viajar a nuestro pa\u00eds han solicitado visas consulares que fueron cerradas arbitrariamente o desistidas por la autoridad. Desde nuestra experiencia, consideramos que un verdadero proceso de regularizaci\u00f3n deber\u00eda apuntar a solucionar la situaci\u00f3n de quienes justamente la ley no considera, por lo cual debiese abrirse a un nuevo proceso \u201cextraordinario\u201d caso a caso, ante el dram\u00e1tico escenario actual. Los dos procesos anteriores de regularizaciones excepcionales revistieron grandes falencias y exclusi\u00f3n de quienes verdaderamente eran destinatarios y destinatarias de procesos \u201cextraordinarios\u201d de regularizaci\u00f3n. La pandemia, temas administrativos y expulsiones han generado que tantas personas tomaran la decisi\u00f3n de recorrer buena parte del continente para ingresar a Chile y reencontrarse con su familia. Pensamos que ser\u00eda muy importante observar y buscar respuestas a estas personas, mayormente, pensando en los cientos o miles de menores que han llegado a nuestro pa\u00eds y que no decidieron migrar y aquellos que vinieron para reunirse con su familia directa. Hay ni\u00f1os, ni\u00f1as, mujeres en embarazo, adultos mayores que salieron por necesidad. No se trata solo de personas solas que se aventuraron, muchos y muchas vinieron porque su familia ya estaba aqu\u00ed y encontraron en este un pa\u00eds de acogida, de asilo\u201d se expresa en el escrito.<\/p>\n\n\n\n<p>\u201cSomos tambi\u00e9n conscientes que Chile no tiene capacidad para recibir a todas esas personas. Algunos hechos aislados contra personas migrantes son fruto de la falta de voluntad y de gesti\u00f3n de incluir, que relega a las personas a la caridad o a la mendicidad\u201d se reconoce en el mensaje, pero se afirma que \u201cla soluci\u00f3n no es la expulsi\u00f3n, no al menos como regla general para todos quienes hubiesen ingresado irregularmente y que cuenten con familia en el pa\u00eds, pues muchos no tendr\u00e1n c\u00f3mo volver y para otras tantas, ser\u00eda exponerlos a los peligros de los cuales huyeron. Por tal motivo, nos atrevemos a solicitarle su intervenci\u00f3n para que nos hagamos cargo como pa\u00eds de esta problem\u00e1tica\u201d, agregando que \u201cno se puede culpar al anterior, ni a este, ni a un pr\u00f3ximo gobierno de la situaci\u00f3n migratoria que vivimos, error que ya tuvimos en el pasado y no dio frutos. Esta es una realidad continental que nos excede y con indiferencia no la vamos a solucionar. Al contrario, se requiere de parte de las autoridades una actitud activa para responder ante la ciudadan\u00eda. Frente a la actual realidad pa\u00eds debemos avanzar con empat\u00eda\u201d, pide INCAMI, junto con dar opciones a estas personas de incorporarse al mercado del trabajo \u201cy no ser una carga para el pa\u00eds, ni para las comunidades que los reciben. Contar con un documento de identidad permite ser un mayor aporte para la sociedad\u201d.<\/p>\n\n\n\n<p><strong>Construir juntos un pa\u00eds m\u00e1s equitativo<br><\/strong>Se pide tambi\u00e9n no solo centrar la atenci\u00f3n en el norte de Chile y coordinar un trabajo con otras regiones del pa\u00eds que podr\u00edan aceptar familias migrantes no solamente como forma de poblar sino de aportar con su experiencia laboral o profesional a tales lugares. Para ello se propone \u201cuna articulaci\u00f3n con el sector privado, esto pudiese materializarse con visas temporales, que como requisito exijan alg\u00fan nivel de estabilidad laboral y de aporte profesional, o previsional para ir avanzando hacia procesos m\u00e1s largos de arraigo y documentaci\u00f3n\u201d. Al mismo tiempo, se hace ver la urgencia de albergues transitorios o acondicionar y fortalecer algunos que desde la sociedad civil ya lo hacen, para as\u00ed tener tiempo suficiente para ubicar las personas, sin que tengan que vivir en las calles.<\/p>\n\n\n\n<p>Por ello, otra de las solicitudes concretas que se realizan al presidente Boric est\u00e1 el organizar un nuevo \u201cConsejo consultivo para las migraciones\u201d o en su defecto \u201calguna instancia que permita a organizaciones como la nuestra aportar al debate y en conjunto construir un pa\u00eds m\u00e1s equitativo para todos y todas\u201d.<\/p>\n\n\n\n<p>En la misma l\u00ednea se destaca el mensaje del Papa Francisco de su Carta \u201cFratelli tutti\u201d que invita a dejar de hablar de \u201clos otros\u201d, y pasar al \u201cnosotros\u201d, especialmente ante los dif\u00edciles tiempos que vivimos \u201cpara que la humanidad renazca con todos los rostros, todas las manos y todas las voces, m\u00e1s all\u00e1 de las fronteras que hemos creado\u201d.<\/p>\n\n\n\n<p>La carta finaliza expresando: \u201cSe\u00f1or Presidente, con mucha preocupaci\u00f3n y tambi\u00e9n con esperanza, le compartimos estas inquietudes, esperando su intervenci\u00f3n frente al sufrimiento y vulnerabilidad que experimentan tantas personas\u201d.<\/p>\n\n\n\n<p><strong>Fuente: INCAMI<\/strong><br><em>CECh, 30-03-2022<\/em><\/p>\n","protected":false},"excerpt":{"rendered":"<p>A trav\u00e9s de una carta dirigida al presidente de la Rep\u00fablica, Gabriel Boric, el Instituto Cat\u00f3lico Chileno de Migraci\u00f3n, INCAMI, dio a conocer su preocupaci\u00f3n por la crisis migratoria que se vive en Chile y que afecta gravemente a las personas que llegan al pa\u00eds, as\u00ed como a las comunidades de acogida. La misiva -que [&#8230;]\n","protected":false},"author":2,"featured_media":499,"comment_status":"closed","ping_status":"open","sticky":false,"template":"","format":"standard","meta":{"footnotes":""},"categories":[7],"tags":[],"class_list":["post-498","post","type-post","status-publish","format-standard","has-post-thumbnail","hentry","category-noticias"],"yoast_head":"<!-- This site is optimized with the Yoast SEO plugin v24.6 - https:\/\/yoast.com\/wordpress\/plugins\/seo\/ -->\n<title>Instituto Cat\u00f3lico de Migraci\u00f3n solicita al presidente Boric intervenir ante el sufrimiento y vulnerabilidad que experimentan los migrantes - Obispado San Marcos de Arica<\/title>\n<meta name=\"robots\" content=\"index, follow, max-snippet:-1, max-image-preview:large, max-video-preview:-1\" \/>\n<link rel=\"canonical\" href=\"https:\/\/obispadoarica.cl\/home\/instituto-catolico-de-migracion-solicita-al-presidente-boric-intervenir-ante-el-sufrimiento-y-vulnerabilidad-que-experimentan-los-migrantes\/\" \/>\n<meta property=\"og:locale\" content=\"es_ES\" \/>\n<meta property=\"og:type\" content=\"article\" \/>\n<meta property=\"og:title\" content=\"Instituto Cat\u00f3lico de Migraci\u00f3n solicita al presidente Boric intervenir ante el sufrimiento y vulnerabilidad que experimentan los migrantes - Obispado San Marcos de Arica\" \/>\n<meta property=\"og:description\" content=\"A trav\u00e9s de una carta dirigida al presidente de la Rep\u00fablica, Gabriel Boric, el Instituto Cat\u00f3lico Chileno de Migraci\u00f3n, INCAMI, dio a conocer su preocupaci\u00f3n por la crisis migratoria que se vive en Chile y que afecta gravemente a las personas que llegan al pa\u00eds, as\u00ed como a las comunidades de acogida. La misiva -que [...]\" \/>\n<meta property=\"og:url\" content=\"https:\/\/obispadoarica.cl\/home\/instituto-catolico-de-migracion-solicita-al-presidente-boric-intervenir-ante-el-sufrimiento-y-vulnerabilidad-que-experimentan-los-migrantes\/\" \/>\n<meta property=\"og:site_name\" content=\"Obispado San Marcos de Arica\" \/>\n<meta property=\"article:published_time\" content=\"2022-04-06T20:51:13+00:00\" \/>\n<meta property=\"article:modified_time\" content=\"2025-03-09T00:54:40+00:00\" \/>\n<meta property=\"og:image\" content=\"https:\/\/obispadoarica.cl\/home\/wp-content\/uploads\/2022\/04\/Captura-de-Pantalla-2022-04-06-a-las-16.51.03.png\" \/>\n\t<meta property=\"og:image:width\" content=\"1110\" \/>\n\t<meta property=\"og:image:height\" content=\"744\" \/>\n\t<meta property=\"og:image:type\" content=\"image\/png\" \/>\n<meta name=\"author\" content=\"Obispado de Arica\" \/>\n<meta name=\"twitter:card\" content=\"summary_large_image\" \/>\n<meta name=\"twitter:label1\" content=\"Escrito por\" \/>\n\t<meta name=\"twitter:data1\" content=\"Obispado de Arica\" \/>\n\t<meta name=\"twitter:label2\" content=\"Tiempo de lectura\" \/>\n\t<meta name=\"twitter:data2\" content=\"8 minutos\" \/>\n<script type=\"application\/ld+json\" class=\"yoast-schema-graph\">{\"@context\":\"https:\/\/schema.org\",\"@graph\":[{\"@type\":\"WebPage\",\"@id\":\"https:\/\/obispadoarica.cl\/home\/instituto-catolico-de-migracion-solicita-al-presidente-boric-intervenir-ante-el-sufrimiento-y-vulnerabilidad-que-experimentan-los-migrantes\/\",\"url\":\"https:\/\/obispadoarica.cl\/home\/instituto-catolico-de-migracion-solicita-al-presidente-boric-intervenir-ante-el-sufrimiento-y-vulnerabilidad-que-experimentan-los-migrantes\/\",\"name\":\"Instituto Cat\u00f3lico de Migraci\u00f3n solicita al presidente Boric intervenir ante el sufrimiento y vulnerabilidad que experimentan los migrantes - Obispado San Marcos de Arica\",\"isPartOf\":{\"@id\":\"https:\/\/obispadoarica.cl\/home\/#website\"},\"primaryImageOfPage\":{\"@id\":\"https:\/\/obispadoarica.cl\/home\/instituto-catolico-de-migracion-solicita-al-presidente-boric-intervenir-ante-el-sufrimiento-y-vulnerabilidad-que-experimentan-los-migrantes\/#primaryimage\"},\"image\":{\"@id\":\"https:\/\/obispadoarica.cl\/home\/instituto-catolico-de-migracion-solicita-al-presidente-boric-intervenir-ante-el-sufrimiento-y-vulnerabilidad-que-experimentan-los-migrantes\/#primaryimage\"},\"thumbnailUrl\":\"https:\/\/obispadoarica.cl\/home\/wp-content\/uploads\/2022\/04\/Captura-de-Pantalla-2022-04-06-a-las-16.51.03.png\",\"datePublished\":\"2022-04-06T20:51:13+00:00\",\"dateModified\":\"2025-03-09T00:54:40+00:00\",\"author\":{\"@id\":\"https:\/\/obispadoarica.cl\/home\/#\/schema\/person\/1a8f4c2a3418412187dff039ecf9d97e\"},\"breadcrumb\":{\"@id\":\"https:\/\/obispadoarica.cl\/home\/instituto-catolico-de-migracion-solicita-al-presidente-boric-intervenir-ante-el-sufrimiento-y-vulnerabilidad-que-experimentan-los-migrantes\/#breadcrumb\"},\"inLanguage\":\"es\",\"potentialAction\":[{\"@type\":\"ReadAction\",\"target\":[\"https:\/\/obispadoarica.cl\/home\/instituto-catolico-de-migracion-solicita-al-presidente-boric-intervenir-ante-el-sufrimiento-y-vulnerabilidad-que-experimentan-los-migrantes\/\"]}]},{\"@type\":\"ImageObject\",\"inLanguage\":\"es\",\"@id\":\"https:\/\/obispadoarica.cl\/home\/instituto-catolico-de-migracion-solicita-al-presidente-boric-intervenir-ante-el-sufrimiento-y-vulnerabilidad-que-experimentan-los-migrantes\/#primaryimage\",\"url\":\"https:\/\/obispadoarica.cl\/home\/wp-content\/uploads\/2022\/04\/Captura-de-Pantalla-2022-04-06-a-las-16.51.03.png\",\"contentUrl\":\"https:\/\/obispadoarica.cl\/home\/wp-content\/uploads\/2022\/04\/Captura-de-Pantalla-2022-04-06-a-las-16.51.03.png\",\"width\":1110,\"height\":744},{\"@type\":\"BreadcrumbList\",\"@id\":\"https:\/\/obispadoarica.cl\/home\/instituto-catolico-de-migracion-solicita-al-presidente-boric-intervenir-ante-el-sufrimiento-y-vulnerabilidad-que-experimentan-los-migrantes\/#breadcrumb\",\"itemListElement\":[{\"@type\":\"ListItem\",\"position\":1,\"name\":\"Portada\",\"item\":\"https:\/\/obispadoarica.cl\/home\/\"},{\"@type\":\"ListItem\",\"position\":2,\"name\":\"Instituto Cat\u00f3lico de Migraci\u00f3n solicita al presidente Boric intervenir ante el sufrimiento y vulnerabilidad que experimentan los migrantes\"}]},{\"@type\":\"WebSite\",\"@id\":\"https:\/\/obispadoarica.cl\/home\/#website\",\"url\":\"https:\/\/obispadoarica.cl\/home\/\",\"name\":\"Obispado San Marcos de Arica\",\"description\":\"Di\u00f3cesis San Marcos de Arica\",\"potentialAction\":[{\"@type\":\"SearchAction\",\"target\":{\"@type\":\"EntryPoint\",\"urlTemplate\":\"https:\/\/obispadoarica.cl\/home\/?s={search_term_string}\"},\"query-input\":{\"@type\":\"PropertyValueSpecification\",\"valueRequired\":true,\"valueName\":\"search_term_string\"}}],\"inLanguage\":\"es\"},{\"@type\":\"Person\",\"@id\":\"https:\/\/obispadoarica.cl\/home\/#\/schema\/person\/1a8f4c2a3418412187dff039ecf9d97e\",\"name\":\"Obispado de Arica\",\"image\":{\"@type\":\"ImageObject\",\"inLanguage\":\"es\",\"@id\":\"https:\/\/obispadoarica.cl\/home\/#\/schema\/person\/image\/\",\"url\":\"https:\/\/secure.gravatar.com\/avatar\/c75d5ceafb11502016ed664658884b0b1b183fa6f96260878f47ac58f950c8d9?s=96&d=mm&r=g\",\"contentUrl\":\"https:\/\/secure.gravatar.com\/avatar\/c75d5ceafb11502016ed664658884b0b1b183fa6f96260878f47ac58f950c8d9?s=96&d=mm&r=g\",\"caption\":\"Obispado de Arica\"},\"url\":\"https:\/\/obispadoarica.cl\/home\/author\/c1300590\/\"}]}<\/script>\n<!-- \/ Yoast SEO plugin. -->","yoast_head_json":{"title":"Instituto Cat\u00f3lico de Migraci\u00f3n solicita al presidente Boric intervenir ante el sufrimiento y vulnerabilidad que experimentan los migrantes - Obispado San Marcos de Arica","robots":{"index":"index","follow":"follow","max-snippet":"max-snippet:-1","max-image-preview":"max-image-preview:large","max-video-preview":"max-video-preview:-1"},"canonical":"https:\/\/obispadoarica.cl\/home\/instituto-catolico-de-migracion-solicita-al-presidente-boric-intervenir-ante-el-sufrimiento-y-vulnerabilidad-que-experimentan-los-migrantes\/","og_locale":"es_ES","og_type":"article","og_title":"Instituto Cat\u00f3lico de Migraci\u00f3n solicita al presidente Boric intervenir ante el sufrimiento y vulnerabilidad que experimentan los migrantes - Obispado San Marcos de Arica","og_description":"A trav\u00e9s de una carta dirigida al presidente de la Rep\u00fablica, Gabriel Boric, el Instituto Cat\u00f3lico Chileno de Migraci\u00f3n, INCAMI, dio a conocer su preocupaci\u00f3n por la crisis migratoria que se vive en Chile y que afecta gravemente a las personas que llegan al pa\u00eds, as\u00ed como a las comunidades de acogida. La misiva -que [...]","og_url":"https:\/\/obispadoarica.cl\/home\/instituto-catolico-de-migracion-solicita-al-presidente-boric-intervenir-ante-el-sufrimiento-y-vulnerabilidad-que-experimentan-los-migrantes\/","og_site_name":"Obispado San Marcos de Arica","article_published_time":"2022-04-06T20:51:13+00:00","article_modified_time":"2025-03-09T00:54:40+00:00","og_image":[{"width":1110,"height":744,"url":"https:\/\/obispadoarica.cl\/home\/wp-content\/uploads\/2022\/04\/Captura-de-Pantalla-2022-04-06-a-las-16.51.03.png","type":"image\/png"}],"author":"Obispado de Arica","twitter_card":"summary_large_image","twitter_misc":{"Escrito por":"Obispado de Arica","Tiempo de lectura":"8 minutos"},"schema":{"@context":"https:\/\/schema.org","@graph":[{"@type":"WebPage","@id":"https:\/\/obispadoarica.cl\/home\/instituto-catolico-de-migracion-solicita-al-presidente-boric-intervenir-ante-el-sufrimiento-y-vulnerabilidad-que-experimentan-los-migrantes\/","url":"https:\/\/obispadoarica.cl\/home\/instituto-catolico-de-migracion-solicita-al-presidente-boric-intervenir-ante-el-sufrimiento-y-vulnerabilidad-que-experimentan-los-migrantes\/","name":"Instituto Cat\u00f3lico de Migraci\u00f3n solicita al presidente Boric intervenir ante el sufrimiento y vulnerabilidad que experimentan los migrantes - Obispado San Marcos de Arica","isPartOf":{"@id":"https:\/\/obispadoarica.cl\/home\/#website"},"primaryImageOfPage":{"@id":"https:\/\/obispadoarica.cl\/home\/instituto-catolico-de-migracion-solicita-al-presidente-boric-intervenir-ante-el-sufrimiento-y-vulnerabilidad-que-experimentan-los-migrantes\/#primaryimage"},"image":{"@id":"https:\/\/obispadoarica.cl\/home\/instituto-catolico-de-migracion-solicita-al-presidente-boric-intervenir-ante-el-sufrimiento-y-vulnerabilidad-que-experimentan-los-migrantes\/#primaryimage"},"thumbnailUrl":"https:\/\/obispadoarica.cl\/home\/wp-content\/uploads\/2022\/04\/Captura-de-Pantalla-2022-04-06-a-las-16.51.03.png","datePublished":"2022-04-06T20:51:13+00:00","dateModified":"2025-03-09T00:54:40+00:00","author":{"@id":"https:\/\/obispadoarica.cl\/home\/#\/schema\/person\/1a8f4c2a3418412187dff039ecf9d97e"},"breadcrumb":{"@id":"https:\/\/obispadoarica.cl\/home\/instituto-catolico-de-migracion-solicita-al-presidente-boric-intervenir-ante-el-sufrimiento-y-vulnerabilidad-que-experimentan-los-migrantes\/#breadcrumb"},"inLanguage":"es","potentialAction":[{"@type":"ReadAction","target":["https:\/\/obispadoarica.cl\/home\/instituto-catolico-de-migracion-solicita-al-presidente-boric-intervenir-ante-el-sufrimiento-y-vulnerabilidad-que-experimentan-los-migrantes\/"]}]},{"@type":"ImageObject","inLanguage":"es","@id":"https:\/\/obispadoarica.cl\/home\/instituto-catolico-de-migracion-solicita-al-presidente-boric-intervenir-ante-el-sufrimiento-y-vulnerabilidad-que-experimentan-los-migrantes\/#primaryimage","url":"https:\/\/obispadoarica.cl\/home\/wp-content\/uploads\/2022\/04\/Captura-de-Pantalla-2022-04-06-a-las-16.51.03.png","contentUrl":"https:\/\/obispadoarica.cl\/home\/wp-content\/uploads\/2022\/04\/Captura-de-Pantalla-2022-04-06-a-las-16.51.03.png","width":1110,"height":744},{"@type":"BreadcrumbList","@id":"https:\/\/obispadoarica.cl\/home\/instituto-catolico-de-migracion-solicita-al-presidente-boric-intervenir-ante-el-sufrimiento-y-vulnerabilidad-que-experimentan-los-migrantes\/#breadcrumb","itemListElement":[{"@type":"ListItem","position":1,"name":"Portada","item":"https:\/\/obispadoarica.cl\/home\/"},{"@type":"ListItem","position":2,"name":"Instituto Cat\u00f3lico de Migraci\u00f3n solicita al presidente Boric intervenir ante el sufrimiento y vulnerabilidad que experimentan los migrantes"}]},{"@type":"WebSite","@id":"https:\/\/obispadoarica.cl\/home\/#website","url":"https:\/\/obispadoarica.cl\/home\/","name":"Obispado San Marcos de Arica","description":"Di\u00f3cesis San Marcos de Arica","potentialAction":[{"@type":"SearchAction","target":{"@type":"EntryPoint","urlTemplate":"https:\/\/obispadoarica.cl\/home\/?s={search_term_string}"},"query-input":{"@type":"PropertyValueSpecification","valueRequired":true,"valueName":"search_term_string"}}],"inLanguage":"es"},{"@type":"Person","@id":"https:\/\/obispadoarica.cl\/home\/#\/schema\/person\/1a8f4c2a3418412187dff039ecf9d97e","name":"Obispado de Arica","image":{"@type":"ImageObject","inLanguage":"es","@id":"https:\/\/obispadoarica.cl\/home\/#\/schema\/person\/image\/","url":"https:\/\/secure.gravatar.com\/avatar\/c75d5ceafb11502016ed664658884b0b1b183fa6f96260878f47ac58f950c8d9?s=96&d=mm&r=g","contentUrl":"https:\/\/secure.gravatar.com\/avatar\/c75d5ceafb11502016ed664658884b0b1b183fa6f96260878f47ac58f950c8d9?s=96&d=mm&r=g","caption":"Obispado de Arica"},"url":"https:\/\/obispadoarica.cl\/home\/author\/c1300590\/"}]}},"_links":{"self":[{"href":"https:\/\/obispadoarica.cl\/home\/wp-json\/wp\/v2\/posts\/498","targetHints":{"allow":["GET"]}}],"collection":[{"href":"https:\/\/obispadoarica.cl\/home\/wp-json\/wp\/v2\/posts"}],"about":[{"href":"https:\/\/obispadoarica.cl\/home\/wp-json\/wp\/v2\/types\/post"}],"author":[{"embeddable":true,"href":"https:\/\/obispadoarica.cl\/home\/wp-json\/wp\/v2\/users\/2"}],"replies":[{"embeddable":true,"href":"https:\/\/obispadoarica.cl\/home\/wp-json\/wp\/v2\/comments?post=498"}],"version-history":[{"count":1,"href":"https:\/\/obispadoarica.cl\/home\/wp-json\/wp\/v2\/posts\/498\/revisions"}],"predecessor-version":[{"id":500,"href":"https:\/\/obispadoarica.cl\/home\/wp-json\/wp\/v2\/posts\/498\/revisions\/500"}],"wp:featuredmedia":[{"embeddable":true,"href":"https:\/\/obispadoarica.cl\/home\/wp-json\/wp\/v2\/media\/499"}],"wp:attachment":[{"href":"https:\/\/obispadoarica.cl\/home\/wp-json\/wp\/v2\/media?parent=498"}],"wp:term":[{"taxonomy":"category","embeddable":true,"href":"https:\/\/obispadoarica.cl\/home\/wp-json\/wp\/v2\/categories?post=498"},{"taxonomy":"post_tag","embeddable":true,"href":"https:\/\/obispadoarica.cl\/home\/wp-json\/wp\/v2\/tags?post=498"}],"curies":[{"name":"wp","href":"https:\/\/api.w.org\/{rel}","templated":true}]}}