{"id":5091,"date":"2026-04-29T09:50:19","date_gmt":"2026-04-29T13:50:19","guid":{"rendered":"https:\/\/obispadoarica.cl\/home\/?p=5091"},"modified":"2026-04-29T09:51:08","modified_gmt":"2026-04-29T13:51:08","slug":"diocesis-de-san-marcos-de-arica-celebra-40-anos-de-vida-junto-a-su-patrono-con-un-llamado-a-la-memoria-agradecida-y-la-mision","status":"publish","type":"post","link":"https:\/\/obispadoarica.cl\/home\/diocesis-de-san-marcos-de-arica-celebra-40-anos-de-vida-junto-a-su-patrono-con-un-llamado-a-la-memoria-agradecida-y-la-mision\/","title":{"rendered":"Di\u00f3cesis de San Marcos de Arica celebra 40 a\u00f1os de vida junto a su patrono con un llamado a la memoria agradecida y la misi\u00f3n"},"content":{"rendered":"\n\n\n<p><em>En un clima de fe, gratitud y profunda comuni\u00f3n eclesial, la Di\u00f3cesis de San Marcos de Arica conmemor\u00f3 sus 40 a\u00f1os de vida celebrando a su patrono, San Marcos Evangelista, mediante dos momentos significativos que marcaron este tiempo de gracia: el acto acad\u00e9mico conmemorativo y la solemne Eucarist\u00eda diocesana.<\/em><\/p>\n\n\n\n<p>Las celebraciones se iniciaron el viernes 24 de abril con el acto acad\u00e9mico realizado en el Colegio San Marcos, instancia que reuni\u00f3 a autoridades, comunidades educativas, agentes pastorales y fieles de distintos puntos de la di\u00f3cesis. En la ocasi\u00f3n, la doctora Magdalena Pereira present\u00f3 una reflexi\u00f3n centrada en la memoria agradecida y el camino de fe de la Iglesia en Arica, destacando el valor de reconocer la acci\u00f3n de Dios en la historia diocesana y proyectar con esperanza su futuro.<\/p>\n\n\n\n<p>La jornada tambi\u00e9n contempl\u00f3 expresiones art\u00edsticas y culturales, junto con un significativo momento de reconocimientos a representantes de parroquias, movimientos y bailes religiosos, visibilizando el compromiso de hombres y mujeres que han sostenido la vida de la Iglesia en estos 40 a\u00f1os, especialmente en los distintos decanatos del territorio.<\/p>\n\n\n\n<p>Al d\u00eda siguiente, el s\u00e1bado 25 de abril, la comunidad diocesana se congreg\u00f3 para celebrar la Eucarist\u00eda en honor a su patrono, enmarcada en este aniversario. La celebraci\u00f3n comenz\u00f3 con el ingreso solemne de la Palabra de Dios, acompa\u00f1ada por bailes religiosos, signo de la riqueza de la religiosidad popular del norte de Chile, donde la fe se encarna en la cultura, la tradici\u00f3n y la vida del pueblo.<\/p>\n\n\n\n<p>En su homil\u00eda, Monse\u00f1or Mois\u00e9s Atisha Contreras, invit\u00f3 a vivir este tiempo como una oportunidad para renovar la fe y el compromiso eclesial, se\u00f1alando que \u201ceste aniversario es un tiempo de gracia que nos llama a mirar el pasado con gratitud, vivir el presente con responsabilidad y abrirnos al futuro con esperanza\u201d. Asimismo, record\u00f3 que la di\u00f3cesis fue erigida en 1986 por San Juan Pablo II, destacando el camino evangelizador recorrido por generaciones de sacerdotes, religiosos y laicos.<\/p>\n\n\n\n<p>El obispo tambi\u00e9n subray\u00f3 los desaf\u00edos actuales de la Iglesia en una ciudad marcada por la migraci\u00f3n, la diversidad cultural y las realidades sociales propias de una zona fronteriza, animando a fortalecer una Iglesia misionera, sinodal y cercana, que salga al encuentro de todos, especialmente de los m\u00e1s vulnerables, los j\u00f3venes y las familias.<\/p>\n\n\n\n<p>Durante la liturgia de las ofrendas, se presentaron signos cargados de sentido, como velas que representaban los cinco continentes, expresi\u00f3n de la universalidad de la Iglesia, junto a una imagen de San Marcos ofrecida por integrantes de bailes religiosos, reflejando la profunda devoci\u00f3n del pueblo.<\/p>\n\n\n\n<p>Como gesto final, el obispo hizo entrega de una imagen del patrono a los p\u00e1rrocos de la di\u00f3cesis, envi\u00e1ndolos a sus comunidades como signo de comuni\u00f3n y misi\u00f3n compartida, en este tiempo jubilar.<\/p>\n\n\n\n<p>De este modo, la Iglesia de Arica celebr\u00f3 sus 40 a\u00f1os renovando su identidad y su compromiso evangelizador, reafirmando su vocaci\u00f3n de ser una comunidad viva, que camina unida, anuncia a Jesucristo y sirve con esperanza en el extremo norte del pa\u00eds.<\/p>\n\n\n\n<p><strong>Fuente: Comunicaciones Arica<\/strong><br><em>Arica, 27-04-2026<\/em><\/p>\n\n\n\n<figure class=\"wp-block-gallery has-nested-images columns-default is-cropped wp-block-gallery-1 is-layout-flex wp-block-gallery-is-layout-flex\">\n<figure class=\"wp-block-image size-large\"><a href=\"https:\/\/obispadoarica.cl\/home\/wp-content\/uploads\/2026\/04\/img_gale_69f01ec2b1e01_27042026.jpeg\"><img fetchpriority=\"high\" decoding=\"async\" width=\"1000\" height=\"562\" data-id=\"5093\" src=\"https:\/\/obispadoarica.cl\/home\/wp-content\/uploads\/2026\/04\/img_gale_69f01ec2b1e01_27042026.jpeg\" alt=\"\" class=\"wp-image-5093\" srcset=\"https:\/\/obispadoarica.cl\/home\/wp-content\/uploads\/2026\/04\/img_gale_69f01ec2b1e01_27042026.jpeg 1000w, https:\/\/obispadoarica.cl\/home\/wp-content\/uploads\/2026\/04\/img_gale_69f01ec2b1e01_27042026-300x169.jpeg 300w, https:\/\/obispadoarica.cl\/home\/wp-content\/uploads\/2026\/04\/img_gale_69f01ec2b1e01_27042026-768x432.jpeg 768w\" sizes=\"(max-width: 1000px) 100vw, 1000px\" \/><\/a><\/figure>\n\n\n\n<figure class=\"wp-block-image size-large\"><a href=\"https:\/\/obispadoarica.cl\/home\/wp-content\/uploads\/2026\/04\/img_gale_69f01ec28fbf7_27042026.jpeg\"><img decoding=\"async\" width=\"450\" height=\"800\" data-id=\"5092\" src=\"https:\/\/obispadoarica.cl\/home\/wp-content\/uploads\/2026\/04\/img_gale_69f01ec28fbf7_27042026.jpeg\" alt=\"\" class=\"wp-image-5092\" srcset=\"https:\/\/obispadoarica.cl\/home\/wp-content\/uploads\/2026\/04\/img_gale_69f01ec28fbf7_27042026.jpeg 450w, https:\/\/obispadoarica.cl\/home\/wp-content\/uploads\/2026\/04\/img_gale_69f01ec28fbf7_27042026-169x300.jpeg 169w\" sizes=\"(max-width: 450px) 100vw, 450px\" \/><\/a><\/figure>\n\n\n\n<figure class=\"wp-block-image size-large\"><a href=\"https:\/\/obispadoarica.cl\/home\/wp-content\/uploads\/2026\/04\/img_gale_69f01ec26ca3b_27042026.jpeg\"><img decoding=\"async\" width=\"450\" height=\"800\" data-id=\"5105\" src=\"https:\/\/obispadoarica.cl\/home\/wp-content\/uploads\/2026\/04\/img_gale_69f01ec26ca3b_27042026.jpeg\" alt=\"\" class=\"wp-image-5105\" srcset=\"https:\/\/obispadoarica.cl\/home\/wp-content\/uploads\/2026\/04\/img_gale_69f01ec26ca3b_27042026.jpeg 450w, https:\/\/obispadoarica.cl\/home\/wp-content\/uploads\/2026\/04\/img_gale_69f01ec26ca3b_27042026-169x300.jpeg 169w\" sizes=\"(max-width: 450px) 100vw, 450px\" \/><\/a><\/figure>\n\n\n\n<figure class=\"wp-block-image size-large\"><a href=\"https:\/\/obispadoarica.cl\/home\/wp-content\/uploads\/2026\/04\/img_gale_69f01ec24860c_27042026.jpeg\"><img loading=\"lazy\" decoding=\"async\" width=\"1000\" height=\"562\" data-id=\"5098\" src=\"https:\/\/obispadoarica.cl\/home\/wp-content\/uploads\/2026\/04\/img_gale_69f01ec24860c_27042026.jpeg\" alt=\"\" class=\"wp-image-5098\" srcset=\"https:\/\/obispadoarica.cl\/home\/wp-content\/uploads\/2026\/04\/img_gale_69f01ec24860c_27042026.jpeg 1000w, https:\/\/obispadoarica.cl\/home\/wp-content\/uploads\/2026\/04\/img_gale_69f01ec24860c_27042026-300x169.jpeg 300w, https:\/\/obispadoarica.cl\/home\/wp-content\/uploads\/2026\/04\/img_gale_69f01ec24860c_27042026-768x432.jpeg 768w\" sizes=\"(max-width: 1000px) 100vw, 1000px\" \/><\/a><\/figure>\n\n\n\n<figure class=\"wp-block-image size-large\"><a href=\"https:\/\/obispadoarica.cl\/home\/wp-content\/uploads\/2026\/04\/img_gale_69f01ec2159a2_27042026.jpeg\"><img loading=\"lazy\" decoding=\"async\" width=\"1000\" height=\"562\" data-id=\"5104\" src=\"https:\/\/obispadoarica.cl\/home\/wp-content\/uploads\/2026\/04\/img_gale_69f01ec2159a2_27042026.jpeg\" alt=\"\" class=\"wp-image-5104\" srcset=\"https:\/\/obispadoarica.cl\/home\/wp-content\/uploads\/2026\/04\/img_gale_69f01ec2159a2_27042026.jpeg 1000w, https:\/\/obispadoarica.cl\/home\/wp-content\/uploads\/2026\/04\/img_gale_69f01ec2159a2_27042026-300x169.jpeg 300w, https:\/\/obispadoarica.cl\/home\/wp-content\/uploads\/2026\/04\/img_gale_69f01ec2159a2_27042026-768x432.jpeg 768w\" sizes=\"(max-width: 1000px) 100vw, 1000px\" \/><\/a><\/figure>\n\n\n\n<figure class=\"wp-block-image size-large\"><a href=\"https:\/\/obispadoarica.cl\/home\/wp-content\/uploads\/2026\/04\/img_gale_69f01ec1da077_27042026.jpeg\"><img loading=\"lazy\" decoding=\"async\" width=\"1000\" height=\"562\" data-id=\"5100\" src=\"https:\/\/obispadoarica.cl\/home\/wp-content\/uploads\/2026\/04\/img_gale_69f01ec1da077_27042026.jpeg\" alt=\"\" class=\"wp-image-5100\" srcset=\"https:\/\/obispadoarica.cl\/home\/wp-content\/uploads\/2026\/04\/img_gale_69f01ec1da077_27042026.jpeg 1000w, https:\/\/obispadoarica.cl\/home\/wp-content\/uploads\/2026\/04\/img_gale_69f01ec1da077_27042026-300x169.jpeg 300w, https:\/\/obispadoarica.cl\/home\/wp-content\/uploads\/2026\/04\/img_gale_69f01ec1da077_27042026-768x432.jpeg 768w\" sizes=\"(max-width: 1000px) 100vw, 1000px\" \/><\/a><\/figure>\n\n\n\n<figure class=\"wp-block-image size-large\"><a href=\"https:\/\/obispadoarica.cl\/home\/wp-content\/uploads\/2026\/04\/img_gale_69f01eefa2013_27042026.jpeg\"><img loading=\"lazy\" decoding=\"async\" width=\"450\" height=\"800\" data-id=\"5101\" src=\"https:\/\/obispadoarica.cl\/home\/wp-content\/uploads\/2026\/04\/img_gale_69f01eefa2013_27042026.jpeg\" alt=\"\" class=\"wp-image-5101\" srcset=\"https:\/\/obispadoarica.cl\/home\/wp-content\/uploads\/2026\/04\/img_gale_69f01eefa2013_27042026.jpeg 450w, https:\/\/obispadoarica.cl\/home\/wp-content\/uploads\/2026\/04\/img_gale_69f01eefa2013_27042026-169x300.jpeg 169w\" sizes=\"(max-width: 450px) 100vw, 450px\" \/><\/a><\/figure>\n\n\n\n<figure class=\"wp-block-image size-large\"><a href=\"https:\/\/obispadoarica.cl\/home\/wp-content\/uploads\/2026\/04\/img_gale_69f01eef7b296_27042026.jpeg\"><img loading=\"lazy\" decoding=\"async\" width=\"1000\" height=\"562\" data-id=\"5102\" src=\"https:\/\/obispadoarica.cl\/home\/wp-content\/uploads\/2026\/04\/img_gale_69f01eef7b296_27042026.jpeg\" alt=\"\" class=\"wp-image-5102\" srcset=\"https:\/\/obispadoarica.cl\/home\/wp-content\/uploads\/2026\/04\/img_gale_69f01eef7b296_27042026.jpeg 1000w, https:\/\/obispadoarica.cl\/home\/wp-content\/uploads\/2026\/04\/img_gale_69f01eef7b296_27042026-300x169.jpeg 300w, https:\/\/obispadoarica.cl\/home\/wp-content\/uploads\/2026\/04\/img_gale_69f01eef7b296_27042026-768x432.jpeg 768w\" sizes=\"(max-width: 1000px) 100vw, 1000px\" \/><\/a><\/figure>\n\n\n\n<figure class=\"wp-block-image size-large\"><a href=\"https:\/\/obispadoarica.cl\/home\/wp-content\/uploads\/2026\/04\/img_gale_69f01eef5698f_27042026.jpeg\"><img loading=\"lazy\" decoding=\"async\" width=\"450\" height=\"800\" data-id=\"5095\" src=\"https:\/\/obispadoarica.cl\/home\/wp-content\/uploads\/2026\/04\/img_gale_69f01eef5698f_27042026.jpeg\" alt=\"\" class=\"wp-image-5095\" srcset=\"https:\/\/obispadoarica.cl\/home\/wp-content\/uploads\/2026\/04\/img_gale_69f01eef5698f_27042026.jpeg 450w, https:\/\/obispadoarica.cl\/home\/wp-content\/uploads\/2026\/04\/img_gale_69f01eef5698f_27042026-169x300.jpeg 169w\" sizes=\"(max-width: 450px) 100vw, 450px\" \/><\/a><\/figure>\n\n\n\n<figure class=\"wp-block-image size-large\"><a href=\"https:\/\/obispadoarica.cl\/home\/wp-content\/uploads\/2026\/04\/img_gale_69f01eef2d355_27042026.jpeg\"><img loading=\"lazy\" decoding=\"async\" width=\"1000\" height=\"562\" data-id=\"5097\" src=\"https:\/\/obispadoarica.cl\/home\/wp-content\/uploads\/2026\/04\/img_gale_69f01eef2d355_27042026.jpeg\" alt=\"\" class=\"wp-image-5097\" srcset=\"https:\/\/obispadoarica.cl\/home\/wp-content\/uploads\/2026\/04\/img_gale_69f01eef2d355_27042026.jpeg 1000w, https:\/\/obispadoarica.cl\/home\/wp-content\/uploads\/2026\/04\/img_gale_69f01eef2d355_27042026-300x169.jpeg 300w, https:\/\/obispadoarica.cl\/home\/wp-content\/uploads\/2026\/04\/img_gale_69f01eef2d355_27042026-768x432.jpeg 768w\" sizes=\"(max-width: 1000px) 100vw, 1000px\" \/><\/a><\/figure>\n\n\n\n<figure class=\"wp-block-image size-large\"><a href=\"https:\/\/obispadoarica.cl\/home\/wp-content\/uploads\/2026\/04\/img_gale_69f01eef0db69_27042026.jpeg\"><img loading=\"lazy\" decoding=\"async\" width=\"450\" height=\"800\" data-id=\"5096\" src=\"https:\/\/obispadoarica.cl\/home\/wp-content\/uploads\/2026\/04\/img_gale_69f01eef0db69_27042026.jpeg\" alt=\"\" class=\"wp-image-5096\" srcset=\"https:\/\/obispadoarica.cl\/home\/wp-content\/uploads\/2026\/04\/img_gale_69f01eef0db69_27042026.jpeg 450w, https:\/\/obispadoarica.cl\/home\/wp-content\/uploads\/2026\/04\/img_gale_69f01eef0db69_27042026-169x300.jpeg 169w\" sizes=\"(max-width: 450px) 100vw, 450px\" \/><\/a><\/figure>\n\n\n\n<figure class=\"wp-block-image size-large\"><a href=\"https:\/\/obispadoarica.cl\/home\/wp-content\/uploads\/2026\/04\/img_gale_69f01eeedbb1a_27042026.jpeg\"><img loading=\"lazy\" decoding=\"async\" width=\"1000\" height=\"562\" data-id=\"5094\" src=\"https:\/\/obispadoarica.cl\/home\/wp-content\/uploads\/2026\/04\/img_gale_69f01eeedbb1a_27042026.jpeg\" alt=\"\" class=\"wp-image-5094\" srcset=\"https:\/\/obispadoarica.cl\/home\/wp-content\/uploads\/2026\/04\/img_gale_69f01eeedbb1a_27042026.jpeg 1000w, https:\/\/obispadoarica.cl\/home\/wp-content\/uploads\/2026\/04\/img_gale_69f01eeedbb1a_27042026-300x169.jpeg 300w, https:\/\/obispadoarica.cl\/home\/wp-content\/uploads\/2026\/04\/img_gale_69f01eeedbb1a_27042026-768x432.jpeg 768w\" sizes=\"(max-width: 1000px) 100vw, 1000px\" \/><\/a><\/figure>\n\n\n\n<figure class=\"wp-block-image size-large\"><a href=\"https:\/\/obispadoarica.cl\/home\/wp-content\/uploads\/2026\/04\/img_gale_69f01eeeb8d1b_27042026-1.jpeg\"><img loading=\"lazy\" decoding=\"async\" width=\"450\" height=\"800\" data-id=\"5099\" src=\"https:\/\/obispadoarica.cl\/home\/wp-content\/uploads\/2026\/04\/img_gale_69f01eeeb8d1b_27042026-1.jpeg\" alt=\"\" class=\"wp-image-5099\" srcset=\"https:\/\/obispadoarica.cl\/home\/wp-content\/uploads\/2026\/04\/img_gale_69f01eeeb8d1b_27042026-1.jpeg 450w, https:\/\/obispadoarica.cl\/home\/wp-content\/uploads\/2026\/04\/img_gale_69f01eeeb8d1b_27042026-1-169x300.jpeg 169w\" sizes=\"(max-width: 450px) 100vw, 450px\" \/><\/a><\/figure>\n\n\n\n<figure class=\"wp-block-image size-large\"><a href=\"https:\/\/obispadoarica.cl\/home\/wp-content\/uploads\/2026\/04\/img_gale_69f01eeeb8d1b_27042026.jpeg\"><img loading=\"lazy\" decoding=\"async\" width=\"450\" height=\"800\" data-id=\"5103\" src=\"https:\/\/obispadoarica.cl\/home\/wp-content\/uploads\/2026\/04\/img_gale_69f01eeeb8d1b_27042026.jpeg\" alt=\"\" class=\"wp-image-5103\" srcset=\"https:\/\/obispadoarica.cl\/home\/wp-content\/uploads\/2026\/04\/img_gale_69f01eeeb8d1b_27042026.jpeg 450w, https:\/\/obispadoarica.cl\/home\/wp-content\/uploads\/2026\/04\/img_gale_69f01eeeb8d1b_27042026-169x300.jpeg 169w\" sizes=\"(max-width: 450px) 100vw, 450px\" \/><\/a><\/figure>\n<\/figure>\n\n\n\n<figure class=\"wp-block-gallery has-nested-images columns-default is-cropped wp-block-gallery-2 is-layout-flex wp-block-gallery-is-layout-flex\">\n<figure class=\"wp-block-image size-large\"><a href=\"https:\/\/obispadoarica.cl\/home\/wp-content\/uploads\/2026\/04\/img_gale_69f01dd3de610_27042026.jpeg\"><img loading=\"lazy\" decoding=\"async\" width=\"1000\" height=\"562\" data-id=\"5108\" src=\"https:\/\/obispadoarica.cl\/home\/wp-content\/uploads\/2026\/04\/img_gale_69f01dd3de610_27042026.jpeg\" alt=\"\" class=\"wp-image-5108\" srcset=\"https:\/\/obispadoarica.cl\/home\/wp-content\/uploads\/2026\/04\/img_gale_69f01dd3de610_27042026.jpeg 1000w, https:\/\/obispadoarica.cl\/home\/wp-content\/uploads\/2026\/04\/img_gale_69f01dd3de610_27042026-300x169.jpeg 300w, https:\/\/obispadoarica.cl\/home\/wp-content\/uploads\/2026\/04\/img_gale_69f01dd3de610_27042026-768x432.jpeg 768w\" sizes=\"(max-width: 1000px) 100vw, 1000px\" \/><\/a><\/figure>\n\n\n\n<figure class=\"wp-block-image size-large\"><a href=\"https:\/\/obispadoarica.cl\/home\/wp-content\/uploads\/2026\/04\/img_gale_69f01dd3d829c_27042026.jpeg\"><img loading=\"lazy\" decoding=\"async\" width=\"450\" height=\"800\" data-id=\"5111\" src=\"https:\/\/obispadoarica.cl\/home\/wp-content\/uploads\/2026\/04\/img_gale_69f01dd3d829c_27042026.jpeg\" alt=\"\" class=\"wp-image-5111\" srcset=\"https:\/\/obispadoarica.cl\/home\/wp-content\/uploads\/2026\/04\/img_gale_69f01dd3d829c_27042026.jpeg 450w, https:\/\/obispadoarica.cl\/home\/wp-content\/uploads\/2026\/04\/img_gale_69f01dd3d829c_27042026-169x300.jpeg 169w\" sizes=\"(max-width: 450px) 100vw, 450px\" \/><\/a><\/figure>\n\n\n\n<figure class=\"wp-block-image size-large\"><a href=\"https:\/\/obispadoarica.cl\/home\/wp-content\/uploads\/2026\/04\/img_gale_69f01dd3d1bd3_27042026.jpeg\"><img loading=\"lazy\" decoding=\"async\" width=\"450\" height=\"800\" data-id=\"5115\" src=\"https:\/\/obispadoarica.cl\/home\/wp-content\/uploads\/2026\/04\/img_gale_69f01dd3d1bd3_27042026.jpeg\" alt=\"\" class=\"wp-image-5115\" srcset=\"https:\/\/obispadoarica.cl\/home\/wp-content\/uploads\/2026\/04\/img_gale_69f01dd3d1bd3_27042026.jpeg 450w, https:\/\/obispadoarica.cl\/home\/wp-content\/uploads\/2026\/04\/img_gale_69f01dd3d1bd3_27042026-169x300.jpeg 169w\" sizes=\"(max-width: 450px) 100vw, 450px\" \/><\/a><\/figure>\n\n\n\n<figure class=\"wp-block-image size-large\"><a href=\"https:\/\/obispadoarica.cl\/home\/wp-content\/uploads\/2026\/04\/img_gale_69f01dd3cb4b2_27042026.jpeg\"><img loading=\"lazy\" decoding=\"async\" width=\"450\" height=\"800\" data-id=\"5117\" src=\"https:\/\/obispadoarica.cl\/home\/wp-content\/uploads\/2026\/04\/img_gale_69f01dd3cb4b2_27042026.jpeg\" alt=\"\" class=\"wp-image-5117\" srcset=\"https:\/\/obispadoarica.cl\/home\/wp-content\/uploads\/2026\/04\/img_gale_69f01dd3cb4b2_27042026.jpeg 450w, https:\/\/obispadoarica.cl\/home\/wp-content\/uploads\/2026\/04\/img_gale_69f01dd3cb4b2_27042026-169x300.jpeg 169w\" sizes=\"(max-width: 450px) 100vw, 450px\" \/><\/a><\/figure>\n\n\n\n<figure class=\"wp-block-image size-large\"><a href=\"https:\/\/obispadoarica.cl\/home\/wp-content\/uploads\/2026\/04\/img_gale_69f01dd3c43f3_27042026.jpeg\"><img loading=\"lazy\" decoding=\"async\" width=\"450\" height=\"800\" data-id=\"5110\" src=\"https:\/\/obispadoarica.cl\/home\/wp-content\/uploads\/2026\/04\/img_gale_69f01dd3c43f3_27042026.jpeg\" alt=\"\" class=\"wp-image-5110\" srcset=\"https:\/\/obispadoarica.cl\/home\/wp-content\/uploads\/2026\/04\/img_gale_69f01dd3c43f3_27042026.jpeg 450w, https:\/\/obispadoarica.cl\/home\/wp-content\/uploads\/2026\/04\/img_gale_69f01dd3c43f3_27042026-169x300.jpeg 169w\" sizes=\"(max-width: 450px) 100vw, 450px\" \/><\/a><\/figure>\n\n\n\n<figure class=\"wp-block-image size-large\"><a href=\"https:\/\/obispadoarica.cl\/home\/wp-content\/uploads\/2026\/04\/img_gale_69f01dd3bdab5_27042026.jpeg\"><img loading=\"lazy\" decoding=\"async\" width=\"450\" height=\"800\" data-id=\"5113\" src=\"https:\/\/obispadoarica.cl\/home\/wp-content\/uploads\/2026\/04\/img_gale_69f01dd3bdab5_27042026.jpeg\" alt=\"\" class=\"wp-image-5113\" srcset=\"https:\/\/obispadoarica.cl\/home\/wp-content\/uploads\/2026\/04\/img_gale_69f01dd3bdab5_27042026.jpeg 450w, https:\/\/obispadoarica.cl\/home\/wp-content\/uploads\/2026\/04\/img_gale_69f01dd3bdab5_27042026-169x300.jpeg 169w\" sizes=\"(max-width: 450px) 100vw, 450px\" \/><\/a><\/figure>\n\n\n\n<figure class=\"wp-block-image size-large\"><a href=\"https:\/\/obispadoarica.cl\/home\/wp-content\/uploads\/2026\/04\/img_gale_69f01dd3b6fa5_27042026.jpeg\"><img loading=\"lazy\" decoding=\"async\" width=\"450\" height=\"800\" data-id=\"5119\" src=\"https:\/\/obispadoarica.cl\/home\/wp-content\/uploads\/2026\/04\/img_gale_69f01dd3b6fa5_27042026.jpeg\" alt=\"\" class=\"wp-image-5119\" srcset=\"https:\/\/obispadoarica.cl\/home\/wp-content\/uploads\/2026\/04\/img_gale_69f01dd3b6fa5_27042026.jpeg 450w, https:\/\/obispadoarica.cl\/home\/wp-content\/uploads\/2026\/04\/img_gale_69f01dd3b6fa5_27042026-169x300.jpeg 169w\" sizes=\"(max-width: 450px) 100vw, 450px\" \/><\/a><\/figure>\n\n\n\n<figure class=\"wp-block-image size-large\"><a href=\"https:\/\/obispadoarica.cl\/home\/wp-content\/uploads\/2026\/04\/img_gale_69f01dd3b0e48_27042026.jpeg\"><img loading=\"lazy\" decoding=\"async\" width=\"450\" height=\"800\" data-id=\"5112\" src=\"https:\/\/obispadoarica.cl\/home\/wp-content\/uploads\/2026\/04\/img_gale_69f01dd3b0e48_27042026.jpeg\" alt=\"\" class=\"wp-image-5112\" srcset=\"https:\/\/obispadoarica.cl\/home\/wp-content\/uploads\/2026\/04\/img_gale_69f01dd3b0e48_27042026.jpeg 450w, https:\/\/obispadoarica.cl\/home\/wp-content\/uploads\/2026\/04\/img_gale_69f01dd3b0e48_27042026-169x300.jpeg 169w\" sizes=\"(max-width: 450px) 100vw, 450px\" \/><\/a><\/figure>\n\n\n\n<figure class=\"wp-block-image size-large\"><a href=\"https:\/\/obispadoarica.cl\/home\/wp-content\/uploads\/2026\/04\/img_gale_69f01dd3aa6bb_27042026.jpeg\"><img loading=\"lazy\" decoding=\"async\" width=\"450\" height=\"800\" data-id=\"5118\" src=\"https:\/\/obispadoarica.cl\/home\/wp-content\/uploads\/2026\/04\/img_gale_69f01dd3aa6bb_27042026.jpeg\" alt=\"\" class=\"wp-image-5118\" srcset=\"https:\/\/obispadoarica.cl\/home\/wp-content\/uploads\/2026\/04\/img_gale_69f01dd3aa6bb_27042026.jpeg 450w, https:\/\/obispadoarica.cl\/home\/wp-content\/uploads\/2026\/04\/img_gale_69f01dd3aa6bb_27042026-169x300.jpeg 169w\" sizes=\"(max-width: 450px) 100vw, 450px\" \/><\/a><\/figure>\n\n\n\n<figure class=\"wp-block-image size-large\"><a href=\"https:\/\/obispadoarica.cl\/home\/wp-content\/uploads\/2026\/04\/img_gale_69f01dd3a4a57_27042026.jpeg\"><img loading=\"lazy\" decoding=\"async\" width=\"450\" height=\"800\" data-id=\"5106\" src=\"https:\/\/obispadoarica.cl\/home\/wp-content\/uploads\/2026\/04\/img_gale_69f01dd3a4a57_27042026.jpeg\" alt=\"\" class=\"wp-image-5106\" srcset=\"https:\/\/obispadoarica.cl\/home\/wp-content\/uploads\/2026\/04\/img_gale_69f01dd3a4a57_27042026.jpeg 450w, https:\/\/obispadoarica.cl\/home\/wp-content\/uploads\/2026\/04\/img_gale_69f01dd3a4a57_27042026-169x300.jpeg 169w\" sizes=\"(max-width: 450px) 100vw, 450px\" \/><\/a><\/figure>\n\n\n\n<figure class=\"wp-block-image size-large\"><a href=\"https:\/\/obispadoarica.cl\/home\/wp-content\/uploads\/2026\/04\/img_gale_69f01dd39e4bd_27042026.jpeg\"><img loading=\"lazy\" decoding=\"async\" width=\"450\" height=\"800\" data-id=\"5107\" src=\"https:\/\/obispadoarica.cl\/home\/wp-content\/uploads\/2026\/04\/img_gale_69f01dd39e4bd_27042026.jpeg\" alt=\"\" class=\"wp-image-5107\" srcset=\"https:\/\/obispadoarica.cl\/home\/wp-content\/uploads\/2026\/04\/img_gale_69f01dd39e4bd_27042026.jpeg 450w, https:\/\/obispadoarica.cl\/home\/wp-content\/uploads\/2026\/04\/img_gale_69f01dd39e4bd_27042026-169x300.jpeg 169w\" sizes=\"(max-width: 450px) 100vw, 450px\" \/><\/a><\/figure>\n\n\n\n<figure class=\"wp-block-image size-large\"><a href=\"https:\/\/obispadoarica.cl\/home\/wp-content\/uploads\/2026\/04\/img_gale_69f01dd3936e5_27042026.jpeg\"><img loading=\"lazy\" decoding=\"async\" width=\"450\" height=\"800\" data-id=\"5114\" src=\"https:\/\/obispadoarica.cl\/home\/wp-content\/uploads\/2026\/04\/img_gale_69f01dd3936e5_27042026.jpeg\" alt=\"\" class=\"wp-image-5114\" srcset=\"https:\/\/obispadoarica.cl\/home\/wp-content\/uploads\/2026\/04\/img_gale_69f01dd3936e5_27042026.jpeg 450w, https:\/\/obispadoarica.cl\/home\/wp-content\/uploads\/2026\/04\/img_gale_69f01dd3936e5_27042026-169x300.jpeg 169w\" sizes=\"(max-width: 450px) 100vw, 450px\" \/><\/a><\/figure>\n\n\n\n<figure class=\"wp-block-image size-large\"><a href=\"https:\/\/obispadoarica.cl\/home\/wp-content\/uploads\/2026\/04\/img_gale_69f01e90affc9_27042026.jpeg\"><img loading=\"lazy\" decoding=\"async\" width=\"1000\" height=\"562\" data-id=\"5122\" src=\"https:\/\/obispadoarica.cl\/home\/wp-content\/uploads\/2026\/04\/img_gale_69f01e90affc9_27042026.jpeg\" alt=\"\" class=\"wp-image-5122\" srcset=\"https:\/\/obispadoarica.cl\/home\/wp-content\/uploads\/2026\/04\/img_gale_69f01e90affc9_27042026.jpeg 1000w, https:\/\/obispadoarica.cl\/home\/wp-content\/uploads\/2026\/04\/img_gale_69f01e90affc9_27042026-300x169.jpeg 300w, https:\/\/obispadoarica.cl\/home\/wp-content\/uploads\/2026\/04\/img_gale_69f01e90affc9_27042026-768x432.jpeg 768w\" sizes=\"(max-width: 1000px) 100vw, 1000px\" \/><\/a><\/figure>\n\n\n\n<figure class=\"wp-block-image size-large\"><a href=\"https:\/\/obispadoarica.cl\/home\/wp-content\/uploads\/2026\/04\/img_gale_69f01e90a9d81_27042026.jpeg\"><img loading=\"lazy\" decoding=\"async\" width=\"450\" height=\"800\" data-id=\"5120\" src=\"https:\/\/obispadoarica.cl\/home\/wp-content\/uploads\/2026\/04\/img_gale_69f01e90a9d81_27042026.jpeg\" alt=\"\" class=\"wp-image-5120\" srcset=\"https:\/\/obispadoarica.cl\/home\/wp-content\/uploads\/2026\/04\/img_gale_69f01e90a9d81_27042026.jpeg 450w, https:\/\/obispadoarica.cl\/home\/wp-content\/uploads\/2026\/04\/img_gale_69f01e90a9d81_27042026-169x300.jpeg 169w\" sizes=\"(max-width: 450px) 100vw, 450px\" \/><\/a><\/figure>\n\n\n\n<figure class=\"wp-block-image size-large\"><a href=\"https:\/\/obispadoarica.cl\/home\/wp-content\/uploads\/2026\/04\/img_gale_69f01e90a3955_27042026.jpeg\"><img loading=\"lazy\" decoding=\"async\" width=\"450\" height=\"800\" data-id=\"5121\" src=\"https:\/\/obispadoarica.cl\/home\/wp-content\/uploads\/2026\/04\/img_gale_69f01e90a3955_27042026.jpeg\" alt=\"\" class=\"wp-image-5121\" srcset=\"https:\/\/obispadoarica.cl\/home\/wp-content\/uploads\/2026\/04\/img_gale_69f01e90a3955_27042026.jpeg 450w, https:\/\/obispadoarica.cl\/home\/wp-content\/uploads\/2026\/04\/img_gale_69f01e90a3955_27042026-169x300.jpeg 169w\" sizes=\"(max-width: 450px) 100vw, 450px\" \/><\/a><\/figure>\n\n\n\n<figure class=\"wp-block-image size-large\"><a href=\"https:\/\/obispadoarica.cl\/home\/wp-content\/uploads\/2026\/04\/img_gale_69f01e909d763_27042026.jpeg\"><img loading=\"lazy\" decoding=\"async\" width=\"450\" height=\"800\" data-id=\"5109\" src=\"https:\/\/obispadoarica.cl\/home\/wp-content\/uploads\/2026\/04\/img_gale_69f01e909d763_27042026.jpeg\" alt=\"\" class=\"wp-image-5109\" srcset=\"https:\/\/obispadoarica.cl\/home\/wp-content\/uploads\/2026\/04\/img_gale_69f01e909d763_27042026.jpeg 450w, https:\/\/obispadoarica.cl\/home\/wp-content\/uploads\/2026\/04\/img_gale_69f01e909d763_27042026-169x300.jpeg 169w\" sizes=\"(max-width: 450px) 100vw, 450px\" \/><\/a><\/figure>\n\n\n\n<figure class=\"wp-block-image size-large\"><a href=\"https:\/\/obispadoarica.cl\/home\/wp-content\/uploads\/2026\/04\/img_gale_69f01e9094f5a_27042026.jpeg\"><img loading=\"lazy\" decoding=\"async\" width=\"450\" height=\"800\" data-id=\"5116\" src=\"https:\/\/obispadoarica.cl\/home\/wp-content\/uploads\/2026\/04\/img_gale_69f01e9094f5a_27042026.jpeg\" alt=\"\" class=\"wp-image-5116\" srcset=\"https:\/\/obispadoarica.cl\/home\/wp-content\/uploads\/2026\/04\/img_gale_69f01e9094f5a_27042026.jpeg 450w, https:\/\/obispadoarica.cl\/home\/wp-content\/uploads\/2026\/04\/img_gale_69f01e9094f5a_27042026-169x300.jpeg 169w\" sizes=\"(max-width: 450px) 100vw, 450px\" \/><\/a><\/figure>\n\n\n\n<figure class=\"wp-block-image size-large\"><a href=\"https:\/\/obispadoarica.cl\/home\/wp-content\/uploads\/2026\/04\/img_gale_69f01e9087cd0_27042026.jpeg\"><img loading=\"lazy\" decoding=\"async\" width=\"450\" height=\"800\" data-id=\"5123\" src=\"https:\/\/obispadoarica.cl\/home\/wp-content\/uploads\/2026\/04\/img_gale_69f01e9087cd0_27042026.jpeg\" alt=\"\" class=\"wp-image-5123\" srcset=\"https:\/\/obispadoarica.cl\/home\/wp-content\/uploads\/2026\/04\/img_gale_69f01e9087cd0_27042026.jpeg 450w, https:\/\/obispadoarica.cl\/home\/wp-content\/uploads\/2026\/04\/img_gale_69f01e9087cd0_27042026-169x300.jpeg 169w\" sizes=\"(max-width: 450px) 100vw, 450px\" \/><\/a><\/figure>\n<\/figure>\n","protected":false},"excerpt":{"rendered":"<p>En un clima de fe, gratitud y profunda comuni\u00f3n eclesial, la Di\u00f3cesis de San Marcos de Arica conmemor\u00f3 sus 40 a\u00f1os de vida celebrando a su patrono, San Marcos Evangelista, mediante dos momentos significativos que marcaron este tiempo de gracia: el acto acad\u00e9mico conmemorativo y la solemne Eucarist\u00eda diocesana. Las celebraciones se iniciaron el viernes [&#8230;]\n","protected":false},"author":2,"featured_media":5094,"comment_status":"closed","ping_status":"open","sticky":false,"template":"","format":"standard","meta":{"footnotes":""},"categories":[7],"tags":[],"class_list":["post-5091","post","type-post","status-publish","format-standard","has-post-thumbnail","hentry","category-noticias"],"yoast_head":"<!-- This site is optimized with the Yoast SEO plugin v24.6 - https:\/\/yoast.com\/wordpress\/plugins\/seo\/ -->\n<title>Di\u00f3cesis de San Marcos de Arica celebra 40 a\u00f1os de vida junto a su patrono con un llamado a la memoria agradecida y la misi\u00f3n - Obispado San Marcos de Arica<\/title>\n<meta name=\"robots\" content=\"index, follow, max-snippet:-1, max-image-preview:large, max-video-preview:-1\" \/>\n<link rel=\"canonical\" href=\"https:\/\/obispadoarica.cl\/home\/diocesis-de-san-marcos-de-arica-celebra-40-anos-de-vida-junto-a-su-patrono-con-un-llamado-a-la-memoria-agradecida-y-la-mision\/\" \/>\n<meta property=\"og:locale\" content=\"es_ES\" \/>\n<meta property=\"og:type\" content=\"article\" \/>\n<meta property=\"og:title\" content=\"Di\u00f3cesis de San Marcos de Arica celebra 40 a\u00f1os de vida junto a su patrono con un llamado a la memoria agradecida y la misi\u00f3n - Obispado San Marcos de Arica\" \/>\n<meta property=\"og:description\" content=\"En un clima de fe, gratitud y profunda comuni\u00f3n eclesial, la Di\u00f3cesis de San Marcos de Arica conmemor\u00f3 sus 40 a\u00f1os de vida celebrando a su patrono, San Marcos Evangelista, mediante dos momentos significativos que marcaron este tiempo de gracia: el acto acad\u00e9mico conmemorativo y la solemne Eucarist\u00eda diocesana. Las celebraciones se iniciaron el viernes [...]\" \/>\n<meta property=\"og:url\" content=\"https:\/\/obispadoarica.cl\/home\/diocesis-de-san-marcos-de-arica-celebra-40-anos-de-vida-junto-a-su-patrono-con-un-llamado-a-la-memoria-agradecida-y-la-mision\/\" \/>\n<meta property=\"og:site_name\" content=\"Obispado San Marcos de Arica\" \/>\n<meta property=\"article:published_time\" content=\"2026-04-29T13:50:19+00:00\" \/>\n<meta property=\"article:modified_time\" content=\"2026-04-29T13:51:08+00:00\" \/>\n<meta property=\"og:image\" content=\"https:\/\/obispadoarica.cl\/home\/wp-content\/uploads\/2026\/04\/img_gale_69f01eeedbb1a_27042026.jpeg\" \/>\n\t<meta property=\"og:image:width\" content=\"1000\" \/>\n\t<meta property=\"og:image:height\" content=\"562\" \/>\n\t<meta property=\"og:image:type\" content=\"image\/jpeg\" \/>\n<meta name=\"author\" content=\"Obispado de Arica\" \/>\n<meta name=\"twitter:card\" content=\"summary_large_image\" \/>\n<meta name=\"twitter:label1\" content=\"Escrito por\" \/>\n\t<meta name=\"twitter:data1\" content=\"Obispado de Arica\" \/>\n\t<meta name=\"twitter:label2\" content=\"Tiempo de lectura\" \/>\n\t<meta name=\"twitter:data2\" content=\"9 minutos\" \/>\n<script type=\"application\/ld+json\" class=\"yoast-schema-graph\">{\"@context\":\"https:\/\/schema.org\",\"@graph\":[{\"@type\":\"WebPage\",\"@id\":\"https:\/\/obispadoarica.cl\/home\/diocesis-de-san-marcos-de-arica-celebra-40-anos-de-vida-junto-a-su-patrono-con-un-llamado-a-la-memoria-agradecida-y-la-mision\/\",\"url\":\"https:\/\/obispadoarica.cl\/home\/diocesis-de-san-marcos-de-arica-celebra-40-anos-de-vida-junto-a-su-patrono-con-un-llamado-a-la-memoria-agradecida-y-la-mision\/\",\"name\":\"Di\u00f3cesis de San Marcos de Arica celebra 40 a\u00f1os de vida junto a su patrono con un llamado a la memoria agradecida y la misi\u00f3n - Obispado San Marcos de Arica\",\"isPartOf\":{\"@id\":\"https:\/\/obispadoarica.cl\/home\/#website\"},\"primaryImageOfPage\":{\"@id\":\"https:\/\/obispadoarica.cl\/home\/diocesis-de-san-marcos-de-arica-celebra-40-anos-de-vida-junto-a-su-patrono-con-un-llamado-a-la-memoria-agradecida-y-la-mision\/#primaryimage\"},\"image\":{\"@id\":\"https:\/\/obispadoarica.cl\/home\/diocesis-de-san-marcos-de-arica-celebra-40-anos-de-vida-junto-a-su-patrono-con-un-llamado-a-la-memoria-agradecida-y-la-mision\/#primaryimage\"},\"thumbnailUrl\":\"https:\/\/obispadoarica.cl\/home\/wp-content\/uploads\/2026\/04\/img_gale_69f01eeedbb1a_27042026.jpeg\",\"datePublished\":\"2026-04-29T13:50:19+00:00\",\"dateModified\":\"2026-04-29T13:51:08+00:00\",\"author\":{\"@id\":\"https:\/\/obispadoarica.cl\/home\/#\/schema\/person\/1a8f4c2a3418412187dff039ecf9d97e\"},\"breadcrumb\":{\"@id\":\"https:\/\/obispadoarica.cl\/home\/diocesis-de-san-marcos-de-arica-celebra-40-anos-de-vida-junto-a-su-patrono-con-un-llamado-a-la-memoria-agradecida-y-la-mision\/#breadcrumb\"},\"inLanguage\":\"es\",\"potentialAction\":[{\"@type\":\"ReadAction\",\"target\":[\"https:\/\/obispadoarica.cl\/home\/diocesis-de-san-marcos-de-arica-celebra-40-anos-de-vida-junto-a-su-patrono-con-un-llamado-a-la-memoria-agradecida-y-la-mision\/\"]}]},{\"@type\":\"ImageObject\",\"inLanguage\":\"es\",\"@id\":\"https:\/\/obispadoarica.cl\/home\/diocesis-de-san-marcos-de-arica-celebra-40-anos-de-vida-junto-a-su-patrono-con-un-llamado-a-la-memoria-agradecida-y-la-mision\/#primaryimage\",\"url\":\"https:\/\/obispadoarica.cl\/home\/wp-content\/uploads\/2026\/04\/img_gale_69f01eeedbb1a_27042026.jpeg\",\"contentUrl\":\"https:\/\/obispadoarica.cl\/home\/wp-content\/uploads\/2026\/04\/img_gale_69f01eeedbb1a_27042026.jpeg\",\"width\":1000,\"height\":562},{\"@type\":\"BreadcrumbList\",\"@id\":\"https:\/\/obispadoarica.cl\/home\/diocesis-de-san-marcos-de-arica-celebra-40-anos-de-vida-junto-a-su-patrono-con-un-llamado-a-la-memoria-agradecida-y-la-mision\/#breadcrumb\",\"itemListElement\":[{\"@type\":\"ListItem\",\"position\":1,\"name\":\"Portada\",\"item\":\"https:\/\/obispadoarica.cl\/home\/\"},{\"@type\":\"ListItem\",\"position\":2,\"name\":\"Di\u00f3cesis de San Marcos de Arica celebra 40 a\u00f1os de vida junto a su patrono con un llamado a la memoria agradecida y la misi\u00f3n\"}]},{\"@type\":\"WebSite\",\"@id\":\"https:\/\/obispadoarica.cl\/home\/#website\",\"url\":\"https:\/\/obispadoarica.cl\/home\/\",\"name\":\"Obispado San Marcos de Arica\",\"description\":\"Di\u00f3cesis San Marcos de Arica\",\"potentialAction\":[{\"@type\":\"SearchAction\",\"target\":{\"@type\":\"EntryPoint\",\"urlTemplate\":\"https:\/\/obispadoarica.cl\/home\/?s={search_term_string}\"},\"query-input\":{\"@type\":\"PropertyValueSpecification\",\"valueRequired\":true,\"valueName\":\"search_term_string\"}}],\"inLanguage\":\"es\"},{\"@type\":\"Person\",\"@id\":\"https:\/\/obispadoarica.cl\/home\/#\/schema\/person\/1a8f4c2a3418412187dff039ecf9d97e\",\"name\":\"Obispado de Arica\",\"image\":{\"@type\":\"ImageObject\",\"inLanguage\":\"es\",\"@id\":\"https:\/\/obispadoarica.cl\/home\/#\/schema\/person\/image\/\",\"url\":\"https:\/\/secure.gravatar.com\/avatar\/c75d5ceafb11502016ed664658884b0b1b183fa6f96260878f47ac58f950c8d9?s=96&d=mm&r=g\",\"contentUrl\":\"https:\/\/secure.gravatar.com\/avatar\/c75d5ceafb11502016ed664658884b0b1b183fa6f96260878f47ac58f950c8d9?s=96&d=mm&r=g\",\"caption\":\"Obispado de Arica\"},\"url\":\"https:\/\/obispadoarica.cl\/home\/author\/c1300590\/\"}]}<\/script>\n<!-- \/ Yoast SEO plugin. -->","yoast_head_json":{"title":"Di\u00f3cesis de San Marcos de Arica celebra 40 a\u00f1os de vida junto a su patrono con un llamado a la memoria agradecida y la misi\u00f3n - Obispado San Marcos de Arica","robots":{"index":"index","follow":"follow","max-snippet":"max-snippet:-1","max-image-preview":"max-image-preview:large","max-video-preview":"max-video-preview:-1"},"canonical":"https:\/\/obispadoarica.cl\/home\/diocesis-de-san-marcos-de-arica-celebra-40-anos-de-vida-junto-a-su-patrono-con-un-llamado-a-la-memoria-agradecida-y-la-mision\/","og_locale":"es_ES","og_type":"article","og_title":"Di\u00f3cesis de San Marcos de Arica celebra 40 a\u00f1os de vida junto a su patrono con un llamado a la memoria agradecida y la misi\u00f3n - Obispado San Marcos de Arica","og_description":"En un clima de fe, gratitud y profunda comuni\u00f3n eclesial, la Di\u00f3cesis de San Marcos de Arica conmemor\u00f3 sus 40 a\u00f1os de vida celebrando a su patrono, San Marcos Evangelista, mediante dos momentos significativos que marcaron este tiempo de gracia: el acto acad\u00e9mico conmemorativo y la solemne Eucarist\u00eda diocesana. Las celebraciones se iniciaron el viernes [...]","og_url":"https:\/\/obispadoarica.cl\/home\/diocesis-de-san-marcos-de-arica-celebra-40-anos-de-vida-junto-a-su-patrono-con-un-llamado-a-la-memoria-agradecida-y-la-mision\/","og_site_name":"Obispado San Marcos de Arica","article_published_time":"2026-04-29T13:50:19+00:00","article_modified_time":"2026-04-29T13:51:08+00:00","og_image":[{"width":1000,"height":562,"url":"https:\/\/obispadoarica.cl\/home\/wp-content\/uploads\/2026\/04\/img_gale_69f01eeedbb1a_27042026.jpeg","type":"image\/jpeg"}],"author":"Obispado de Arica","twitter_card":"summary_large_image","twitter_misc":{"Escrito por":"Obispado de Arica","Tiempo de lectura":"9 minutos"},"schema":{"@context":"https:\/\/schema.org","@graph":[{"@type":"WebPage","@id":"https:\/\/obispadoarica.cl\/home\/diocesis-de-san-marcos-de-arica-celebra-40-anos-de-vida-junto-a-su-patrono-con-un-llamado-a-la-memoria-agradecida-y-la-mision\/","url":"https:\/\/obispadoarica.cl\/home\/diocesis-de-san-marcos-de-arica-celebra-40-anos-de-vida-junto-a-su-patrono-con-un-llamado-a-la-memoria-agradecida-y-la-mision\/","name":"Di\u00f3cesis de San Marcos de Arica celebra 40 a\u00f1os de vida junto a su patrono con un llamado a la memoria agradecida y la misi\u00f3n - Obispado San Marcos de Arica","isPartOf":{"@id":"https:\/\/obispadoarica.cl\/home\/#website"},"primaryImageOfPage":{"@id":"https:\/\/obispadoarica.cl\/home\/diocesis-de-san-marcos-de-arica-celebra-40-anos-de-vida-junto-a-su-patrono-con-un-llamado-a-la-memoria-agradecida-y-la-mision\/#primaryimage"},"image":{"@id":"https:\/\/obispadoarica.cl\/home\/diocesis-de-san-marcos-de-arica-celebra-40-anos-de-vida-junto-a-su-patrono-con-un-llamado-a-la-memoria-agradecida-y-la-mision\/#primaryimage"},"thumbnailUrl":"https:\/\/obispadoarica.cl\/home\/wp-content\/uploads\/2026\/04\/img_gale_69f01eeedbb1a_27042026.jpeg","datePublished":"2026-04-29T13:50:19+00:00","dateModified":"2026-04-29T13:51:08+00:00","author":{"@id":"https:\/\/obispadoarica.cl\/home\/#\/schema\/person\/1a8f4c2a3418412187dff039ecf9d97e"},"breadcrumb":{"@id":"https:\/\/obispadoarica.cl\/home\/diocesis-de-san-marcos-de-arica-celebra-40-anos-de-vida-junto-a-su-patrono-con-un-llamado-a-la-memoria-agradecida-y-la-mision\/#breadcrumb"},"inLanguage":"es","potentialAction":[{"@type":"ReadAction","target":["https:\/\/obispadoarica.cl\/home\/diocesis-de-san-marcos-de-arica-celebra-40-anos-de-vida-junto-a-su-patrono-con-un-llamado-a-la-memoria-agradecida-y-la-mision\/"]}]},{"@type":"ImageObject","inLanguage":"es","@id":"https:\/\/obispadoarica.cl\/home\/diocesis-de-san-marcos-de-arica-celebra-40-anos-de-vida-junto-a-su-patrono-con-un-llamado-a-la-memoria-agradecida-y-la-mision\/#primaryimage","url":"https:\/\/obispadoarica.cl\/home\/wp-content\/uploads\/2026\/04\/img_gale_69f01eeedbb1a_27042026.jpeg","contentUrl":"https:\/\/obispadoarica.cl\/home\/wp-content\/uploads\/2026\/04\/img_gale_69f01eeedbb1a_27042026.jpeg","width":1000,"height":562},{"@type":"BreadcrumbList","@id":"https:\/\/obispadoarica.cl\/home\/diocesis-de-san-marcos-de-arica-celebra-40-anos-de-vida-junto-a-su-patrono-con-un-llamado-a-la-memoria-agradecida-y-la-mision\/#breadcrumb","itemListElement":[{"@type":"ListItem","position":1,"name":"Portada","item":"https:\/\/obispadoarica.cl\/home\/"},{"@type":"ListItem","position":2,"name":"Di\u00f3cesis de San Marcos de Arica celebra 40 a\u00f1os de vida junto a su patrono con un llamado a la memoria agradecida y la misi\u00f3n"}]},{"@type":"WebSite","@id":"https:\/\/obispadoarica.cl\/home\/#website","url":"https:\/\/obispadoarica.cl\/home\/","name":"Obispado San Marcos de Arica","description":"Di\u00f3cesis San Marcos de Arica","potentialAction":[{"@type":"SearchAction","target":{"@type":"EntryPoint","urlTemplate":"https:\/\/obispadoarica.cl\/home\/?s={search_term_string}"},"query-input":{"@type":"PropertyValueSpecification","valueRequired":true,"valueName":"search_term_string"}}],"inLanguage":"es"},{"@type":"Person","@id":"https:\/\/obispadoarica.cl\/home\/#\/schema\/person\/1a8f4c2a3418412187dff039ecf9d97e","name":"Obispado de Arica","image":{"@type":"ImageObject","inLanguage":"es","@id":"https:\/\/obispadoarica.cl\/home\/#\/schema\/person\/image\/","url":"https:\/\/secure.gravatar.com\/avatar\/c75d5ceafb11502016ed664658884b0b1b183fa6f96260878f47ac58f950c8d9?s=96&d=mm&r=g","contentUrl":"https:\/\/secure.gravatar.com\/avatar\/c75d5ceafb11502016ed664658884b0b1b183fa6f96260878f47ac58f950c8d9?s=96&d=mm&r=g","caption":"Obispado de Arica"},"url":"https:\/\/obispadoarica.cl\/home\/author\/c1300590\/"}]}},"_links":{"self":[{"href":"https:\/\/obispadoarica.cl\/home\/wp-json\/wp\/v2\/posts\/5091","targetHints":{"allow":["GET"]}}],"collection":[{"href":"https:\/\/obispadoarica.cl\/home\/wp-json\/wp\/v2\/posts"}],"about":[{"href":"https:\/\/obispadoarica.cl\/home\/wp-json\/wp\/v2\/types\/post"}],"author":[{"embeddable":true,"href":"https:\/\/obispadoarica.cl\/home\/wp-json\/wp\/v2\/users\/2"}],"replies":[{"embeddable":true,"href":"https:\/\/obispadoarica.cl\/home\/wp-json\/wp\/v2\/comments?post=5091"}],"version-history":[{"count":1,"href":"https:\/\/obispadoarica.cl\/home\/wp-json\/wp\/v2\/posts\/5091\/revisions"}],"predecessor-version":[{"id":5124,"href":"https:\/\/obispadoarica.cl\/home\/wp-json\/wp\/v2\/posts\/5091\/revisions\/5124"}],"wp:featuredmedia":[{"embeddable":true,"href":"https:\/\/obispadoarica.cl\/home\/wp-json\/wp\/v2\/media\/5094"}],"wp:attachment":[{"href":"https:\/\/obispadoarica.cl\/home\/wp-json\/wp\/v2\/media?parent=5091"}],"wp:term":[{"taxonomy":"category","embeddable":true,"href":"https:\/\/obispadoarica.cl\/home\/wp-json\/wp\/v2\/categories?post=5091"},{"taxonomy":"post_tag","embeddable":true,"href":"https:\/\/obispadoarica.cl\/home\/wp-json\/wp\/v2\/tags?post=5091"}],"curies":[{"name":"wp","href":"https:\/\/api.w.org\/{rel}","templated":true}]}}