{"id":5125,"date":"2026-04-29T09:24:13","date_gmt":"2026-04-29T13:24:13","guid":{"rendered":"https:\/\/obispadoarica.cl\/home\/?p=5125"},"modified":"2026-04-29T09:24:14","modified_gmt":"2026-04-29T13:24:14","slug":"nueva-etapa-pastoral-en-azapa-comunidad-da-la-bienvenida-a-su-nuevo-parroco","status":"publish","type":"post","link":"https:\/\/obispadoarica.cl\/home\/nueva-etapa-pastoral-en-azapa-comunidad-da-la-bienvenida-a-su-nuevo-parroco\/","title":{"rendered":"Nueva etapa pastoral en Azapa: comunidad da la bienvenida a su nuevo p\u00e1rroco"},"content":{"rendered":"\n\n\n<p><em>En una Eucarist\u00eda presidida por Monse\u00f1or Mois\u00e9s Atisha, la comunidad celebr\u00f3 con fe y esperanza el inicio de una nueva etapa pastoral, marcada por el llamado a dejarse atraer por el amor de Dios y caminar unidos como Iglesia viva.<\/em><\/p>\n\n\n\n<p>En el marco del tiempo pascual, la comunidad cristiana del Valle de Azapa vivi\u00f3 un momento de especial gracia al celebrar la Eucarist\u00eda en la que el pasado jueves 23 de abril, el Padre Ricardo Garc\u00eda Castro asumi\u00f3 como nuevo p\u00e1rroco de la Parroquia San Miguel Arc\u00e1ngel. La celebraci\u00f3n fue presidida por Monse\u00f1or Mois\u00e9s Atisha, quien acompa\u00f1\u00f3 a los fieles en este significativo hito para la vida pastoral de la comunidad.<\/p>\n\n\n\n<p>En un ambiente de fe, recogimiento y esperanza, los agentes pastorales y fieles del valle se reunieron para acoger a su nuevo pastor, manifestando su disponibilidad para caminar juntos como Iglesia viva y misionera. Durante el rito de toma de posesi\u00f3n, el Padre Ricardo expres\u00f3 su compromiso de servir con dedicaci\u00f3n, guiando a la comunidad en el seguimiento de Jesucristo y en la vivencia del Evangelio.<\/p>\n\n\n\n<p>En su homil\u00eda, Monse\u00f1or Atisha situ\u00f3 esta celebraci\u00f3n en el contexto del tiempo pascual, recordando que la Iglesia est\u00e1 llamada a no olvidar el acontecimiento central de la fe: la resurrecci\u00f3n del Se\u00f1or. Invit\u00f3 a los presentes a reconocer que, por medio del bautismo, cada creyente se incorpora al misterio de la pasi\u00f3n, muerte y resurrecci\u00f3n de Cristo, siendo transformado en una nueva criatura y llamado a mirar la realidad con los ojos de la fe.<\/p>\n\n\n\n<p>Profundizando en el Evangelio proclamado, destac\u00f3 que \u201cnadie puede venir a Cristo si no lo atrae el Padre\u201d, subrayando que esta atracci\u00f3n es expresi\u00f3n del amor de Dios, que convoca a todos a formar una sola comunidad. En esta l\u00ednea, se\u00f1al\u00f3 que reconocerse hijos de un Padre que ama y no abandona ensancha el coraz\u00f3n y dispone a los creyentes a vivir con generosidad, entrega y sentido de comuni\u00f3n.<\/p>\n\n\n\n<p>Dirigi\u00e9ndose especialmente al nuevo p\u00e1rroco, Monse\u00f1or Atisha destac\u00f3 que su misi\u00f3n no se limita a la administraci\u00f3n pastoral, sino que implica ser un verdadero pastor que, con su testimonio de vida, atraiga a los fieles hacia Dios Padre. Lo exhort\u00f3 a ser el primero en dejarse atraer por el amor de Dios, para as\u00ed guiar a la comunidad con alegr\u00eda y fidelidad, haciendo de cada celebraci\u00f3n un aut\u00e9ntico encuentro con el Se\u00f1or.<br>Finalmente, invit\u00f3 a los presentes a orar por el Padre Ricardo, para que, iluminado por la sabidur\u00eda de Dios, pueda discernir y responder a las necesidades espirituales de la comunidad, anunciando con su vida y palabra el Evangelio de Jesucristo.<\/p>\n\n\n\n<p>De este modo, la Parroquia San Miguel Arc\u00e1ngel inicia una nueva etapa pastoral, confiando en que, bajo la gu\u00eda del Padre Ricardo Garc\u00eda Castro, continuar\u00e1 creciendo en fe, comuni\u00f3n y servicio, respondiendo con esperanza a los desaf\u00edos del tiempo presente.<\/p>\n\n\n\n<p><strong>Fuente: Comunicaciones Arica<\/strong><br><em>Arica, 27-04-2026<\/em><\/p>\n\n\n\n<figure class=\"wp-block-gallery has-nested-images columns-default is-cropped wp-block-gallery-1 is-layout-flex wp-block-gallery-is-layout-flex\">\n<figure class=\"wp-block-image size-large\"><a href=\"https:\/\/obispadoarica.cl\/home\/wp-content\/uploads\/2026\/04\/img_gale_69ef8eaf7ccb9_27042026.jpeg\"><img fetchpriority=\"high\" decoding=\"async\" width=\"1000\" height=\"562\" data-id=\"5128\" src=\"https:\/\/obispadoarica.cl\/home\/wp-content\/uploads\/2026\/04\/img_gale_69ef8eaf7ccb9_27042026.jpeg\" alt=\"\" class=\"wp-image-5128\" srcset=\"https:\/\/obispadoarica.cl\/home\/wp-content\/uploads\/2026\/04\/img_gale_69ef8eaf7ccb9_27042026.jpeg 1000w, https:\/\/obispadoarica.cl\/home\/wp-content\/uploads\/2026\/04\/img_gale_69ef8eaf7ccb9_27042026-300x169.jpeg 300w, https:\/\/obispadoarica.cl\/home\/wp-content\/uploads\/2026\/04\/img_gale_69ef8eaf7ccb9_27042026-768x432.jpeg 768w\" sizes=\"(max-width: 1000px) 100vw, 1000px\" \/><\/a><\/figure>\n\n\n\n<figure class=\"wp-block-image size-large\"><a href=\"https:\/\/obispadoarica.cl\/home\/wp-content\/uploads\/2026\/04\/img_gale_69ef8eaf4d900_27042026.jpeg\"><img decoding=\"async\" width=\"1000\" height=\"562\" data-id=\"5132\" src=\"https:\/\/obispadoarica.cl\/home\/wp-content\/uploads\/2026\/04\/img_gale_69ef8eaf4d900_27042026.jpeg\" alt=\"\" class=\"wp-image-5132\" srcset=\"https:\/\/obispadoarica.cl\/home\/wp-content\/uploads\/2026\/04\/img_gale_69ef8eaf4d900_27042026.jpeg 1000w, https:\/\/obispadoarica.cl\/home\/wp-content\/uploads\/2026\/04\/img_gale_69ef8eaf4d900_27042026-300x169.jpeg 300w, https:\/\/obispadoarica.cl\/home\/wp-content\/uploads\/2026\/04\/img_gale_69ef8eaf4d900_27042026-768x432.jpeg 768w\" sizes=\"(max-width: 1000px) 100vw, 1000px\" \/><\/a><\/figure>\n\n\n\n<figure class=\"wp-block-image size-large\"><a href=\"https:\/\/obispadoarica.cl\/home\/wp-content\/uploads\/2026\/04\/img_gale_69ef8eaf26013_27042026.jpeg\"><img decoding=\"async\" width=\"450\" height=\"800\" data-id=\"5126\" src=\"https:\/\/obispadoarica.cl\/home\/wp-content\/uploads\/2026\/04\/img_gale_69ef8eaf26013_27042026.jpeg\" alt=\"\" class=\"wp-image-5126\" srcset=\"https:\/\/obispadoarica.cl\/home\/wp-content\/uploads\/2026\/04\/img_gale_69ef8eaf26013_27042026.jpeg 450w, https:\/\/obispadoarica.cl\/home\/wp-content\/uploads\/2026\/04\/img_gale_69ef8eaf26013_27042026-169x300.jpeg 169w\" sizes=\"(max-width: 450px) 100vw, 450px\" \/><\/a><\/figure>\n\n\n\n<figure class=\"wp-block-image size-large\"><a href=\"https:\/\/obispadoarica.cl\/home\/wp-content\/uploads\/2026\/04\/img_gale_69ef8eaef139a_27042026.jpeg\"><img loading=\"lazy\" decoding=\"async\" width=\"450\" height=\"800\" data-id=\"5129\" src=\"https:\/\/obispadoarica.cl\/home\/wp-content\/uploads\/2026\/04\/img_gale_69ef8eaef139a_27042026.jpeg\" alt=\"\" class=\"wp-image-5129\" srcset=\"https:\/\/obispadoarica.cl\/home\/wp-content\/uploads\/2026\/04\/img_gale_69ef8eaef139a_27042026.jpeg 450w, https:\/\/obispadoarica.cl\/home\/wp-content\/uploads\/2026\/04\/img_gale_69ef8eaef139a_27042026-169x300.jpeg 169w\" sizes=\"(max-width: 450px) 100vw, 450px\" \/><\/a><\/figure>\n\n\n\n<figure class=\"wp-block-image size-large\"><a href=\"https:\/\/obispadoarica.cl\/home\/wp-content\/uploads\/2026\/04\/img_gale_69ef8eaec6fe4_27042026.jpeg\"><img loading=\"lazy\" decoding=\"async\" width=\"450\" height=\"800\" data-id=\"5130\" src=\"https:\/\/obispadoarica.cl\/home\/wp-content\/uploads\/2026\/04\/img_gale_69ef8eaec6fe4_27042026.jpeg\" alt=\"\" class=\"wp-image-5130\" srcset=\"https:\/\/obispadoarica.cl\/home\/wp-content\/uploads\/2026\/04\/img_gale_69ef8eaec6fe4_27042026.jpeg 450w, https:\/\/obispadoarica.cl\/home\/wp-content\/uploads\/2026\/04\/img_gale_69ef8eaec6fe4_27042026-169x300.jpeg 169w\" sizes=\"(max-width: 450px) 100vw, 450px\" \/><\/a><\/figure>\n\n\n\n<figure class=\"wp-block-image size-large\"><a href=\"https:\/\/obispadoarica.cl\/home\/wp-content\/uploads\/2026\/04\/img_gale_69ef8eae9f488_27042026.jpeg\"><img loading=\"lazy\" decoding=\"async\" width=\"450\" height=\"800\" data-id=\"5127\" src=\"https:\/\/obispadoarica.cl\/home\/wp-content\/uploads\/2026\/04\/img_gale_69ef8eae9f488_27042026.jpeg\" alt=\"\" class=\"wp-image-5127\" srcset=\"https:\/\/obispadoarica.cl\/home\/wp-content\/uploads\/2026\/04\/img_gale_69ef8eae9f488_27042026.jpeg 450w, https:\/\/obispadoarica.cl\/home\/wp-content\/uploads\/2026\/04\/img_gale_69ef8eae9f488_27042026-169x300.jpeg 169w\" sizes=\"(max-width: 450px) 100vw, 450px\" \/><\/a><\/figure>\n\n\n\n<figure class=\"wp-block-image size-large\"><a href=\"https:\/\/obispadoarica.cl\/home\/wp-content\/uploads\/2026\/04\/img_gale_69ef8eae7fb81_27042026.jpeg\"><img loading=\"lazy\" decoding=\"async\" width=\"450\" height=\"800\" data-id=\"5131\" src=\"https:\/\/obispadoarica.cl\/home\/wp-content\/uploads\/2026\/04\/img_gale_69ef8eae7fb81_27042026.jpeg\" alt=\"\" class=\"wp-image-5131\" srcset=\"https:\/\/obispadoarica.cl\/home\/wp-content\/uploads\/2026\/04\/img_gale_69ef8eae7fb81_27042026.jpeg 450w, https:\/\/obispadoarica.cl\/home\/wp-content\/uploads\/2026\/04\/img_gale_69ef8eae7fb81_27042026-169x300.jpeg 169w\" sizes=\"(max-width: 450px) 100vw, 450px\" \/><\/a><\/figure>\n<\/figure>\n","protected":false},"excerpt":{"rendered":"<p>En una Eucarist\u00eda presidida por Monse\u00f1or Mois\u00e9s Atisha, la comunidad celebr\u00f3 con fe y esperanza el inicio de una nueva etapa pastoral, marcada por el llamado a dejarse atraer por el amor de Dios y caminar unidos como Iglesia viva. En el marco del tiempo pascual, la comunidad cristiana del Valle de Azapa vivi\u00f3 un [&#8230;]\n","protected":false},"author":2,"featured_media":5128,"comment_status":"closed","ping_status":"open","sticky":false,"template":"","format":"standard","meta":{"footnotes":""},"categories":[7],"tags":[],"class_list":["post-5125","post","type-post","status-publish","format-standard","has-post-thumbnail","hentry","category-noticias"],"yoast_head":"<!-- This site is optimized with the Yoast SEO plugin v24.6 - https:\/\/yoast.com\/wordpress\/plugins\/seo\/ -->\n<title>Nueva etapa pastoral en Azapa: comunidad da la bienvenida a su nuevo p\u00e1rroco - Obispado San Marcos de Arica<\/title>\n<meta name=\"robots\" content=\"index, follow, max-snippet:-1, max-image-preview:large, max-video-preview:-1\" \/>\n<link rel=\"canonical\" href=\"https:\/\/obispadoarica.cl\/home\/nueva-etapa-pastoral-en-azapa-comunidad-da-la-bienvenida-a-su-nuevo-parroco\/\" \/>\n<meta property=\"og:locale\" content=\"es_ES\" \/>\n<meta property=\"og:type\" content=\"article\" \/>\n<meta property=\"og:title\" content=\"Nueva etapa pastoral en Azapa: comunidad da la bienvenida a su nuevo p\u00e1rroco - Obispado San Marcos de Arica\" \/>\n<meta property=\"og:description\" content=\"En una Eucarist\u00eda presidida por Monse\u00f1or Mois\u00e9s Atisha, la comunidad celebr\u00f3 con fe y esperanza el inicio de una nueva etapa pastoral, marcada por el llamado a dejarse atraer por el amor de Dios y caminar unidos como Iglesia viva. En el marco del tiempo pascual, la comunidad cristiana del Valle de Azapa vivi\u00f3 un [...]\" \/>\n<meta property=\"og:url\" content=\"https:\/\/obispadoarica.cl\/home\/nueva-etapa-pastoral-en-azapa-comunidad-da-la-bienvenida-a-su-nuevo-parroco\/\" \/>\n<meta property=\"og:site_name\" content=\"Obispado San Marcos de Arica\" \/>\n<meta property=\"article:published_time\" content=\"2026-04-29T13:24:13+00:00\" \/>\n<meta property=\"article:modified_time\" content=\"2026-04-29T13:24:14+00:00\" \/>\n<meta property=\"og:image\" content=\"https:\/\/obispadoarica.cl\/home\/wp-content\/uploads\/2026\/04\/img_gale_69ef8eaf7ccb9_27042026.jpeg\" \/>\n\t<meta property=\"og:image:width\" content=\"1000\" \/>\n\t<meta property=\"og:image:height\" content=\"562\" \/>\n\t<meta property=\"og:image:type\" content=\"image\/jpeg\" \/>\n<meta name=\"author\" content=\"Obispado de Arica\" \/>\n<meta name=\"twitter:card\" content=\"summary_large_image\" \/>\n<meta name=\"twitter:label1\" content=\"Escrito por\" \/>\n\t<meta name=\"twitter:data1\" content=\"Obispado de Arica\" \/>\n\t<meta name=\"twitter:label2\" content=\"Tiempo de lectura\" \/>\n\t<meta name=\"twitter:data2\" content=\"4 minutos\" \/>\n<script type=\"application\/ld+json\" class=\"yoast-schema-graph\">{\"@context\":\"https:\/\/schema.org\",\"@graph\":[{\"@type\":\"WebPage\",\"@id\":\"https:\/\/obispadoarica.cl\/home\/nueva-etapa-pastoral-en-azapa-comunidad-da-la-bienvenida-a-su-nuevo-parroco\/\",\"url\":\"https:\/\/obispadoarica.cl\/home\/nueva-etapa-pastoral-en-azapa-comunidad-da-la-bienvenida-a-su-nuevo-parroco\/\",\"name\":\"Nueva etapa pastoral en Azapa: comunidad da la bienvenida a su nuevo p\u00e1rroco - Obispado San Marcos de Arica\",\"isPartOf\":{\"@id\":\"https:\/\/obispadoarica.cl\/home\/#website\"},\"primaryImageOfPage\":{\"@id\":\"https:\/\/obispadoarica.cl\/home\/nueva-etapa-pastoral-en-azapa-comunidad-da-la-bienvenida-a-su-nuevo-parroco\/#primaryimage\"},\"image\":{\"@id\":\"https:\/\/obispadoarica.cl\/home\/nueva-etapa-pastoral-en-azapa-comunidad-da-la-bienvenida-a-su-nuevo-parroco\/#primaryimage\"},\"thumbnailUrl\":\"https:\/\/obispadoarica.cl\/home\/wp-content\/uploads\/2026\/04\/img_gale_69ef8eaf7ccb9_27042026.jpeg\",\"datePublished\":\"2026-04-29T13:24:13+00:00\",\"dateModified\":\"2026-04-29T13:24:14+00:00\",\"author\":{\"@id\":\"https:\/\/obispadoarica.cl\/home\/#\/schema\/person\/1a8f4c2a3418412187dff039ecf9d97e\"},\"breadcrumb\":{\"@id\":\"https:\/\/obispadoarica.cl\/home\/nueva-etapa-pastoral-en-azapa-comunidad-da-la-bienvenida-a-su-nuevo-parroco\/#breadcrumb\"},\"inLanguage\":\"es\",\"potentialAction\":[{\"@type\":\"ReadAction\",\"target\":[\"https:\/\/obispadoarica.cl\/home\/nueva-etapa-pastoral-en-azapa-comunidad-da-la-bienvenida-a-su-nuevo-parroco\/\"]}]},{\"@type\":\"ImageObject\",\"inLanguage\":\"es\",\"@id\":\"https:\/\/obispadoarica.cl\/home\/nueva-etapa-pastoral-en-azapa-comunidad-da-la-bienvenida-a-su-nuevo-parroco\/#primaryimage\",\"url\":\"https:\/\/obispadoarica.cl\/home\/wp-content\/uploads\/2026\/04\/img_gale_69ef8eaf7ccb9_27042026.jpeg\",\"contentUrl\":\"https:\/\/obispadoarica.cl\/home\/wp-content\/uploads\/2026\/04\/img_gale_69ef8eaf7ccb9_27042026.jpeg\",\"width\":1000,\"height\":562},{\"@type\":\"BreadcrumbList\",\"@id\":\"https:\/\/obispadoarica.cl\/home\/nueva-etapa-pastoral-en-azapa-comunidad-da-la-bienvenida-a-su-nuevo-parroco\/#breadcrumb\",\"itemListElement\":[{\"@type\":\"ListItem\",\"position\":1,\"name\":\"Portada\",\"item\":\"https:\/\/obispadoarica.cl\/home\/\"},{\"@type\":\"ListItem\",\"position\":2,\"name\":\"Nueva etapa pastoral en Azapa: comunidad da la bienvenida a su nuevo p\u00e1rroco\"}]},{\"@type\":\"WebSite\",\"@id\":\"https:\/\/obispadoarica.cl\/home\/#website\",\"url\":\"https:\/\/obispadoarica.cl\/home\/\",\"name\":\"Obispado San Marcos de Arica\",\"description\":\"Di\u00f3cesis San Marcos de Arica\",\"potentialAction\":[{\"@type\":\"SearchAction\",\"target\":{\"@type\":\"EntryPoint\",\"urlTemplate\":\"https:\/\/obispadoarica.cl\/home\/?s={search_term_string}\"},\"query-input\":{\"@type\":\"PropertyValueSpecification\",\"valueRequired\":true,\"valueName\":\"search_term_string\"}}],\"inLanguage\":\"es\"},{\"@type\":\"Person\",\"@id\":\"https:\/\/obispadoarica.cl\/home\/#\/schema\/person\/1a8f4c2a3418412187dff039ecf9d97e\",\"name\":\"Obispado de Arica\",\"image\":{\"@type\":\"ImageObject\",\"inLanguage\":\"es\",\"@id\":\"https:\/\/obispadoarica.cl\/home\/#\/schema\/person\/image\/\",\"url\":\"https:\/\/secure.gravatar.com\/avatar\/c75d5ceafb11502016ed664658884b0b1b183fa6f96260878f47ac58f950c8d9?s=96&d=mm&r=g\",\"contentUrl\":\"https:\/\/secure.gravatar.com\/avatar\/c75d5ceafb11502016ed664658884b0b1b183fa6f96260878f47ac58f950c8d9?s=96&d=mm&r=g\",\"caption\":\"Obispado de Arica\"},\"url\":\"https:\/\/obispadoarica.cl\/home\/author\/c1300590\/\"}]}<\/script>\n<!-- \/ Yoast SEO plugin. -->","yoast_head_json":{"title":"Nueva etapa pastoral en Azapa: comunidad da la bienvenida a su nuevo p\u00e1rroco - Obispado San Marcos de Arica","robots":{"index":"index","follow":"follow","max-snippet":"max-snippet:-1","max-image-preview":"max-image-preview:large","max-video-preview":"max-video-preview:-1"},"canonical":"https:\/\/obispadoarica.cl\/home\/nueva-etapa-pastoral-en-azapa-comunidad-da-la-bienvenida-a-su-nuevo-parroco\/","og_locale":"es_ES","og_type":"article","og_title":"Nueva etapa pastoral en Azapa: comunidad da la bienvenida a su nuevo p\u00e1rroco - Obispado San Marcos de Arica","og_description":"En una Eucarist\u00eda presidida por Monse\u00f1or Mois\u00e9s Atisha, la comunidad celebr\u00f3 con fe y esperanza el inicio de una nueva etapa pastoral, marcada por el llamado a dejarse atraer por el amor de Dios y caminar unidos como Iglesia viva. En el marco del tiempo pascual, la comunidad cristiana del Valle de Azapa vivi\u00f3 un [...]","og_url":"https:\/\/obispadoarica.cl\/home\/nueva-etapa-pastoral-en-azapa-comunidad-da-la-bienvenida-a-su-nuevo-parroco\/","og_site_name":"Obispado San Marcos de Arica","article_published_time":"2026-04-29T13:24:13+00:00","article_modified_time":"2026-04-29T13:24:14+00:00","og_image":[{"width":1000,"height":562,"url":"https:\/\/obispadoarica.cl\/home\/wp-content\/uploads\/2026\/04\/img_gale_69ef8eaf7ccb9_27042026.jpeg","type":"image\/jpeg"}],"author":"Obispado de Arica","twitter_card":"summary_large_image","twitter_misc":{"Escrito por":"Obispado de Arica","Tiempo de lectura":"4 minutos"},"schema":{"@context":"https:\/\/schema.org","@graph":[{"@type":"WebPage","@id":"https:\/\/obispadoarica.cl\/home\/nueva-etapa-pastoral-en-azapa-comunidad-da-la-bienvenida-a-su-nuevo-parroco\/","url":"https:\/\/obispadoarica.cl\/home\/nueva-etapa-pastoral-en-azapa-comunidad-da-la-bienvenida-a-su-nuevo-parroco\/","name":"Nueva etapa pastoral en Azapa: comunidad da la bienvenida a su nuevo p\u00e1rroco - Obispado San Marcos de Arica","isPartOf":{"@id":"https:\/\/obispadoarica.cl\/home\/#website"},"primaryImageOfPage":{"@id":"https:\/\/obispadoarica.cl\/home\/nueva-etapa-pastoral-en-azapa-comunidad-da-la-bienvenida-a-su-nuevo-parroco\/#primaryimage"},"image":{"@id":"https:\/\/obispadoarica.cl\/home\/nueva-etapa-pastoral-en-azapa-comunidad-da-la-bienvenida-a-su-nuevo-parroco\/#primaryimage"},"thumbnailUrl":"https:\/\/obispadoarica.cl\/home\/wp-content\/uploads\/2026\/04\/img_gale_69ef8eaf7ccb9_27042026.jpeg","datePublished":"2026-04-29T13:24:13+00:00","dateModified":"2026-04-29T13:24:14+00:00","author":{"@id":"https:\/\/obispadoarica.cl\/home\/#\/schema\/person\/1a8f4c2a3418412187dff039ecf9d97e"},"breadcrumb":{"@id":"https:\/\/obispadoarica.cl\/home\/nueva-etapa-pastoral-en-azapa-comunidad-da-la-bienvenida-a-su-nuevo-parroco\/#breadcrumb"},"inLanguage":"es","potentialAction":[{"@type":"ReadAction","target":["https:\/\/obispadoarica.cl\/home\/nueva-etapa-pastoral-en-azapa-comunidad-da-la-bienvenida-a-su-nuevo-parroco\/"]}]},{"@type":"ImageObject","inLanguage":"es","@id":"https:\/\/obispadoarica.cl\/home\/nueva-etapa-pastoral-en-azapa-comunidad-da-la-bienvenida-a-su-nuevo-parroco\/#primaryimage","url":"https:\/\/obispadoarica.cl\/home\/wp-content\/uploads\/2026\/04\/img_gale_69ef8eaf7ccb9_27042026.jpeg","contentUrl":"https:\/\/obispadoarica.cl\/home\/wp-content\/uploads\/2026\/04\/img_gale_69ef8eaf7ccb9_27042026.jpeg","width":1000,"height":562},{"@type":"BreadcrumbList","@id":"https:\/\/obispadoarica.cl\/home\/nueva-etapa-pastoral-en-azapa-comunidad-da-la-bienvenida-a-su-nuevo-parroco\/#breadcrumb","itemListElement":[{"@type":"ListItem","position":1,"name":"Portada","item":"https:\/\/obispadoarica.cl\/home\/"},{"@type":"ListItem","position":2,"name":"Nueva etapa pastoral en Azapa: comunidad da la bienvenida a su nuevo p\u00e1rroco"}]},{"@type":"WebSite","@id":"https:\/\/obispadoarica.cl\/home\/#website","url":"https:\/\/obispadoarica.cl\/home\/","name":"Obispado San Marcos de Arica","description":"Di\u00f3cesis San Marcos de Arica","potentialAction":[{"@type":"SearchAction","target":{"@type":"EntryPoint","urlTemplate":"https:\/\/obispadoarica.cl\/home\/?s={search_term_string}"},"query-input":{"@type":"PropertyValueSpecification","valueRequired":true,"valueName":"search_term_string"}}],"inLanguage":"es"},{"@type":"Person","@id":"https:\/\/obispadoarica.cl\/home\/#\/schema\/person\/1a8f4c2a3418412187dff039ecf9d97e","name":"Obispado de Arica","image":{"@type":"ImageObject","inLanguage":"es","@id":"https:\/\/obispadoarica.cl\/home\/#\/schema\/person\/image\/","url":"https:\/\/secure.gravatar.com\/avatar\/c75d5ceafb11502016ed664658884b0b1b183fa6f96260878f47ac58f950c8d9?s=96&d=mm&r=g","contentUrl":"https:\/\/secure.gravatar.com\/avatar\/c75d5ceafb11502016ed664658884b0b1b183fa6f96260878f47ac58f950c8d9?s=96&d=mm&r=g","caption":"Obispado de Arica"},"url":"https:\/\/obispadoarica.cl\/home\/author\/c1300590\/"}]}},"_links":{"self":[{"href":"https:\/\/obispadoarica.cl\/home\/wp-json\/wp\/v2\/posts\/5125","targetHints":{"allow":["GET"]}}],"collection":[{"href":"https:\/\/obispadoarica.cl\/home\/wp-json\/wp\/v2\/posts"}],"about":[{"href":"https:\/\/obispadoarica.cl\/home\/wp-json\/wp\/v2\/types\/post"}],"author":[{"embeddable":true,"href":"https:\/\/obispadoarica.cl\/home\/wp-json\/wp\/v2\/users\/2"}],"replies":[{"embeddable":true,"href":"https:\/\/obispadoarica.cl\/home\/wp-json\/wp\/v2\/comments?post=5125"}],"version-history":[{"count":1,"href":"https:\/\/obispadoarica.cl\/home\/wp-json\/wp\/v2\/posts\/5125\/revisions"}],"predecessor-version":[{"id":5133,"href":"https:\/\/obispadoarica.cl\/home\/wp-json\/wp\/v2\/posts\/5125\/revisions\/5133"}],"wp:featuredmedia":[{"embeddable":true,"href":"https:\/\/obispadoarica.cl\/home\/wp-json\/wp\/v2\/media\/5128"}],"wp:attachment":[{"href":"https:\/\/obispadoarica.cl\/home\/wp-json\/wp\/v2\/media?parent=5125"}],"wp:term":[{"taxonomy":"category","embeddable":true,"href":"https:\/\/obispadoarica.cl\/home\/wp-json\/wp\/v2\/categories?post=5125"},{"taxonomy":"post_tag","embeddable":true,"href":"https:\/\/obispadoarica.cl\/home\/wp-json\/wp\/v2\/tags?post=5125"}],"curies":[{"name":"wp","href":"https:\/\/api.w.org\/{rel}","templated":true}]}}