{"id":969,"date":"2022-08-26T21:31:16","date_gmt":"2022-08-26T21:31:16","guid":{"rendered":"https:\/\/obispadoarica.cl\/home\/?p=969"},"modified":"2025-03-08T20:53:58","modified_gmt":"2025-03-09T00:53:58","slug":"dias-festivos-en-san-marcos-de-arica","status":"publish","type":"post","link":"https:\/\/obispadoarica.cl\/home\/dias-festivos-en-san-marcos-de-arica\/","title":{"rendered":"D\u00edas festivos en San Marcos de Arica"},"content":{"rendered":"\n\n\n<p><em>A d\u00edas previos del aniversario de la creaci\u00f3n de Di\u00f3cesis por el Papa s.Juan Pablo II con la bula papal \u00abQua Tenemur Graviter\u00bb, un 29 de agosto de 1986; se llevaron algunas actividades en San Marcos de Arica.<\/em><\/p>\n\n\n\n<p><\/p>\n\n\n\n<p>Esta Semana del 22 al 29 de Agosto han sido de preparaci\u00f3n y festividad en la Di\u00f3cesis de San Marcos de Arica, esto porque el pr\u00f3ximo 29 de Agosto se cumplen 36 a\u00f1os de su elevaci\u00f3n a Di\u00f3cesis en el a\u00f1o 1986. En este marco se han organizado una serie de actividades pastorales, formativas, y espirituales para agradecer a Dios.<\/p>\n\n\n\n<p>En primer lugar el desarrollo de la Semana Teol\u00f3gica para nuestros sacerdotes, desde el d\u00eda 22 al 25 de Agosto en las dependencias del Colegio San Marcos; el objetivo principal del encuentro ha sido la actualizaci\u00f3n de conceptos de estudios teol\u00f3gicos y pastorales, con la que se ha invitado al P. Pedro Narbona Bugue\u00f1o de la Arquidi\u00f3cesis de Santiago (miembro del departamento de liturgia del arzobispado), que con la \u00abCarta Apost\u00f3lica Desiderio Desideravi\u00bb sobre la formaci\u00f3n lit\u00fargica del Pueblo de Dios, ha entregado una serie de delineamientos reflexivos, claros, espec\u00edficos, y sobre todo pastorales para vivir la liturgia desde una experiencia de Fe.<\/p>\n\n\n\n<figure class=\"wp-block-image size-full\"><a href=\"https:\/\/obispadoarica.cl\/home\/wp-content\/uploads\/2022\/08\/Gale6308c7484c44c_26082022_914am.jpeg\"><img fetchpriority=\"high\" decoding=\"async\" width=\"1000\" height=\"750\" src=\"https:\/\/obispadoarica.cl\/home\/wp-content\/uploads\/2022\/08\/Gale6308c7484c44c_26082022_914am.jpeg\" alt=\"\" class=\"wp-image-972\" srcset=\"https:\/\/obispadoarica.cl\/home\/wp-content\/uploads\/2022\/08\/Gale6308c7484c44c_26082022_914am.jpeg 1000w, https:\/\/obispadoarica.cl\/home\/wp-content\/uploads\/2022\/08\/Gale6308c7484c44c_26082022_914am-300x225.jpeg 300w, https:\/\/obispadoarica.cl\/home\/wp-content\/uploads\/2022\/08\/Gale6308c7484c44c_26082022_914am-768x576.jpeg 768w\" sizes=\"(max-width: 1000px) 100vw, 1000px\" \/><\/a><\/figure>\n\n\n\n<p>En un segundo momento en las mismas dependencias del Colegio San Marcos, llev\u00f3 el sacerdote un encuentro con fieles laicos, de las distintas comunidades, llevando adelante un Taller sobre \u201cLa Belleza de la Liturgia y la Eucarist\u00eda\u201d, dirigido adem\u00e1s de los agentes pastorales sino tambi\u00e9n para nuestros di\u00e1conos. Al respecto se han podido despejar dudas, y entregar elementos claves de la liturgia y el sentido de la Celebraci\u00f3n Eucar\u00edstica, suscitando el inter\u00e9s, y la disposici\u00f3n de aquellos que han participado.<\/p>\n\n\n\n<p>Por \u00faltimo durante tres d\u00edas en un clima de oraci\u00f3n, y testimonio de la fe y vida, en la Catedral San Marcos, la exposici\u00f3n de las reliquias se San Alberto Hurtado, y Santa Teresa de Los Andes para su veneraci\u00f3n, las cuales en la Eucarist\u00eda del d\u00eda Domingo 28 de Agosto se colocar\u00e1n en el ara del Altar de la Iglesia Catedral. Los momentos han estado marcado tempranamente con Adoraci\u00f3n al Sant\u00edsimo Sacramento, rezando siempre por nuestra Di\u00f3cesis; luego al medio d\u00eda la celebraci\u00f3n de la Santa Misa presidida por Monse\u00f1or Mois\u00e9s Atisha; continuar posteriormente con momento de veneraci\u00f3n y culminar por la tarde con el rezo del santo Rosario.<\/p>\n\n\n\n<figure class=\"wp-block-image size-full\"><a href=\"https:\/\/obispadoarica.cl\/home\/wp-content\/uploads\/2022\/08\/Gale6308c749673d0_26082022_914am.jpeg\"><img decoding=\"async\" width=\"1000\" height=\"750\" src=\"https:\/\/obispadoarica.cl\/home\/wp-content\/uploads\/2022\/08\/Gale6308c749673d0_26082022_914am.jpeg\" alt=\"\" class=\"wp-image-971\" srcset=\"https:\/\/obispadoarica.cl\/home\/wp-content\/uploads\/2022\/08\/Gale6308c749673d0_26082022_914am.jpeg 1000w, https:\/\/obispadoarica.cl\/home\/wp-content\/uploads\/2022\/08\/Gale6308c749673d0_26082022_914am-300x225.jpeg 300w, https:\/\/obispadoarica.cl\/home\/wp-content\/uploads\/2022\/08\/Gale6308c749673d0_26082022_914am-768x576.jpeg 768w\" sizes=\"(max-width: 1000px) 100vw, 1000px\" \/><\/a><\/figure>\n\n\n\n<p>En ella, fueron visitado y participado distintas celebraciones en su peregrinar a la Catedral, agentes de pastorales, comunidades parroquiales y de colegios, fuerzas armadas y de seguridad p\u00fablica. El Obispo durante las Celebraciones en los distintos d\u00edas ha destacado el testimonio y la fe de los Santos Chilenos, suscitando tambi\u00e9n el llamado a vivir estos momentos desde la bendici\u00f3n de Dios en nuestras vidas y de la Iglesia de Arica. Signo propio, el Obispo fue otorgando la bendici\u00f3n final con las reliquias de los santos, para toda la Di\u00f3cesis.<\/p>\n","protected":false},"excerpt":{"rendered":"<p>A d\u00edas previos del aniversario de la creaci\u00f3n de Di\u00f3cesis por el Papa s.Juan Pablo II con la bula papal \u00abQua Tenemur Graviter\u00bb, un 29 de agosto de 1986; se llevaron algunas actividades en San Marcos de Arica. Esta Semana del 22 al 29 de Agosto han sido de preparaci\u00f3n y festividad en la Di\u00f3cesis [&#8230;]\n","protected":false},"author":2,"featured_media":970,"comment_status":"closed","ping_status":"open","sticky":false,"template":"","format":"standard","meta":{"footnotes":""},"categories":[7],"tags":[],"class_list":["post-969","post","type-post","status-publish","format-standard","has-post-thumbnail","hentry","category-noticias"],"yoast_head":"<!-- This site is optimized with the Yoast SEO plugin v24.6 - https:\/\/yoast.com\/wordpress\/plugins\/seo\/ -->\n<title>D\u00edas festivos en San Marcos de Arica - Obispado San Marcos de Arica<\/title>\n<meta name=\"robots\" content=\"index, follow, max-snippet:-1, max-image-preview:large, max-video-preview:-1\" \/>\n<link rel=\"canonical\" href=\"https:\/\/obispadoarica.cl\/home\/dias-festivos-en-san-marcos-de-arica\/\" \/>\n<meta property=\"og:locale\" content=\"es_ES\" \/>\n<meta property=\"og:type\" content=\"article\" \/>\n<meta property=\"og:title\" content=\"D\u00edas festivos en San Marcos de Arica - Obispado San Marcos de Arica\" \/>\n<meta property=\"og:description\" content=\"A d\u00edas previos del aniversario de la creaci\u00f3n de Di\u00f3cesis por el Papa s.Juan Pablo II con la bula papal \u00abQua Tenemur Graviter\u00bb, un 29 de agosto de 1986; se llevaron algunas actividades en San Marcos de Arica. Esta Semana del 22 al 29 de Agosto han sido de preparaci\u00f3n y festividad en la Di\u00f3cesis [...]\" \/>\n<meta property=\"og:url\" content=\"https:\/\/obispadoarica.cl\/home\/dias-festivos-en-san-marcos-de-arica\/\" \/>\n<meta property=\"og:site_name\" content=\"Obispado San Marcos de Arica\" \/>\n<meta property=\"article:published_time\" content=\"2022-08-26T21:31:16+00:00\" \/>\n<meta property=\"article:modified_time\" content=\"2025-03-09T00:53:58+00:00\" \/>\n<meta property=\"og:image\" content=\"https:\/\/obispadoarica.cl\/home\/wp-content\/uploads\/2022\/08\/Gale6308c7481060f_26082022_914am.jpeg\" \/>\n\t<meta property=\"og:image:width\" content=\"1000\" \/>\n\t<meta property=\"og:image:height\" content=\"750\" \/>\n\t<meta property=\"og:image:type\" content=\"image\/jpeg\" \/>\n<meta name=\"author\" content=\"Obispado de Arica\" \/>\n<meta name=\"twitter:card\" content=\"summary_large_image\" \/>\n<meta name=\"twitter:label1\" content=\"Escrito por\" \/>\n\t<meta name=\"twitter:data1\" content=\"Obispado de Arica\" \/>\n\t<meta name=\"twitter:label2\" content=\"Tiempo de lectura\" \/>\n\t<meta name=\"twitter:data2\" content=\"3 minutos\" \/>\n<script type=\"application\/ld+json\" class=\"yoast-schema-graph\">{\"@context\":\"https:\/\/schema.org\",\"@graph\":[{\"@type\":\"WebPage\",\"@id\":\"https:\/\/obispadoarica.cl\/home\/dias-festivos-en-san-marcos-de-arica\/\",\"url\":\"https:\/\/obispadoarica.cl\/home\/dias-festivos-en-san-marcos-de-arica\/\",\"name\":\"D\u00edas festivos en San Marcos de Arica - Obispado San Marcos de Arica\",\"isPartOf\":{\"@id\":\"https:\/\/obispadoarica.cl\/home\/#website\"},\"primaryImageOfPage\":{\"@id\":\"https:\/\/obispadoarica.cl\/home\/dias-festivos-en-san-marcos-de-arica\/#primaryimage\"},\"image\":{\"@id\":\"https:\/\/obispadoarica.cl\/home\/dias-festivos-en-san-marcos-de-arica\/#primaryimage\"},\"thumbnailUrl\":\"https:\/\/obispadoarica.cl\/home\/wp-content\/uploads\/2022\/08\/Gale6308c7481060f_26082022_914am.jpeg\",\"datePublished\":\"2022-08-26T21:31:16+00:00\",\"dateModified\":\"2025-03-09T00:53:58+00:00\",\"author\":{\"@id\":\"https:\/\/obispadoarica.cl\/home\/#\/schema\/person\/1a8f4c2a3418412187dff039ecf9d97e\"},\"breadcrumb\":{\"@id\":\"https:\/\/obispadoarica.cl\/home\/dias-festivos-en-san-marcos-de-arica\/#breadcrumb\"},\"inLanguage\":\"es\",\"potentialAction\":[{\"@type\":\"ReadAction\",\"target\":[\"https:\/\/obispadoarica.cl\/home\/dias-festivos-en-san-marcos-de-arica\/\"]}]},{\"@type\":\"ImageObject\",\"inLanguage\":\"es\",\"@id\":\"https:\/\/obispadoarica.cl\/home\/dias-festivos-en-san-marcos-de-arica\/#primaryimage\",\"url\":\"https:\/\/obispadoarica.cl\/home\/wp-content\/uploads\/2022\/08\/Gale6308c7481060f_26082022_914am.jpeg\",\"contentUrl\":\"https:\/\/obispadoarica.cl\/home\/wp-content\/uploads\/2022\/08\/Gale6308c7481060f_26082022_914am.jpeg\",\"width\":1000,\"height\":750},{\"@type\":\"BreadcrumbList\",\"@id\":\"https:\/\/obispadoarica.cl\/home\/dias-festivos-en-san-marcos-de-arica\/#breadcrumb\",\"itemListElement\":[{\"@type\":\"ListItem\",\"position\":1,\"name\":\"Portada\",\"item\":\"https:\/\/obispadoarica.cl\/home\/\"},{\"@type\":\"ListItem\",\"position\":2,\"name\":\"D\u00edas festivos en San Marcos de Arica\"}]},{\"@type\":\"WebSite\",\"@id\":\"https:\/\/obispadoarica.cl\/home\/#website\",\"url\":\"https:\/\/obispadoarica.cl\/home\/\",\"name\":\"Obispado San Marcos de Arica\",\"description\":\"Di\u00f3cesis San Marcos de Arica\",\"potentialAction\":[{\"@type\":\"SearchAction\",\"target\":{\"@type\":\"EntryPoint\",\"urlTemplate\":\"https:\/\/obispadoarica.cl\/home\/?s={search_term_string}\"},\"query-input\":{\"@type\":\"PropertyValueSpecification\",\"valueRequired\":true,\"valueName\":\"search_term_string\"}}],\"inLanguage\":\"es\"},{\"@type\":\"Person\",\"@id\":\"https:\/\/obispadoarica.cl\/home\/#\/schema\/person\/1a8f4c2a3418412187dff039ecf9d97e\",\"name\":\"Obispado de Arica\",\"image\":{\"@type\":\"ImageObject\",\"inLanguage\":\"es\",\"@id\":\"https:\/\/obispadoarica.cl\/home\/#\/schema\/person\/image\/\",\"url\":\"https:\/\/secure.gravatar.com\/avatar\/c75d5ceafb11502016ed664658884b0b1b183fa6f96260878f47ac58f950c8d9?s=96&d=mm&r=g\",\"contentUrl\":\"https:\/\/secure.gravatar.com\/avatar\/c75d5ceafb11502016ed664658884b0b1b183fa6f96260878f47ac58f950c8d9?s=96&d=mm&r=g\",\"caption\":\"Obispado de Arica\"},\"url\":\"https:\/\/obispadoarica.cl\/home\/author\/c1300590\/\"}]}<\/script>\n<!-- \/ Yoast SEO plugin. -->","yoast_head_json":{"title":"D\u00edas festivos en San Marcos de Arica - Obispado San Marcos de Arica","robots":{"index":"index","follow":"follow","max-snippet":"max-snippet:-1","max-image-preview":"max-image-preview:large","max-video-preview":"max-video-preview:-1"},"canonical":"https:\/\/obispadoarica.cl\/home\/dias-festivos-en-san-marcos-de-arica\/","og_locale":"es_ES","og_type":"article","og_title":"D\u00edas festivos en San Marcos de Arica - Obispado San Marcos de Arica","og_description":"A d\u00edas previos del aniversario de la creaci\u00f3n de Di\u00f3cesis por el Papa s.Juan Pablo II con la bula papal \u00abQua Tenemur Graviter\u00bb, un 29 de agosto de 1986; se llevaron algunas actividades en San Marcos de Arica. Esta Semana del 22 al 29 de Agosto han sido de preparaci\u00f3n y festividad en la Di\u00f3cesis [...]","og_url":"https:\/\/obispadoarica.cl\/home\/dias-festivos-en-san-marcos-de-arica\/","og_site_name":"Obispado San Marcos de Arica","article_published_time":"2022-08-26T21:31:16+00:00","article_modified_time":"2025-03-09T00:53:58+00:00","og_image":[{"width":1000,"height":750,"url":"https:\/\/obispadoarica.cl\/home\/wp-content\/uploads\/2022\/08\/Gale6308c7481060f_26082022_914am.jpeg","type":"image\/jpeg"}],"author":"Obispado de Arica","twitter_card":"summary_large_image","twitter_misc":{"Escrito por":"Obispado de Arica","Tiempo de lectura":"3 minutos"},"schema":{"@context":"https:\/\/schema.org","@graph":[{"@type":"WebPage","@id":"https:\/\/obispadoarica.cl\/home\/dias-festivos-en-san-marcos-de-arica\/","url":"https:\/\/obispadoarica.cl\/home\/dias-festivos-en-san-marcos-de-arica\/","name":"D\u00edas festivos en San Marcos de Arica - Obispado San Marcos de Arica","isPartOf":{"@id":"https:\/\/obispadoarica.cl\/home\/#website"},"primaryImageOfPage":{"@id":"https:\/\/obispadoarica.cl\/home\/dias-festivos-en-san-marcos-de-arica\/#primaryimage"},"image":{"@id":"https:\/\/obispadoarica.cl\/home\/dias-festivos-en-san-marcos-de-arica\/#primaryimage"},"thumbnailUrl":"https:\/\/obispadoarica.cl\/home\/wp-content\/uploads\/2022\/08\/Gale6308c7481060f_26082022_914am.jpeg","datePublished":"2022-08-26T21:31:16+00:00","dateModified":"2025-03-09T00:53:58+00:00","author":{"@id":"https:\/\/obispadoarica.cl\/home\/#\/schema\/person\/1a8f4c2a3418412187dff039ecf9d97e"},"breadcrumb":{"@id":"https:\/\/obispadoarica.cl\/home\/dias-festivos-en-san-marcos-de-arica\/#breadcrumb"},"inLanguage":"es","potentialAction":[{"@type":"ReadAction","target":["https:\/\/obispadoarica.cl\/home\/dias-festivos-en-san-marcos-de-arica\/"]}]},{"@type":"ImageObject","inLanguage":"es","@id":"https:\/\/obispadoarica.cl\/home\/dias-festivos-en-san-marcos-de-arica\/#primaryimage","url":"https:\/\/obispadoarica.cl\/home\/wp-content\/uploads\/2022\/08\/Gale6308c7481060f_26082022_914am.jpeg","contentUrl":"https:\/\/obispadoarica.cl\/home\/wp-content\/uploads\/2022\/08\/Gale6308c7481060f_26082022_914am.jpeg","width":1000,"height":750},{"@type":"BreadcrumbList","@id":"https:\/\/obispadoarica.cl\/home\/dias-festivos-en-san-marcos-de-arica\/#breadcrumb","itemListElement":[{"@type":"ListItem","position":1,"name":"Portada","item":"https:\/\/obispadoarica.cl\/home\/"},{"@type":"ListItem","position":2,"name":"D\u00edas festivos en San Marcos de Arica"}]},{"@type":"WebSite","@id":"https:\/\/obispadoarica.cl\/home\/#website","url":"https:\/\/obispadoarica.cl\/home\/","name":"Obispado San Marcos de Arica","description":"Di\u00f3cesis San Marcos de Arica","potentialAction":[{"@type":"SearchAction","target":{"@type":"EntryPoint","urlTemplate":"https:\/\/obispadoarica.cl\/home\/?s={search_term_string}"},"query-input":{"@type":"PropertyValueSpecification","valueRequired":true,"valueName":"search_term_string"}}],"inLanguage":"es"},{"@type":"Person","@id":"https:\/\/obispadoarica.cl\/home\/#\/schema\/person\/1a8f4c2a3418412187dff039ecf9d97e","name":"Obispado de Arica","image":{"@type":"ImageObject","inLanguage":"es","@id":"https:\/\/obispadoarica.cl\/home\/#\/schema\/person\/image\/","url":"https:\/\/secure.gravatar.com\/avatar\/c75d5ceafb11502016ed664658884b0b1b183fa6f96260878f47ac58f950c8d9?s=96&d=mm&r=g","contentUrl":"https:\/\/secure.gravatar.com\/avatar\/c75d5ceafb11502016ed664658884b0b1b183fa6f96260878f47ac58f950c8d9?s=96&d=mm&r=g","caption":"Obispado de Arica"},"url":"https:\/\/obispadoarica.cl\/home\/author\/c1300590\/"}]}},"_links":{"self":[{"href":"https:\/\/obispadoarica.cl\/home\/wp-json\/wp\/v2\/posts\/969","targetHints":{"allow":["GET"]}}],"collection":[{"href":"https:\/\/obispadoarica.cl\/home\/wp-json\/wp\/v2\/posts"}],"about":[{"href":"https:\/\/obispadoarica.cl\/home\/wp-json\/wp\/v2\/types\/post"}],"author":[{"embeddable":true,"href":"https:\/\/obispadoarica.cl\/home\/wp-json\/wp\/v2\/users\/2"}],"replies":[{"embeddable":true,"href":"https:\/\/obispadoarica.cl\/home\/wp-json\/wp\/v2\/comments?post=969"}],"version-history":[{"count":1,"href":"https:\/\/obispadoarica.cl\/home\/wp-json\/wp\/v2\/posts\/969\/revisions"}],"predecessor-version":[{"id":973,"href":"https:\/\/obispadoarica.cl\/home\/wp-json\/wp\/v2\/posts\/969\/revisions\/973"}],"wp:featuredmedia":[{"embeddable":true,"href":"https:\/\/obispadoarica.cl\/home\/wp-json\/wp\/v2\/media\/970"}],"wp:attachment":[{"href":"https:\/\/obispadoarica.cl\/home\/wp-json\/wp\/v2\/media?parent=969"}],"wp:term":[{"taxonomy":"category","embeddable":true,"href":"https:\/\/obispadoarica.cl\/home\/wp-json\/wp\/v2\/categories?post=969"},{"taxonomy":"post_tag","embeddable":true,"href":"https:\/\/obispadoarica.cl\/home\/wp-json\/wp\/v2\/tags?post=969"}],"curies":[{"name":"wp","href":"https:\/\/api.w.org\/{rel}","templated":true}]}}