{"id":991,"date":"2022-09-10T18:48:15","date_gmt":"2022-09-10T18:48:15","guid":{"rendered":"https:\/\/obispadoarica.cl\/home\/?p=991"},"modified":"2025-03-08T20:53:58","modified_gmt":"2025-03-09T00:53:58","slug":"el-llamado-de-juan-pablo-i-a-chile-y-argentina-por-la-paz-el-entendimiento-y-la-fraternidad","status":"publish","type":"post","link":"https:\/\/obispadoarica.cl\/home\/el-llamado-de-juan-pablo-i-a-chile-y-argentina-por-la-paz-el-entendimiento-y-la-fraternidad\/","title":{"rendered":"El llamado de Juan Pablo I a Chile y Argentina por la paz, el entendimiento y la fraternidad"},"content":{"rendered":"\n\n\n<p><em>Este domingo 4 de septiembre, Juan Pablo I ha sido beatificado en la Plaza de San Pedro en ceremonia presidida por Francisco. En su pontificado que solo dur\u00f3 33 d\u00edas el papa tuvo entre una de sus principales preocupaciones el conflicto que se viv\u00eda entre Chile y Argentina. A continuaci\u00f3n, la carta que env\u00edo a las conferencias episcopales de ambos pa\u00edses.<\/em><\/p>\n\n\n\n<p>El 13 de octubre de 2021, el Papa Francisco reconoci\u00f3 un milagro realizado en 1978 por intercesi\u00f3n de Juan Pablo I. El Patriarca de Venecia, Albino Luciani, fue elegido Papa el 26 de agosto de 1978. Muri\u00f3 el 28 de septiembre de 1978, tras un brev\u00edsimo pontificado de s\u00f3lo 33 d\u00edas.<\/p>\n\n\n\n<p>En ese breve per\u00edodo, preocupado por el potencial conflicto que se podr\u00eda generar entre Chile y Argentina por el litigio por las islas Picton, Nueva y Lennox en el Canal de Beagle, el \u00abpapa de la sonrisa\u201d escribi\u00f3 con fecha 20 de septiembre de 1978 una&nbsp;<strong><a href=\"https:\/\/www.vatican.va\/content\/john-paul-i\/es\/letters\/documents\/hf_jp-i_let_19780920_argentina-cile.html\" target=\"_blank\" rel=\"noreferrer noopener\">carta a los episcopados de ambos pa\u00edses anim\u00e1ndoles a trabajar por la paz<\/a><\/strong>.<\/p>\n\n\n\n<p>En la misiva el Santo Padre expresaba \u201cEn estos momentos en los que, ante la situaci\u00f3n existente entre vuestros respectivos pa\u00edses, vuestra responsabilidad de Pastores os ha impulsado a pedir a vuestros fieles que trabajen y oren por la paz, deseamos abriros nuestro \u00e1nimo de Supremo Pastor y Padre com\u00fan, para corroborar vuestros esfuerzos en tan meritoria tarea\u201d, agregando que las circunstancias \u201ccon sus tensiones y amenazas, solicitan nuestra atenci\u00f3n y mueven nuestro prop\u00f3sito de sensibilizar a todos nuestros hijos y a todas las personas de buena voluntad, para que las diferencias abiertas no exacerben los esp\u00edritus y puedan conducir a imprevisibles consecuencias\u201d.<\/p>\n\n\n\n<p>Exhortaba adem\u00e1s a que, sin entrar en aspectos t\u00e9cnicos \u201ccon toda la fuerza moral a vuestra disposici\u00f3n, hag\u00e1is obra de pacificaci\u00f3n, alentando a todos, gobernantes y gobernados, hacia metas de entendimiento mutuo y de generosa comprensi\u00f3n para con quienes, m\u00e1s all\u00e1 de las fronteras nacionales, son hermanos en humanidad, hijos del mismo Padre, a El unidos por id\u00e9nticos v\u00ednculos religiosos\u201d.<\/p>\n\n\n\n<p>\u201cEs necesario crear un clima generalizado en el que, depuesta toda actitud belicosa o de animosidad, prevalezcan las razones de la concordia sobre las fuerzas del odio o de la divisi\u00f3n, que s\u00f3lo dejan tras de s\u00ed huellas destructoras\u201d, enfatizaba el papa, finalizando su carta encomendando estas intenciones al Pr\u00edncipe de la paz, plegaria \u201ca la que estamos seguros os asociar\u00e9is vosotros y vuestros fieles. Sobre cuantos colaboren en esta magn\u00edfica empresa de paz imploramos, con nuestra Bendici\u00f3n Apost\u00f3lica, la recompensa del Se\u00f1or\u201d.<\/p>\n\n\n\n<p>Cabe recordar que dichas gestiones por encontrar una salida pac\u00edfica al conflicto, ser\u00edan retomadas por Juan Pablo II, apenas iniciado su pontificado. Tras a\u00f1os de mediaci\u00f3n papal se llegar\u00eda a la firma del Tratado de Paz y Amistad entre ambos pa\u00edses, el 29 de noviembre de 1984.<\/p>\n\n\n\n<p><strong>Fuente: Comunicaciones CECh &#8211;&nbsp;<strong><a href=\"https:\/\/www.vatican.va\/content\/john-paul-i\/es\/letters\/documents\/hf_jp-i_let_19780920_argentina-cile.html\" target=\"_blank\" rel=\"noreferrer noopener\">vatican.va<\/a><\/strong><\/strong><br><em>CECh, 04-09-2022<\/em><\/p>\n","protected":false},"excerpt":{"rendered":"<p>Este domingo 4 de septiembre, Juan Pablo I ha sido beatificado en la Plaza de San Pedro en ceremonia presidida por Francisco. En su pontificado que solo dur\u00f3 33 d\u00edas el papa tuvo entre una de sus principales preocupaciones el conflicto que se viv\u00eda entre Chile y Argentina. A continuaci\u00f3n, la carta que env\u00edo a [&#8230;]\n","protected":false},"author":2,"featured_media":992,"comment_status":"closed","ping_status":"open","sticky":false,"template":"","format":"standard","meta":{"footnotes":""},"categories":[7],"tags":[],"class_list":["post-991","post","type-post","status-publish","format-standard","has-post-thumbnail","hentry","category-noticias"],"yoast_head":"<!-- This site is optimized with the Yoast SEO plugin v24.6 - https:\/\/yoast.com\/wordpress\/plugins\/seo\/ -->\n<title>El llamado de Juan Pablo I a Chile y Argentina por la paz, el entendimiento y la fraternidad - Obispado San Marcos de Arica<\/title>\n<meta name=\"robots\" content=\"index, follow, max-snippet:-1, max-image-preview:large, max-video-preview:-1\" \/>\n<link rel=\"canonical\" href=\"https:\/\/obispadoarica.cl\/home\/el-llamado-de-juan-pablo-i-a-chile-y-argentina-por-la-paz-el-entendimiento-y-la-fraternidad\/\" \/>\n<meta property=\"og:locale\" content=\"es_ES\" \/>\n<meta property=\"og:type\" content=\"article\" \/>\n<meta property=\"og:title\" content=\"El llamado de Juan Pablo I a Chile y Argentina por la paz, el entendimiento y la fraternidad - Obispado San Marcos de Arica\" \/>\n<meta property=\"og:description\" content=\"Este domingo 4 de septiembre, Juan Pablo I ha sido beatificado en la Plaza de San Pedro en ceremonia presidida por Francisco. En su pontificado que solo dur\u00f3 33 d\u00edas el papa tuvo entre una de sus principales preocupaciones el conflicto que se viv\u00eda entre Chile y Argentina. A continuaci\u00f3n, la carta que env\u00edo a [...]\" \/>\n<meta property=\"og:url\" content=\"https:\/\/obispadoarica.cl\/home\/el-llamado-de-juan-pablo-i-a-chile-y-argentina-por-la-paz-el-entendimiento-y-la-fraternidad\/\" \/>\n<meta property=\"og:site_name\" content=\"Obispado San Marcos de Arica\" \/>\n<meta property=\"article:published_time\" content=\"2022-09-10T18:48:15+00:00\" \/>\n<meta property=\"article:modified_time\" content=\"2025-03-09T00:53:58+00:00\" \/>\n<meta property=\"og:image\" content=\"https:\/\/obispadoarica.cl\/home\/wp-content\/uploads\/2022\/09\/cq5dam.thumbnail.cropped.1000.563-1.jpeg\" \/>\n\t<meta property=\"og:image:width\" content=\"1000\" \/>\n\t<meta property=\"og:image:height\" content=\"563\" \/>\n\t<meta property=\"og:image:type\" content=\"image\/jpeg\" \/>\n<meta name=\"author\" content=\"Obispado de Arica\" \/>\n<meta name=\"twitter:card\" content=\"summary_large_image\" \/>\n<meta name=\"twitter:label1\" content=\"Escrito por\" \/>\n\t<meta name=\"twitter:data1\" content=\"Obispado de Arica\" \/>\n\t<meta name=\"twitter:label2\" content=\"Tiempo de lectura\" \/>\n\t<meta name=\"twitter:data2\" content=\"3 minutos\" \/>\n<script type=\"application\/ld+json\" class=\"yoast-schema-graph\">{\"@context\":\"https:\/\/schema.org\",\"@graph\":[{\"@type\":\"WebPage\",\"@id\":\"https:\/\/obispadoarica.cl\/home\/el-llamado-de-juan-pablo-i-a-chile-y-argentina-por-la-paz-el-entendimiento-y-la-fraternidad\/\",\"url\":\"https:\/\/obispadoarica.cl\/home\/el-llamado-de-juan-pablo-i-a-chile-y-argentina-por-la-paz-el-entendimiento-y-la-fraternidad\/\",\"name\":\"El llamado de Juan Pablo I a Chile y Argentina por la paz, el entendimiento y la fraternidad - Obispado San Marcos de Arica\",\"isPartOf\":{\"@id\":\"https:\/\/obispadoarica.cl\/home\/#website\"},\"primaryImageOfPage\":{\"@id\":\"https:\/\/obispadoarica.cl\/home\/el-llamado-de-juan-pablo-i-a-chile-y-argentina-por-la-paz-el-entendimiento-y-la-fraternidad\/#primaryimage\"},\"image\":{\"@id\":\"https:\/\/obispadoarica.cl\/home\/el-llamado-de-juan-pablo-i-a-chile-y-argentina-por-la-paz-el-entendimiento-y-la-fraternidad\/#primaryimage\"},\"thumbnailUrl\":\"https:\/\/obispadoarica.cl\/home\/wp-content\/uploads\/2022\/09\/cq5dam.thumbnail.cropped.1000.563-1.jpeg\",\"datePublished\":\"2022-09-10T18:48:15+00:00\",\"dateModified\":\"2025-03-09T00:53:58+00:00\",\"author\":{\"@id\":\"https:\/\/obispadoarica.cl\/home\/#\/schema\/person\/1a8f4c2a3418412187dff039ecf9d97e\"},\"breadcrumb\":{\"@id\":\"https:\/\/obispadoarica.cl\/home\/el-llamado-de-juan-pablo-i-a-chile-y-argentina-por-la-paz-el-entendimiento-y-la-fraternidad\/#breadcrumb\"},\"inLanguage\":\"es\",\"potentialAction\":[{\"@type\":\"ReadAction\",\"target\":[\"https:\/\/obispadoarica.cl\/home\/el-llamado-de-juan-pablo-i-a-chile-y-argentina-por-la-paz-el-entendimiento-y-la-fraternidad\/\"]}]},{\"@type\":\"ImageObject\",\"inLanguage\":\"es\",\"@id\":\"https:\/\/obispadoarica.cl\/home\/el-llamado-de-juan-pablo-i-a-chile-y-argentina-por-la-paz-el-entendimiento-y-la-fraternidad\/#primaryimage\",\"url\":\"https:\/\/obispadoarica.cl\/home\/wp-content\/uploads\/2022\/09\/cq5dam.thumbnail.cropped.1000.563-1.jpeg\",\"contentUrl\":\"https:\/\/obispadoarica.cl\/home\/wp-content\/uploads\/2022\/09\/cq5dam.thumbnail.cropped.1000.563-1.jpeg\",\"width\":1000,\"height\":563},{\"@type\":\"BreadcrumbList\",\"@id\":\"https:\/\/obispadoarica.cl\/home\/el-llamado-de-juan-pablo-i-a-chile-y-argentina-por-la-paz-el-entendimiento-y-la-fraternidad\/#breadcrumb\",\"itemListElement\":[{\"@type\":\"ListItem\",\"position\":1,\"name\":\"Portada\",\"item\":\"https:\/\/obispadoarica.cl\/home\/\"},{\"@type\":\"ListItem\",\"position\":2,\"name\":\"El llamado de Juan Pablo I a Chile y Argentina por la paz, el entendimiento y la fraternidad\"}]},{\"@type\":\"WebSite\",\"@id\":\"https:\/\/obispadoarica.cl\/home\/#website\",\"url\":\"https:\/\/obispadoarica.cl\/home\/\",\"name\":\"Obispado San Marcos de Arica\",\"description\":\"Di\u00f3cesis San Marcos de Arica\",\"potentialAction\":[{\"@type\":\"SearchAction\",\"target\":{\"@type\":\"EntryPoint\",\"urlTemplate\":\"https:\/\/obispadoarica.cl\/home\/?s={search_term_string}\"},\"query-input\":{\"@type\":\"PropertyValueSpecification\",\"valueRequired\":true,\"valueName\":\"search_term_string\"}}],\"inLanguage\":\"es\"},{\"@type\":\"Person\",\"@id\":\"https:\/\/obispadoarica.cl\/home\/#\/schema\/person\/1a8f4c2a3418412187dff039ecf9d97e\",\"name\":\"Obispado de Arica\",\"image\":{\"@type\":\"ImageObject\",\"inLanguage\":\"es\",\"@id\":\"https:\/\/obispadoarica.cl\/home\/#\/schema\/person\/image\/\",\"url\":\"https:\/\/secure.gravatar.com\/avatar\/c75d5ceafb11502016ed664658884b0b1b183fa6f96260878f47ac58f950c8d9?s=96&d=mm&r=g\",\"contentUrl\":\"https:\/\/secure.gravatar.com\/avatar\/c75d5ceafb11502016ed664658884b0b1b183fa6f96260878f47ac58f950c8d9?s=96&d=mm&r=g\",\"caption\":\"Obispado de Arica\"},\"url\":\"https:\/\/obispadoarica.cl\/home\/author\/c1300590\/\"}]}<\/script>\n<!-- \/ Yoast SEO plugin. -->","yoast_head_json":{"title":"El llamado de Juan Pablo I a Chile y Argentina por la paz, el entendimiento y la fraternidad - Obispado San Marcos de Arica","robots":{"index":"index","follow":"follow","max-snippet":"max-snippet:-1","max-image-preview":"max-image-preview:large","max-video-preview":"max-video-preview:-1"},"canonical":"https:\/\/obispadoarica.cl\/home\/el-llamado-de-juan-pablo-i-a-chile-y-argentina-por-la-paz-el-entendimiento-y-la-fraternidad\/","og_locale":"es_ES","og_type":"article","og_title":"El llamado de Juan Pablo I a Chile y Argentina por la paz, el entendimiento y la fraternidad - Obispado San Marcos de Arica","og_description":"Este domingo 4 de septiembre, Juan Pablo I ha sido beatificado en la Plaza de San Pedro en ceremonia presidida por Francisco. En su pontificado que solo dur\u00f3 33 d\u00edas el papa tuvo entre una de sus principales preocupaciones el conflicto que se viv\u00eda entre Chile y Argentina. A continuaci\u00f3n, la carta que env\u00edo a [...]","og_url":"https:\/\/obispadoarica.cl\/home\/el-llamado-de-juan-pablo-i-a-chile-y-argentina-por-la-paz-el-entendimiento-y-la-fraternidad\/","og_site_name":"Obispado San Marcos de Arica","article_published_time":"2022-09-10T18:48:15+00:00","article_modified_time":"2025-03-09T00:53:58+00:00","og_image":[{"width":1000,"height":563,"url":"https:\/\/obispadoarica.cl\/home\/wp-content\/uploads\/2022\/09\/cq5dam.thumbnail.cropped.1000.563-1.jpeg","type":"image\/jpeg"}],"author":"Obispado de Arica","twitter_card":"summary_large_image","twitter_misc":{"Escrito por":"Obispado de Arica","Tiempo de lectura":"3 minutos"},"schema":{"@context":"https:\/\/schema.org","@graph":[{"@type":"WebPage","@id":"https:\/\/obispadoarica.cl\/home\/el-llamado-de-juan-pablo-i-a-chile-y-argentina-por-la-paz-el-entendimiento-y-la-fraternidad\/","url":"https:\/\/obispadoarica.cl\/home\/el-llamado-de-juan-pablo-i-a-chile-y-argentina-por-la-paz-el-entendimiento-y-la-fraternidad\/","name":"El llamado de Juan Pablo I a Chile y Argentina por la paz, el entendimiento y la fraternidad - Obispado San Marcos de Arica","isPartOf":{"@id":"https:\/\/obispadoarica.cl\/home\/#website"},"primaryImageOfPage":{"@id":"https:\/\/obispadoarica.cl\/home\/el-llamado-de-juan-pablo-i-a-chile-y-argentina-por-la-paz-el-entendimiento-y-la-fraternidad\/#primaryimage"},"image":{"@id":"https:\/\/obispadoarica.cl\/home\/el-llamado-de-juan-pablo-i-a-chile-y-argentina-por-la-paz-el-entendimiento-y-la-fraternidad\/#primaryimage"},"thumbnailUrl":"https:\/\/obispadoarica.cl\/home\/wp-content\/uploads\/2022\/09\/cq5dam.thumbnail.cropped.1000.563-1.jpeg","datePublished":"2022-09-10T18:48:15+00:00","dateModified":"2025-03-09T00:53:58+00:00","author":{"@id":"https:\/\/obispadoarica.cl\/home\/#\/schema\/person\/1a8f4c2a3418412187dff039ecf9d97e"},"breadcrumb":{"@id":"https:\/\/obispadoarica.cl\/home\/el-llamado-de-juan-pablo-i-a-chile-y-argentina-por-la-paz-el-entendimiento-y-la-fraternidad\/#breadcrumb"},"inLanguage":"es","potentialAction":[{"@type":"ReadAction","target":["https:\/\/obispadoarica.cl\/home\/el-llamado-de-juan-pablo-i-a-chile-y-argentina-por-la-paz-el-entendimiento-y-la-fraternidad\/"]}]},{"@type":"ImageObject","inLanguage":"es","@id":"https:\/\/obispadoarica.cl\/home\/el-llamado-de-juan-pablo-i-a-chile-y-argentina-por-la-paz-el-entendimiento-y-la-fraternidad\/#primaryimage","url":"https:\/\/obispadoarica.cl\/home\/wp-content\/uploads\/2022\/09\/cq5dam.thumbnail.cropped.1000.563-1.jpeg","contentUrl":"https:\/\/obispadoarica.cl\/home\/wp-content\/uploads\/2022\/09\/cq5dam.thumbnail.cropped.1000.563-1.jpeg","width":1000,"height":563},{"@type":"BreadcrumbList","@id":"https:\/\/obispadoarica.cl\/home\/el-llamado-de-juan-pablo-i-a-chile-y-argentina-por-la-paz-el-entendimiento-y-la-fraternidad\/#breadcrumb","itemListElement":[{"@type":"ListItem","position":1,"name":"Portada","item":"https:\/\/obispadoarica.cl\/home\/"},{"@type":"ListItem","position":2,"name":"El llamado de Juan Pablo I a Chile y Argentina por la paz, el entendimiento y la fraternidad"}]},{"@type":"WebSite","@id":"https:\/\/obispadoarica.cl\/home\/#website","url":"https:\/\/obispadoarica.cl\/home\/","name":"Obispado San Marcos de Arica","description":"Di\u00f3cesis San Marcos de Arica","potentialAction":[{"@type":"SearchAction","target":{"@type":"EntryPoint","urlTemplate":"https:\/\/obispadoarica.cl\/home\/?s={search_term_string}"},"query-input":{"@type":"PropertyValueSpecification","valueRequired":true,"valueName":"search_term_string"}}],"inLanguage":"es"},{"@type":"Person","@id":"https:\/\/obispadoarica.cl\/home\/#\/schema\/person\/1a8f4c2a3418412187dff039ecf9d97e","name":"Obispado de Arica","image":{"@type":"ImageObject","inLanguage":"es","@id":"https:\/\/obispadoarica.cl\/home\/#\/schema\/person\/image\/","url":"https:\/\/secure.gravatar.com\/avatar\/c75d5ceafb11502016ed664658884b0b1b183fa6f96260878f47ac58f950c8d9?s=96&d=mm&r=g","contentUrl":"https:\/\/secure.gravatar.com\/avatar\/c75d5ceafb11502016ed664658884b0b1b183fa6f96260878f47ac58f950c8d9?s=96&d=mm&r=g","caption":"Obispado de Arica"},"url":"https:\/\/obispadoarica.cl\/home\/author\/c1300590\/"}]}},"_links":{"self":[{"href":"https:\/\/obispadoarica.cl\/home\/wp-json\/wp\/v2\/posts\/991","targetHints":{"allow":["GET"]}}],"collection":[{"href":"https:\/\/obispadoarica.cl\/home\/wp-json\/wp\/v2\/posts"}],"about":[{"href":"https:\/\/obispadoarica.cl\/home\/wp-json\/wp\/v2\/types\/post"}],"author":[{"embeddable":true,"href":"https:\/\/obispadoarica.cl\/home\/wp-json\/wp\/v2\/users\/2"}],"replies":[{"embeddable":true,"href":"https:\/\/obispadoarica.cl\/home\/wp-json\/wp\/v2\/comments?post=991"}],"version-history":[{"count":1,"href":"https:\/\/obispadoarica.cl\/home\/wp-json\/wp\/v2\/posts\/991\/revisions"}],"predecessor-version":[{"id":993,"href":"https:\/\/obispadoarica.cl\/home\/wp-json\/wp\/v2\/posts\/991\/revisions\/993"}],"wp:featuredmedia":[{"embeddable":true,"href":"https:\/\/obispadoarica.cl\/home\/wp-json\/wp\/v2\/media\/992"}],"wp:attachment":[{"href":"https:\/\/obispadoarica.cl\/home\/wp-json\/wp\/v2\/media?parent=991"}],"wp:term":[{"taxonomy":"category","embeddable":true,"href":"https:\/\/obispadoarica.cl\/home\/wp-json\/wp\/v2\/categories?post=991"},{"taxonomy":"post_tag","embeddable":true,"href":"https:\/\/obispadoarica.cl\/home\/wp-json\/wp\/v2\/tags?post=991"}],"curies":[{"name":"wp","href":"https:\/\/api.w.org\/{rel}","templated":true}]}}